{"id":26626,"date":"2024-08-20T16:09:32","date_gmt":"2024-08-20T16:09:32","guid":{"rendered":"https:\/\/tvbrazilusa.com\/2024\/08\/20\/nova-cerca-e-instalada-do-lado-de-fora-do-dnc-um-dia-apos-manifestantes-pro-palestinos-romperem-a-barreira-externa-wsvn-7news-noticias-de-miami-clima-esportes-fort-lauderdale\/"},"modified":"2024-08-20T16:30:20","modified_gmt":"2024-08-20T16:30:20","slug":"nova-cerca-e-instalada-do-lado-de-fora-do-dnc-um-dia-apos-manifestantes-pro-palestinos-romperem-a-barreira-externa-wsvn-7news-noticias-de-miami-clima-esportes-fort-lauderdale","status":"publish","type":"post","link":"https:\/\/tvbrazilusa.com\/pt\/2024\/08\/20\/nova-cerca-e-instalada-do-lado-de-fora-do-dnc-um-dia-apos-manifestantes-pro-palestinos-romperem-a-barreira-externa-wsvn-7news-noticias-de-miami-clima-esportes-fort-lauderdale\/","title":{"rendered":"Nova cerca \u00e9 instalada do lado de fora do DNC um dia ap\u00f3s manifestantes pr\u00f3-palestinos romperem a barreira externa &#8211; WSVN 7News | Not\u00edcias de Miami, Clima, Esportes | Fort Lauderdale"},"content":{"rendered":"<p> <script async src=\"https:\/\/pagead2.googlesyndication.com\/pagead\/js\/adsbygoogle.js?client=ca-pub-8864793242727901\"\r\n     crossorigin=\"anonymous\"><\/script><br \/>\n<\/p>\n<div itemprop=\"articleBody\">\n<p>(CNN) \u2014 Equipes de Chicago instalaram uma linha adicional de cercas de seguran\u00e7a do lado de fora da Conven\u00e7\u00e3o Nacional Democrata na manh\u00e3 de ter\u00e7a-feira na \u00e1rea onde, um dia antes, manifestantes violaram uma cerca do per\u00edmetro externo.<\/p>\n<p>Cerca de uma d\u00fazia de trabalhadores instalaram uma terceira fileira de cercas que se estende para o leste na Washington Boulevard a partir da \u00e1rea que foi violada. A nova fileira de cercas est\u00e1 entre as duas fileiras que j\u00e1 estavam no lugar.<\/p>\n<p>A medida de seguran\u00e7a adicional ocorre um dia ap\u00f3s um grupo de manifestantes pr\u00f3-palestinos, protestando contra o apoio dos EUA a Israel em sua guerra contra o Hamas, se separar de uma marcha de protesto maior e violar uma cerca de seguran\u00e7a perto do United Center.<\/p>\n<p>Mais protestos s\u00e3o esperados durante os quatro dias da conven\u00e7\u00e3o.<\/p>\n<p>\u201cEles violaram a cerca. Eles entraram no per\u00edmetro externo. Eles estavam tentando entrar no per\u00edmetro interno, eles estavam sacudindo a cerca do outro lado\u201d, disse o superintendente de pol\u00edcia Larry Snelling aos rep\u00f3rteres na segunda-feira. \u201cOs policiais responderam rapidamente para garantir que isso n\u00e3o acontecesse.\u201d<\/p>\n<p>\u201cNosso trabalho aqui \u00e9 garantir que mantenhamos o DNC seguro, mantenhamos nossa cidade segura e mantenhamos nossa cidade segura\u201d, acrescentou Snelling. \u201cN\u00e3o temos ideia do que eles teriam feito se tivessem chegado ao outro lado. Mas, como eu disse antes, n\u00e3o vamos tolerar ningu\u00e9m que v\u00e1 vandalizar coisas em nossa cidade. N\u00e3o vamos tolerar ningu\u00e9m que (vai) cometer atos de viol\u00eancia.\u201d<\/p>\n<p>Snelling disse que n\u00e3o associou a viola\u00e7\u00e3o de seguran\u00e7a \u00e0 marcha como um todo. \u201cVoc\u00ea tinha pessoas que s\u00f3 queriam que suas vozes fossem ouvidas. Elas fizeram isso. Mas voc\u00ea tinha uma parte desse grupo que decidiu que ficaria atr\u00e1s e tentaria romper a cerca e chegar ao outro lado, e n\u00e3o podemos deixar isso acontecer\u201d, disse ele.<\/p>\n<p>O Centro de Informa\u00e7\u00f5es Conjuntas de Seguran\u00e7a P\u00fablica do DNC disse em um comunicado: \u201cEm nenhum momento o per\u00edmetro interno foi violado e n\u00e3o houve amea\u00e7a a nenhum protegido\u201d.<\/p>\n<p>\u201cO plano do Evento Nacional de Seguran\u00e7a Especial emprega uma abordagem multicamadas. Cada plano NSSE \u00e9 \u00fanico e inclui m\u00faltiplas camadas. Uma dessas redund\u00e2ncias inclui a cerca do per\u00edmetro externo, que foi erguida para impedir a entrada no per\u00edmetro interno\u201d, disse o centro.<\/p>\n<p>O governador democrata de Illinois, JB Pritzker, falando com a CNN no plen\u00e1rio da conven\u00e7\u00e3o, disse que as autoridades t\u00eam &#8220;um bom plano em andamento&#8221; e descreveu a viola\u00e7\u00e3o da cerca como breve.<\/p>\n<p>Pritzker disse que as autoridades respeitar\u00e3o o direito de protestar, mas n\u00e3o \u201ctolerar\u00e3o qualquer caos\u201d.<\/p>\n<p>\u201cFrancamente, \u00e9 assim que vai ser\u201d, disse Pritzker.<\/p>\n<p><em>The-CNN-Wire\u2122 &#038; \u00a9 2024 Cable News Network, Inc., uma empresa Time Warner. Todos os direitos reservados.<\/em><\/p>\n<div class=\"wp-block-newsletter\">\n\t<strong class=\"wp-block-newsletter__title\">Inscreva-se em nossa Newsletter para receber as \u00faltimas not\u00edcias diretamente na sua caixa de entrada<\/strong><\/p>\n<\/div><\/div>\n<p><br \/>\n<br \/><a href=\"https:\/\/wsvn.com\/news\/politics\/new-fencing-goes-up-outside-dnc-a-day-after-pro-palestinian-protesters-breach-outer-barrier\/\">Source link <\/a><\/p>","protected":false},"excerpt":{"rendered":"<p>(CNN) \u2014 Equipes de Chicago instalaram uma linha adicional de cercas de seguran\u00e7a do lado de fora da Conven\u00e7\u00e3o Nacional Democrata na manh\u00e3 de ter\u00e7a-feira na \u00e1rea onde, um dia&hellip;<\/p>","protected":false},"author":1,"featured_media":26627,"comment_status":"closed","ping_status":"open","sticky":false,"template":"","format":"standard","meta":{"content-type":"","footnotes":""},"categories":[1],"tags":[],"class_list":["post-26626","post","type-post","status-publish","format-standard","has-post-thumbnail","hentry","category-uncategorized"],"_links":{"self":[{"href":"https:\/\/tvbrazilusa.com\/pt\/wp-json\/wp\/v2\/posts\/26626","targetHints":{"allow":["GET"]}}],"collection":[{"href":"https:\/\/tvbrazilusa.com\/pt\/wp-json\/wp\/v2\/posts"}],"about":[{"href":"https:\/\/tvbrazilusa.com\/pt\/wp-json\/wp\/v2\/types\/post"}],"author":[{"embeddable":true,"href":"https:\/\/tvbrazilusa.com\/pt\/wp-json\/wp\/v2\/users\/1"}],"replies":[{"embeddable":true,"href":"https:\/\/tvbrazilusa.com\/pt\/wp-json\/wp\/v2\/comments?post=26626"}],"version-history":[{"count":1,"href":"https:\/\/tvbrazilusa.com\/pt\/wp-json\/wp\/v2\/posts\/26626\/revisions"}],"predecessor-version":[{"id":26628,"href":"https:\/\/tvbrazilusa.com\/pt\/wp-json\/wp\/v2\/posts\/26626\/revisions\/26628"}],"wp:featuredmedia":[{"embeddable":true,"href":"https:\/\/tvbrazilusa.com\/pt\/wp-json\/wp\/v2\/media\/26627"}],"wp:attachment":[{"href":"https:\/\/tvbrazilusa.com\/pt\/wp-json\/wp\/v2\/media?parent=26626"}],"wp:term":[{"taxonomy":"category","embeddable":true,"href":"https:\/\/tvbrazilusa.com\/pt\/wp-json\/wp\/v2\/categories?post=26626"},{"taxonomy":"post_tag","embeddable":true,"href":"https:\/\/tvbrazilusa.com\/pt\/wp-json\/wp\/v2\/tags?post=26626"}],"curies":[{"name":"wp","href":"https:\/\/api.w.org\/{rel}","templated":true}]}}