{"id":26644,"date":"2024-08-20T17:32:50","date_gmt":"2024-08-20T17:32:50","guid":{"rendered":"https:\/\/tvbrazilusa.com\/2024\/08\/20\/chefe-de-salao-de-nj-acusado-de-agredir-sexualmente-adolescente-e-condenado-a-3-anos-apos-se-declarar-culpado-de-acusacao-menor\/"},"modified":"2024-08-20T17:43:20","modified_gmt":"2024-08-20T17:43:20","slug":"chefe-de-salao-de-nj-acusado-de-agredir-sexualmente-adolescente-e-condenado-a-3-anos-apos-se-declarar-culpado-de-acusacao-menor","status":"publish","type":"post","link":"https:\/\/tvbrazilusa.com\/pt\/2024\/08\/20\/chefe-de-salao-de-nj-acusado-de-agredir-sexualmente-adolescente-e-condenado-a-3-anos-apos-se-declarar-culpado-de-acusacao-menor\/","title":{"rendered":"Chefe de sal\u00e3o de NJ acusado de agredir sexualmente adolescente \u00e9 condenado a 3 anos ap\u00f3s se declarar culpado de acusa\u00e7\u00e3o menor"},"content":{"rendered":"<script async src=\"https:\/\/pagead2.googlesyndication.com\/pagead\/js\/adsbygoogle.js?client=ca-pub-8864793242727901\"\r\n     crossorigin=\"anonymous\"><\/script>\n<div>\n<p class=\"article__paragraph article__paragraph--left\" id=\"5YQHKW2F7FA6JE3TEDL6SGXHNI\">O supervisor de um sal\u00e3o no Condado de Morris que tinha sido <a href=\"https:\/\/www.nj.com\/morris\/2022\/12\/nj-man-42-charged-with-sexually-assaulting-teenager-in-salon.html\" target=\"_blank\" rel=\"noopener\">acusado de agredir sexualmente uma trabalhadora adolescente <\/a>foi condenado na sexta-feira a tr\u00eas anos de pris\u00e3o ap\u00f3s se declarar culpado de uma acusa\u00e7\u00e3o menor.<\/p>\n<p class=\"article__paragraph article__paragraph--left\" id=\"VFIM52DX2FEMHAAI4AGLCWXOGA\">Joseph Guzman, 44, supervisor do Joseph Vincent&#8217;s Salon em Mount Olive, se declarou culpado em 27 de outubro de 2023, em um tribunal estadual, de uma acusa\u00e7\u00e3o de colocar em risco de terceiro grau o bem-estar de uma crian\u00e7a.<\/p>\n<p class=\"article__paragraph article__paragraph--left\" id=\"TUNTDNJRHFHOVDTPBQDZNUHHSY\">Al\u00e9m da pris\u00e3o, Guzman ser\u00e1 obrigado a se registrar como criminoso sexual, proibido de ter contato com a v\u00edtima ou sua fam\u00edlia e ficar\u00e1 em liberdade condicional pelo resto da vida, de acordo com o promotor do Condado de Morris, Robert J. Carroll.<\/p>\n<\/div>\n<p><br \/>\n<br \/><a href=\"https:\/\/www.nj.com\/morris\/2024\/08\/nj-salon-boss-accused-of-sexually-assaulting-teen-sentenced-to-3-years-after-pleading-to-lesser-charge.html\">Source link <\/a><\/p>","protected":false},"excerpt":{"rendered":"<p>O supervisor de um sal\u00e3o no Condado de Morris que tinha sido acusado de agredir sexualmente uma trabalhadora adolescente foi condenado na sexta-feira a tr\u00eas anos de pris\u00e3o ap\u00f3s se&hellip;<\/p>","protected":false},"author":1,"featured_media":26645,"comment_status":"closed","ping_status":"open","sticky":false,"template":"","format":"standard","meta":{"content-type":"","footnotes":""},"categories":[1],"tags":[5476,1319,9184,5583,12749,13441,5922,4338,2575,5656,3647,13447,2170,13426,2402,13439,2097,6002,10802,10954,11818,6555,3153,7668,13449,13448,13446,13445,13444,13443,13442,13440,13438,13437,13436,13435,13434,13433,13432,13431,13430,13429,13428,13427,1294,4321,1338,2184,1325,1317,1310,1301,1288,1290],"class_list":["post-26644","post","type-post","status-publish","format-standard","has-post-thumbnail","hentry","category-uncategorized","tag-palavra-chaveadicao","tag-palavra-chaveadvogado","tag-palavra-chaveassalto","tag-palavra-chavebem-estar","tag-palavra-chavecarga","tag-palavra-chavecarroll","tag-palavra-chavechamada","tag-palavra-chavecontagem","tag-palavra-chavecontato","tag-palavra-chavecrianca","tag-palavra-chavedeclaracao","tag-palavra-chaveempregador","tag-palavra-chavefamilia","tag-palavra-chaveguzman","tag-palavra-chaveinvestigacao","tag-palavra-chavejoseph","tag-palavra-chavenjcom","tag-palavra-chaveprisao","tag-palavra-chavepromotor","tag-palavra-chavesalao","tag-palavra-chavesupervisor","tag-palavra-chavetrabalhador","tag-palavra-chavevida","tag-palavra-chavevitima","tag-13449","tag-13448","tag-13446","tag-13445","tag-13444","tag-13443","tag-13442","tag-13440","tag-13438","tag-13437","tag-13436","tag-13435","tag-13434","tag-13433","tag-13432","tag-13431","tag-13430","tag-13429","tag-13428","tag-13427","tag-etiquetasubstantivo","tag-frequencia13","tag-frequencia2","tag-frequencia3","tag-frequencia4","tag-frequencia5","tag-frequencia6","tag-frequencia8","tag-pontuacao0","tag-tagnome_proprio"],"_links":{"self":[{"href":"https:\/\/tvbrazilusa.com\/pt\/wp-json\/wp\/v2\/posts\/26644","targetHints":{"allow":["GET"]}}],"collection":[{"href":"https:\/\/tvbrazilusa.com\/pt\/wp-json\/wp\/v2\/posts"}],"about":[{"href":"https:\/\/tvbrazilusa.com\/pt\/wp-json\/wp\/v2\/types\/post"}],"author":[{"embeddable":true,"href":"https:\/\/tvbrazilusa.com\/pt\/wp-json\/wp\/v2\/users\/1"}],"replies":[{"embeddable":true,"href":"https:\/\/tvbrazilusa.com\/pt\/wp-json\/wp\/v2\/comments?post=26644"}],"version-history":[{"count":1,"href":"https:\/\/tvbrazilusa.com\/pt\/wp-json\/wp\/v2\/posts\/26644\/revisions"}],"predecessor-version":[{"id":26646,"href":"https:\/\/tvbrazilusa.com\/pt\/wp-json\/wp\/v2\/posts\/26644\/revisions\/26646"}],"wp:featuredmedia":[{"embeddable":true,"href":"https:\/\/tvbrazilusa.com\/pt\/wp-json\/wp\/v2\/media\/26645"}],"wp:attachment":[{"href":"https:\/\/tvbrazilusa.com\/pt\/wp-json\/wp\/v2\/media?parent=26644"}],"wp:term":[{"taxonomy":"category","embeddable":true,"href":"https:\/\/tvbrazilusa.com\/pt\/wp-json\/wp\/v2\/categories?post=26644"},{"taxonomy":"post_tag","embeddable":true,"href":"https:\/\/tvbrazilusa.com\/pt\/wp-json\/wp\/v2\/tags?post=26644"}],"curies":[{"name":"wp","href":"https:\/\/api.w.org\/{rel}","templated":true}]}}