{"id":26690,"date":"2024-08-20T20:23:53","date_gmt":"2024-08-20T20:23:53","guid":{"rendered":"https:\/\/tvbrazilusa.com\/2024\/08\/20\/bill-belichick-explica-qual-caracteristica-fez-tom-brady-se-destacar-como-um-novato\/"},"modified":"2024-08-20T20:30:28","modified_gmt":"2024-08-20T20:30:28","slug":"bill-belichick-explica-qual-caracteristica-fez-tom-brady-se-destacar-como-um-novato","status":"publish","type":"post","link":"https:\/\/tvbrazilusa.com\/pt\/2024\/08\/20\/bill-belichick-explica-qual-caracteristica-fez-tom-brady-se-destacar-como-um-novato\/","title":{"rendered":"Bill Belichick explica qual caracter\u00edstica fez Tom Brady se destacar como um novato"},"content":{"rendered":"<p> <script async src=\"https:\/\/pagead2.googlesyndication.com\/pagead\/js\/adsbygoogle.js?client=ca-pub-8864793242727901\"\r\n     crossorigin=\"anonymous\"><\/script><br \/>\n<\/p>\n<div id=\"\">\n<header class=\"m-article-header m-article-header--standard\">\n\t\t\t\t\t\t\t\t\t\t\t\t<span id=\"article-header-primary-term\"><br \/>\n\t\t\t\t\t\t\t\t<a class=\"a-term a-term--primary\" href=\"https:\/\/www.boston.com\/tag\/new-england-patriots\/\"><\/p>\n<p>\t\t\t\t\t\t\t\tPatriotas\t\t\t\t\t\t\t\t<\/a><br \/>\n\t\t\t\t\t\t\t<\/span><\/p>\n<h2 class=\"m-article-header__sub-headline\">&#8220;Ele levava os caras para um treino extra depois do treino e fazia as jogadas e esse tipo de coisa.&#8221;<\/h2>\n<figure class=\"a-photo m-article-header__photo\"><figcaption class=\"a-photo__caption\">\n<p>\tBill Belichick viu muito potencial em Tom Brady muito antes de ele se estabelecer como um astro. <em> Jim Davis \/ The Boston Globe<\/em>\t<\/figcaption><\/figure>\n<\/header>\n<p>Poucos esperavam que Tom Brady chegasse perto do heptacampe\u00e3o do Super Bowl e lenda do futebol americano que ele acabou se tornando \u2014 at\u00e9 mesmo seu antigo treinador, Bill Belichick.<\/p>\n<p>Como uma sele\u00e7\u00e3o de sexta rodada no Draft da NFL de 2000, as expectativas n\u00e3o eram exatamente altas para Brady depois de se juntar \u00e0 New England. O jovem QB foi colocado bem atr\u00e1s do signal-caller titular Drew Bledsoe no gr\u00e1fico de profundidade do time.<\/p>\n<p>Com Bledsoe no centro \u2014 e empurrado para baixo no elenco devido \u00e0 presen\u00e7a de outros QBs como John Friesz e Michael Bishop \u2014 Brady mal jogou como novato em 2000, fazendo apenas uma apari\u00e7\u00e3o e completando apenas um de tr\u00eas passes.<\/p>\n<p>Claro, na temporada seguinte Brady assumiu o papel de QB titular em Foxborough <a href=\"https:\/\/www.nfl.com\/100\/originals\/100-greatest\/game-changers-82\">ap\u00f3s a les\u00e3o grave sofrida por Bledsoe na Semana 2 contra os Jets. <\/a><\/p>\n<p>Mas mesmo antes de Brady superar todas as expectativas em 2001, a caminho de liderar a Nova Inglaterra ao seu primeiro t\u00edtulo do Super Bowl, Belichick reconheceu que Brady rapidamente se destacou do grupo como um novato \u2014 mesmo que essa promessa n\u00e3o tenha levado a snaps em situa\u00e7\u00f5es de jogo. <\/p>\n<p>\u201cTom era um dos nossos trabalhadores mais esfor\u00e7ados como novato e ele nem sequer jogava\u201d, disse Belichick durante sua \u00faltima apari\u00e7\u00e3o no \u201cThe Pat McAfee Show\u201d da ESPN na segunda-feira. \u201cT\u00ednhamos muitos novatos no elenco. N\u00e3o t\u00ednhamos espa\u00e7o para teto salarial. O time estava cheio de novatos. Ele tirava esses caras para mais depois do treino e fazia as jogadas e esse tipo de coisa.\u201d<\/p>\n<figure class=\"wp-block-embed is-type-rich is-provider-twitter wp-block-embed-twitter\">\n<div class=\"wp-block-embed__wrapper\">\n<blockquote class=\"twitter-tweet\" data-width=\"500\" data-dnt=\"true\">\n<p lang=\"en\" dir=\"ltr\">&#8220;Tom Brady foi um dos nossos jogadores mais esfor\u00e7ados quando era novato e ele nem sequer jogou.<\/p>\n<p>Ele melhorou a cada dia durante 20 anos, mas acho que a maior melhora veio nos primeiros 4 anos&#8221; <\/p>\n<p>Bill Belichick <a href=\"https:\/\/twitter.com\/hashtag\/PMSLive?src=hash&#038;ref_src=twsrc%5Etfw\">#PMSLive<\/a> <a href=\"https:\/\/t.co\/T9lswAzwVl\">foto.twitter.com\/T9lswAzwVl<\/a><\/p>\n<p>\u2014 Pat McAfee (@PatMcAfeeShow) <a href=\"https:\/\/twitter.com\/PatMcAfeeShow\/status\/1825572604670832705?ref_src=twsrc%5Etfw\">19 de agosto de 2024<\/a><\/p><\/blockquote>\n<\/div>\n<\/figure>\n<p>Embora a ascens\u00e3o de Brady como quarterback titular do New England tamb\u00e9m tenha sido um subproduto do sucesso de Mo Lewis contra Bledsoe, Belichick enfatizou que o trabalho de Brady nos bastidores o colocou em posi\u00e7\u00e3o de ter sucesso quando seu n\u00famero foi chamado no in\u00edcio da temporada de 2001. <\/p>\n<p>\u201cEle realmente melhorou muito em 2000 e 2001 quando derrotou (Damon) Huard na vaga de reserva\u201d, disse Belichick. \u201cEnt\u00e3o, de 2001 a 2002, mesmo quando o time n\u00e3o era t\u00e3o bom, eu achava que Tom deu passos largos como quarterback em 2003, 2004. Ele melhorou a cada dia por 20 anos, mas acho que a maior melhora veio nos primeiros quatro anos. Ele continuou a trabalhar.\u201d<\/p>\n<p>Embora as expectativas possam ser um pouco maiores para Drake Maye em sua temporada de estreia em compara\u00e7\u00e3o com Brady, a lenda dos Patriots observou no in\u00edcio desta semana <a href=\"https:\/\/www.boston.com\/sports\/new-england-patriots\/2024\/08\/20\/tom-brady-nfl-rookie-quarterbacks-fanatics-fox\/\" target=\"_blank\" rel=\"noreferrer noopener\">que os novatos n\u00e3o devem necessariamente ser apressados \u200b\u200bpara jogar no n\u00edvel da NFL.<\/a><\/p>\n<p>&#8220;Acho que \u00e9 uma trag\u00e9dia que estejamos for\u00e7ando esses novatos a jogar cedo, mas a realidade \u00e9 que a \u00fanica raz\u00e3o pela qual fazemos isso \u00e9 porque simplificamos o jogo, o que permitiu que eles jogassem&#8221;, disse Brady durante uma discuss\u00e3o com Stephen A. Smith, da ESPN, no Fanatics Fest, na cidade de Nova York. <\/p>\n<p>\u201cCostumava ser pensado em um n\u00edvel mais alto. Costum\u00e1vamos passar horas e horas na offseason, no training camp, tentando ser um pouco melhores no ano seguinte. Mas acho que o que acontece \u00e9 que isso desencoraja os treinadores de irem para n\u00edveis profundos, porque eles percebem que os jogadores n\u00e3o t\u00eam a oportunidade de ir para um n\u00edvel profundo. Ent\u00e3o, eles v\u00e3o apenas ensin\u00e1-los onde eles est\u00e3o.\u201d<\/p>\n<div class=\"m-block m-generic-cta\t m-generic-cta--post-content\t m-generic-cta--dark\t m-generic-cta--homepage\t m-generic-cta--email-signup\t\t m-generic-cta-block-style--default \tt-amp__generic-cta\"><\/p>\n<div class=\"m-generic-cta__wrap\">\n<div class=\"m-generic-cta__content\">\n<h3 class=\"m-generic-cta__title\">Boston.com Hoje<\/h3>\n<p class=\"m-generic-cta__subtitle\">Inscreva-se para receber as \u00faltimas manchetes na sua caixa de entrada todas as manh\u00e3s.<\/p>\n<\/p><\/div>\n<\/p><\/div>\n<\/div><\/div>\n<p><script async src=\"\/\/platform.twitter.com\/widgets.js\" charset=\"utf-8\"><\/script><script>\n\t\tvar consent=\"grant\";\n\t\t\/* The above code is parsing the JSON data from the local storage and storing it in a variable. *\/\n\t\t\t\t\tconst onetrustStorageConsent = JSON.parse(localStorage.getItem( 'consent_one_trust_bdc' ) );\n\t\t\tif ( ( onetrustStorageConsent !== null ) ) {\n\t\t\t\t\/* Checking to see if the user has consented to the use of cookies.\n\t\t\t\t* If they have not, it is deleting the cookie.\n\t\t\t\t* This will comment for now, until further notice.\n\t\t\t\t*\/\n\t\t\t\t\/\/if ( onetrustStorageConsent.C0002 === false ) {\n\t\t\t\t\/\/\tdocument.cookie=\"_fbp=;expires=Thu, 01 Jan 2010 00:00:00 UTC; path=\/; domain=.boston.com\";\n\t\t\t\t\/\/}\n\t\t\t\t\/* Checking if the user has given consent for the cookie C0002.\n\t\t\t\t* If the user has given consent, the variable consent will be set to 'grant'.\n\t\t\t\t* If the user has not given consent,the variable consent will be set to 'revoke'.\n\t\t\t\t* Documentation https:\/\/developers.facebook.com\/docs\/meta-pixel\/implementation\/gdpr\n\t\t\t\t*\/\n\t\t\t\tif ( onetrustStorageConsent.C0002 !== true ) {\n\t\t\t\t\tconsent=\"revoke\";\n\t\t\t\t}\n\t\t\t}\n\t\t\t\t!function(f,b,e,v,n,t,s)\n\t\t{if(f.fbq)return;n=f.fbq=function(){n.callMethod?\n\t\tn.callMethod.apply(n,arguments):n.queue.push(arguments)};\n\t\tif(!f._fbq)f._fbq=n;n.push=n;n.loaded=!0;n.version='2.0';\n\t\tn.queue=[];t=b.createElement(e);t.async=!0;\n\t\tt.src=v;s=b.getElementsByTagName(e)[0];\n\t\ts.parentNode.insertBefore(t,s)}(window, document,'script',\n\t\t'https:\/\/connect.facebook.net\/en_US\/fbevents.js');\n\t\tfbq('consent', consent);\n\t\tfbq('init', '989222871864976');\n\t\tfbq('track', 'PageView');\n\t<\/script><script type=\"module\">\n\t\tvar consent=\"grant\";\n\t\t\/* The above code is parsing the JSON data from the local storage and storing it in a variable. *\/\n\t\t\tconst onetrustStorageConsent = JSON.parse(localStorage.getItem( 'consent_one_trust_bdc' ) );\n\t\t\t\/* Checking to see if the user has consented to the use of cookies.\n\t\t\t* If they have not, it is deleting the cookie.\n\t\t\t* This will comment for now, until further notice.\n\t\t\t*\/\n\t\t\t\/\/if ( onetrustStorageConsent.C0002 === false ) {\n\t\t\t\/\/\tdocument.cookie=\"_fbp=;expires=Thu, 01 Jan 2010 00:00:00 UTC; path=\/; domain=.boston.com\";\n\t\t\t\/\/}\n\t\t\t\/* Checking if the user has given consent for the cookie C0002.\n\t\t\t* If the user has given consent, the variable consent will be set to 'grant'.\n\t\t\t* If the user has not given consent,the variable consent will be set to 'revoke'.\n\t\t\t* Documentation https:\/\/developers.facebook.com\/docs\/meta-pixel\/implementation\/gdpr\n\t\t\t*\/\n\t\t\tif ( ( onetrustStorageConsent !== null ) && (onetrustStorageConsent.C0002 !== true ) ) {\n\t\t\t\tconsent=\"revoke\";\n\t\t\t}\n\t\t\t\t!function(f,b,e,v,n,t,s){if(f.fbq)return;n=f.fbq=function()\n\t\t{n.callMethod? n.callMethod.apply(n,arguments):n.queue.push(arguments)}\n\t\t;if(!f._fbq)f._fbq=n;\n\t\tn.push=n;n.loaded=!0;n.version='2.0';n.queue=[];t=b.createElement(e);t.async=!0;\n\t\tt.src=v;s=b.getElementsByTagName(e)[0];s.parentNode.insertBefore(t,s)}(window,\n\t\tdocument,'script','https:\/\/connect.facebook.net\/en_US\/fbevents.js');\n\t\tfbq('consent', consent);\n\t\tfbq('init', '813236348753005');\n\t\tfbq('track', \"PageView\");\n\t<\/script><br \/>\n<br \/><br \/>\n<br \/><a href=\"https:\/\/www.boston.com\/sports\/new-england-patriots\/2024\/08\/20\/bill-belichick-explains-what-trait-made-tom-brady-stand-out-as-a-rookie\/\">Source link <\/a><\/p>","protected":false},"excerpt":{"rendered":"<p>Patriotas &#8220;Ele levava os caras para um treino extra depois do treino e fazia as jogadas e esse tipo de coisa.&#8221; Bill Belichick viu muito potencial em Tom Brady muito&hellip;<\/p>","protected":false},"author":1,"featured_media":26691,"comment_status":"closed","ping_status":"open","sticky":false,"template":"","format":"standard","meta":{"content-type":"","footnotes":""},"categories":[1],"tags":[],"class_list":["post-26690","post","type-post","status-publish","format-standard","has-post-thumbnail","hentry","category-uncategorized"],"_links":{"self":[{"href":"https:\/\/tvbrazilusa.com\/pt\/wp-json\/wp\/v2\/posts\/26690","targetHints":{"allow":["GET"]}}],"collection":[{"href":"https:\/\/tvbrazilusa.com\/pt\/wp-json\/wp\/v2\/posts"}],"about":[{"href":"https:\/\/tvbrazilusa.com\/pt\/wp-json\/wp\/v2\/types\/post"}],"author":[{"embeddable":true,"href":"https:\/\/tvbrazilusa.com\/pt\/wp-json\/wp\/v2\/users\/1"}],"replies":[{"embeddable":true,"href":"https:\/\/tvbrazilusa.com\/pt\/wp-json\/wp\/v2\/comments?post=26690"}],"version-history":[{"count":1,"href":"https:\/\/tvbrazilusa.com\/pt\/wp-json\/wp\/v2\/posts\/26690\/revisions"}],"predecessor-version":[{"id":26692,"href":"https:\/\/tvbrazilusa.com\/pt\/wp-json\/wp\/v2\/posts\/26690\/revisions\/26692"}],"wp:featuredmedia":[{"embeddable":true,"href":"https:\/\/tvbrazilusa.com\/pt\/wp-json\/wp\/v2\/media\/26691"}],"wp:attachment":[{"href":"https:\/\/tvbrazilusa.com\/pt\/wp-json\/wp\/v2\/media?parent=26690"}],"wp:term":[{"taxonomy":"category","embeddable":true,"href":"https:\/\/tvbrazilusa.com\/pt\/wp-json\/wp\/v2\/categories?post=26690"},{"taxonomy":"post_tag","embeddable":true,"href":"https:\/\/tvbrazilusa.com\/pt\/wp-json\/wp\/v2\/tags?post=26690"}],"curies":[{"name":"wp","href":"https:\/\/api.w.org\/{rel}","templated":true}]}}