{"id":26696,"date":"2024-08-20T20:55:26","date_gmt":"2024-08-20T20:55:26","guid":{"rendered":"https:\/\/tvbrazilusa.com\/2024\/08\/20\/surpreso-e-decepcionado-diocese-de-providence-condena-universidade-catolica-por-sediar-arrecadacao-de-fundos-para-o-candidato-a-vice-presidente-tim-walz\/"},"modified":"2024-08-20T20:57:24","modified_gmt":"2024-08-20T20:57:24","slug":"surpreso-e-decepcionado-diocese-de-providence-condena-universidade-catolica-por-sediar-arrecadacao-de-fundos-para-o-candidato-a-vice-presidente-tim-walz","status":"publish","type":"post","link":"https:\/\/tvbrazilusa.com\/pt\/2024\/08\/20\/surpreso-e-decepcionado-diocese-de-providence-condena-universidade-catolica-por-sediar-arrecadacao-de-fundos-para-o-candidato-a-vice-presidente-tim-walz\/","title":{"rendered":"&#8216;Surpreso e decepcionado&#8217;: Diocese de Providence condena universidade cat\u00f3lica por sediar arrecada\u00e7\u00e3o de fundos para o candidato a vice-presidente Tim Walz"},"content":{"rendered":"<p> <script async src=\"https:\/\/pagead2.googlesyndication.com\/pagead\/js\/adsbygoogle.js?client=ca-pub-8864793242727901\"\r\n     crossorigin=\"anonymous\"><\/script><br \/>\n<\/p>\n<div id=\"\">\n<header class=\"m-article-header m-article-header--standard\">\n\t\t\t\t\t\t\t\t\t\t\t\t<span id=\"article-header-primary-term\"><br \/>\n\t\t\t\t\t\t\t\t<a class=\"a-term a-term--primary\" href=\"https:\/\/www.boston.com\/tag\/local-news\/\"><\/p>\n<p>\t\t\t\t\t\t\t\tNot\u00edcias locais\t\t\t\t\t\t\t\t<\/a><br \/>\n\t\t\t\t\t\t\t<\/span><\/p>\n<h2 class=\"m-article-header__sub-headline\">A diocese diz que recebeu mensagens de cat\u00f3licos de Rhode Island expressando desaprova\u00e7\u00e3o sobre o evento.<\/h2>\n<figure class=\"a-photo m-article-header__photo\"><figcaption class=\"a-photo__caption\">\n<p>\tA Universidade Salve Regina em Newport est\u00e1 enfrentando rea\u00e7\u00f5es negativas da Diocese de Providence por sediar o evento de arrecada\u00e7\u00e3o de fundos do candidato a vice-presidente Tim Walz na semana passada.<em> Brittany Greeson\/NYT<\/em>\t<\/figcaption><\/figure>\n<\/header>\n<p>Uma universidade cat\u00f3lica em Rhode Island est\u00e1 sendo investigada pela Diocese de Providence por sediar o evento de arrecada\u00e7\u00e3o de fundos do candidato a vice-presidente Tim Walz na semana passada.<\/p>\n<p>Walz falou por 17 minutos para 300 pessoas no Ochre Court da Salve Regina University na quinta-feira e arrecadou mais de US$ 600.000 no evento, <a href=\"https:\/\/www.bostonglobe.com\/2024\/08\/15\/metro\/tim-walz-kamala-harris-newport-rhode-island-fundraiser\/\">de acordo com <em>O Globo de Boston<\/em><\/a>. O evento de Newport ocorreu em seguida <a href=\"https:\/\/www.boston.com\/news\/local-news\/2024\/08\/14\/tim-walz-hosts-boston-fundraiser\/\">Angaria\u00e7\u00e3o de fundos de Walz em Boston<\/a> na quarta-feira no hotel Newbury Boston, em Back Bay.<\/p>\n<p>Mas a Diocese de Providence discordou do local da arrecada\u00e7\u00e3o de fundos, dizendo que a diocese &#8220;n\u00e3o permite que institui\u00e7\u00f5es cat\u00f3licas em Rhode Island apoiem candidatos a cargos p\u00fablicos, nem mesmo d\u00eaem a impress\u00e3o de tal apoio&#8221;.<\/p>\n<p>\u201cFicamos surpresos e decepcionados com a decis\u00e3o da Salve Regina University de alugar um espa\u00e7o para um evento pol\u00edtico partid\u00e1rio e arrecada\u00e7\u00e3o de fundos, e recebemos v\u00e1rias mensagens de cat\u00f3licos de Rhode Island expressando a mesma surpresa e decep\u00e7\u00e3o\u201d, disse Michael Kieloch, porta-voz da Diocese de Providence, em um comunicado.<\/p>\n<p>No in\u00edcio deste m\u00eas, o Bispo Richard Henning da Diocese de Providence foi anunciado como <a href=\"https:\/\/www.boston.com\/news\/local-news\/2024\/08\/05\/who-is-richard-henning-the-new-archbishop-in-boston\/\">substituir o cardeal Se\u00e1n P. O&#8217;Malley como arcebispo de Boston<\/a>.<\/p>\n<p>\u201cAdmito que n\u00e3o sei se j\u00e1 fui um ativista\u201d, <a href=\"https:\/\/www.twincities.com\/2024\/08\/17\/walz-fundraiser-violates-separation-of-church-and-state-says-incoming-archbishop-of-boston\/\">Henning disse em um evento para a imprensa no in\u00edcio deste m\u00eas<\/a>. \u201cN\u00e3o sou t\u00e3o empolgante. E minha posi\u00e7\u00e3o em Providence tem sido que sou um pastor e n\u00e3o um pol\u00edtico.\u201d<\/p>\n<p>Um porta-voz da Salve Regina University disse que o local foi escolhido pelo Comit\u00ea do Partido Democrata de Rhode Island \u201ccom base na disponibilidade para a data, hora selecionadas e capacidade prevista\u201d.<\/p>\n<p>\u201cComo uma institui\u00e7\u00e3o acad\u00eamica, a Universidade apoia totalmente a liberdade de express\u00e3o como uma pedra angular da democracia\u201d, disse o porta-voz. \u201cComo nossa miss\u00e3o nos convoca a fazer, apoiamos o di\u00e1logo produtivo e significativo entre nossas diferen\u00e7as enquanto trabalhamos em dire\u00e7\u00e3o a um mundo mais harmonioso, justo e misericordioso.\u201d<\/p>\n<p>Um porta-voz do Providence College, outra escola cat\u00f3lica no estado, disse ao Boston.com que \u00e9 improv\u00e1vel que a escola sedie tal evento e \u00e9 &#8220;muito restritiva em termos de uso externo de espa\u00e7os no campus para esses prop\u00f3sitos&#8221;.<\/p>\n<p>\u201cN\u00e3o prevemos que o Providence College permitiria uma arrecada\u00e7\u00e3o de fundos pol\u00edticos no campus\u201d, disse o porta-voz. \u201cGeralmente, exigimos alguma conex\u00e3o com a faculdade para promover nossa miss\u00e3o, e arrecada\u00e7\u00f5es de fundos pol\u00edticos n\u00e3o atendem a esses crit\u00e9rios.\u201d<\/p>\n<div class=\"m-block m-generic-cta\t m-generic-cta--post-content\t m-generic-cta--dark\t m-generic-cta--homepage\t m-generic-cta--email-signup\t\t m-generic-cta-block-style--default \tt-amp__generic-cta\"><\/p>\n<div class=\"m-generic-cta__wrap\">\n<div class=\"m-generic-cta__content\">\n<h3 class=\"m-generic-cta__title\">Boston.com Hoje<\/h3>\n<p class=\"m-generic-cta__subtitle\">Inscreva-se para receber as \u00faltimas manchetes na sua caixa de entrada todas as manh\u00e3s.<\/p>\n<\/p><\/div>\n<\/p><\/div>\n<\/div><\/div>\n<p><script>\n\t\tvar consent=\"grant\";\n\t\t\/* The above code is parsing the JSON data from the local storage and storing it in a variable. *\/\n\t\t\t\t\tconst onetrustStorageConsent = JSON.parse(localStorage.getItem( 'consent_one_trust_bdc' ) );\n\t\t\tif ( ( onetrustStorageConsent !== null ) ) {\n\t\t\t\t\/* Checking to see if the user has consented to the use of cookies.\n\t\t\t\t* If they have not, it is deleting the cookie.\n\t\t\t\t* This will comment for now, until further notice.\n\t\t\t\t*\/\n\t\t\t\t\/\/if ( onetrustStorageConsent.C0002 === false ) {\n\t\t\t\t\/\/\tdocument.cookie=\"_fbp=;expires=Thu, 01 Jan 2010 00:00:00 UTC; path=\/; domain=.boston.com\";\n\t\t\t\t\/\/}\n\t\t\t\t\/* Checking if the user has given consent for the cookie C0002.\n\t\t\t\t* If the user has given consent, the variable consent will be set to 'grant'.\n\t\t\t\t* If the user has not given consent,the variable consent will be set to 'revoke'.\n\t\t\t\t* Documentation https:\/\/developers.facebook.com\/docs\/meta-pixel\/implementation\/gdpr\n\t\t\t\t*\/\n\t\t\t\tif ( onetrustStorageConsent.C0002 !== true ) {\n\t\t\t\t\tconsent=\"revoke\";\n\t\t\t\t}\n\t\t\t}\n\t\t\t\t!function(f,b,e,v,n,t,s)\n\t\t{if(f.fbq)return;n=f.fbq=function(){n.callMethod?\n\t\tn.callMethod.apply(n,arguments):n.queue.push(arguments)};\n\t\tif(!f._fbq)f._fbq=n;n.push=n;n.loaded=!0;n.version='2.0';\n\t\tn.queue=[];t=b.createElement(e);t.async=!0;\n\t\tt.src=v;s=b.getElementsByTagName(e)[0];\n\t\ts.parentNode.insertBefore(t,s)}(window, document,'script',\n\t\t'https:\/\/connect.facebook.net\/en_US\/fbevents.js');\n\t\tfbq('consent', consent);\n\t\tfbq('init', '989222871864976');\n\t\tfbq('track', 'PageView');\n\t<\/script><script type=\"module\">\n\t\tvar consent=\"grant\";\n\t\t\/* The above code is parsing the JSON data from the local storage and storing it in a variable. *\/\n\t\t\tconst onetrustStorageConsent = JSON.parse(localStorage.getItem( 'consent_one_trust_bdc' ) );\n\t\t\t\/* Checking to see if the user has consented to the use of cookies.\n\t\t\t* If they have not, it is deleting the cookie.\n\t\t\t* This will comment for now, until further notice.\n\t\t\t*\/\n\t\t\t\/\/if ( onetrustStorageConsent.C0002 === false ) {\n\t\t\t\/\/\tdocument.cookie=\"_fbp=;expires=Thu, 01 Jan 2010 00:00:00 UTC; path=\/; domain=.boston.com\";\n\t\t\t\/\/}\n\t\t\t\/* Checking if the user has given consent for the cookie C0002.\n\t\t\t* If the user has given consent, the variable consent will be set to 'grant'.\n\t\t\t* If the user has not given consent,the variable consent will be set to 'revoke'.\n\t\t\t* Documentation https:\/\/developers.facebook.com\/docs\/meta-pixel\/implementation\/gdpr\n\t\t\t*\/\n\t\t\tif ( ( onetrustStorageConsent !== null ) && (onetrustStorageConsent.C0002 !== true ) ) {\n\t\t\t\tconsent=\"revoke\";\n\t\t\t}\n\t\t\t\t!function(f,b,e,v,n,t,s){if(f.fbq)return;n=f.fbq=function()\n\t\t{n.callMethod? n.callMethod.apply(n,arguments):n.queue.push(arguments)}\n\t\t;if(!f._fbq)f._fbq=n;\n\t\tn.push=n;n.loaded=!0;n.version='2.0';n.queue=[];t=b.createElement(e);t.async=!0;\n\t\tt.src=v;s=b.getElementsByTagName(e)[0];s.parentNode.insertBefore(t,s)}(window,\n\t\tdocument,'script','https:\/\/connect.facebook.net\/en_US\/fbevents.js');\n\t\tfbq('consent', consent);\n\t\tfbq('init', '813236348753005');\n\t\tfbq('track', \"PageView\");\n\t<\/script><br \/>\n<br \/><br \/>\n<br \/><a href=\"https:\/\/www.boston.com\/news\/local-news\/2024\/08\/20\/surprised-and-disappointed-diocese-of-providence-condemns-catholic-university-for-hosting-fundraiser-for-vp-candidate-tim-walz\/\">Source link <\/a><\/p>","protected":false},"excerpt":{"rendered":"<p>Not\u00edcias locais A diocese diz que recebeu mensagens de cat\u00f3licos de Rhode Island expressando desaprova\u00e7\u00e3o sobre o evento. A Universidade Salve Regina em Newport est\u00e1 enfrentando rea\u00e7\u00f5es negativas da Diocese&hellip;<\/p>","protected":false},"author":1,"featured_media":26697,"comment_status":"closed","ping_status":"open","sticky":false,"template":"","format":"standard","meta":{"content-type":"","footnotes":""},"categories":[1],"tags":[],"class_list":["post-26696","post","type-post","status-publish","format-standard","has-post-thumbnail","hentry","category-uncategorized"],"_links":{"self":[{"href":"https:\/\/tvbrazilusa.com\/pt\/wp-json\/wp\/v2\/posts\/26696","targetHints":{"allow":["GET"]}}],"collection":[{"href":"https:\/\/tvbrazilusa.com\/pt\/wp-json\/wp\/v2\/posts"}],"about":[{"href":"https:\/\/tvbrazilusa.com\/pt\/wp-json\/wp\/v2\/types\/post"}],"author":[{"embeddable":true,"href":"https:\/\/tvbrazilusa.com\/pt\/wp-json\/wp\/v2\/users\/1"}],"replies":[{"embeddable":true,"href":"https:\/\/tvbrazilusa.com\/pt\/wp-json\/wp\/v2\/comments?post=26696"}],"version-history":[{"count":1,"href":"https:\/\/tvbrazilusa.com\/pt\/wp-json\/wp\/v2\/posts\/26696\/revisions"}],"predecessor-version":[{"id":26698,"href":"https:\/\/tvbrazilusa.com\/pt\/wp-json\/wp\/v2\/posts\/26696\/revisions\/26698"}],"wp:featuredmedia":[{"embeddable":true,"href":"https:\/\/tvbrazilusa.com\/pt\/wp-json\/wp\/v2\/media\/26697"}],"wp:attachment":[{"href":"https:\/\/tvbrazilusa.com\/pt\/wp-json\/wp\/v2\/media?parent=26696"}],"wp:term":[{"taxonomy":"category","embeddable":true,"href":"https:\/\/tvbrazilusa.com\/pt\/wp-json\/wp\/v2\/categories?post=26696"},{"taxonomy":"post_tag","embeddable":true,"href":"https:\/\/tvbrazilusa.com\/pt\/wp-json\/wp\/v2\/tags?post=26696"}],"curies":[{"name":"wp","href":"https:\/\/api.w.org\/{rel}","templated":true}]}}