{"id":26708,"date":"2024-08-20T21:20:55","date_gmt":"2024-08-20T21:20:55","guid":{"rendered":"https:\/\/tvbrazilusa.com\/2024\/08\/20\/o-que-jaylen-brown-disse-sobre-os-planos-do-celtics-de-repetir-em-2024-25\/"},"modified":"2024-08-20T21:24:04","modified_gmt":"2024-08-20T21:24:04","slug":"o-que-jaylen-brown-disse-sobre-os-planos-do-celtics-de-repetir-em-2024-25","status":"publish","type":"post","link":"https:\/\/tvbrazilusa.com\/pt\/2024\/08\/20\/o-que-jaylen-brown-disse-sobre-os-planos-do-celtics-de-repetir-em-2024-25\/","title":{"rendered":"O que Jaylen Brown disse sobre os planos do Celtics de repetir em 2024-25"},"content":{"rendered":"<p> <script async src=\"https:\/\/pagead2.googlesyndication.com\/pagead\/js\/adsbygoogle.js?client=ca-pub-8864793242727901\"\r\n     crossorigin=\"anonymous\"><\/script><br \/>\n<\/p>\n<div id=\"\">\n<header class=\"m-article-header m-article-header--standard\">\n\t\t\t\t\t\t\t\t\t\t\t\t<span id=\"article-header-primary-term\"><br \/>\n\t\t\t\t\t\t\t\t<a class=\"a-term a-term--primary\" href=\"https:\/\/www.boston.com\/tag\/boston-celtics\/\"><\/p>\n<p>\t\t\t\t\t\t\t\tCeltas\t\t\t\t\t\t\t\t<\/a><br \/>\n\t\t\t\t\t\t\t<\/span><\/p>\n<h2 class=\"m-article-header__sub-headline\">&#8220;Todo mundo est\u00e1 tentando vir atr\u00e1s da gente, e eu fico tipo, &#8216;Vamos l\u00e1.'&#8221;<\/h2>\n<figure class=\"a-photo m-article-header__photo\"><figcaption class=\"a-photo__caption\">\n<p>\tJaylen Brown e os Celtics tentar\u00e3o defender seu t\u00edtulo em 2024-25. <em> Kayla Bartkowski para o Boston Globe<\/em>\t<\/figcaption><\/figure>\n<\/header>\n<p>Jaylen Brown e o Boston Celtics finalmente chegaram ao topo e conquistaram o t\u00e3o sonhado 18\u00ba campeonato do time em junho. <\/p>\n<p>Mas n\u00e3o espere que Brown e o resto do elenco de Boston se acomodem na temporada 2024-25.<\/p>\n<p>Apesar de perder apenas tr\u00eas jogos de playoffs como parte de uma sequ\u00eancia dominante de t\u00edtulos, Brown e os Celtics de 2024-25 planejam operar com mem\u00f3ria curta como parte de sua esperada defesa do campeonato. <\/p>\n<p>\u201cO ano passado acabou, para ser honesto,\u201d<a href=\"https:\/\/x.com\/NBCSCeltics\/status\/1825986107634340261\" target=\"_blank\" rel=\"noreferrer noopener\"> Brown disse \u00e0 NBC Sports Bay Area&#8217;s Monte Poole<\/a>. \u201cN\u00f3s comemoramos, nos divertimos muito, foi um ver\u00e3o incr\u00edvel \u2014 eu estava tendo um \u00f3timo ver\u00e3o, a prop\u00f3sito \u2014 mas acabou, e agora \u00e9 hora de voltar ao trabalho.\u201d<\/p>\n<p>Brown teve um ver\u00e3o agitado, mesmo depois de levar para casa o pr\u00eamio de MVP das Finais da NBA ap\u00f3s a vit\u00f3ria de Boston sobre o Dallas Mavericks. <\/p>\n<p>Desde que conquistou seu lugar como campe\u00e3o da NBA, o jogador de 27 anos<a href=\"https:\/\/www.boston.com\/sports\/boston-celtics\/2024\/07\/28\/jaylen-brown-grant-hill-usa-basketball-olympics-conspiracy\/\" target=\"_blank\" rel=\"noreferrer noopener\"> foi desprezado pela equipe dos EUA durante as Olimp\u00edadas de Ver\u00e3o de 2024<\/a> \u2014 com o antigo talento do segundo time da NBA tamb\u00e9m n\u00e3o ganhando uma vaga no elenco depois que Kawhi Leonard foi descartado devido a uma les\u00e3o. <\/p>\n<p>Brown estava de fora, observando enquanto os companheiros do Celtics Jayson Tatum, Jrue Holiday e Derrick White (que garantiu a vaga final do time dos EUA ap\u00f3s a les\u00e3o de Leonard) conquistaram o ouro em Paris. <\/p>\n<p>Mas Brown j\u00e1 come\u00e7ou a acelerar as coisas antes do in\u00edcio do treinamento em outubro, <a href=\"https:\/\/www.bostonglobe.com\/2024\/08\/20\/sports\/celtics-jaylen-brown-underwater-workout\/\" target=\"_blank\" rel=\"noreferrer noopener\">postando fotos dele levantando pesos debaixo d\u2019\u00e1gua <\/a>como parte de seu regime de treinamento. <\/p>\n<figure class=\"wp-block-embed is-type-rich is-provider-twitter wp-block-embed-twitter\"\/>\n<p>&#8220;Senhor\u2026 [Brown] est\u00e1 debaixo d&#8217;\u00e1gua com um haltere em uma m\u00e3o e uma bola de basquete na outra\u2026. [expletive] pode ter acabado para todos\u201d, grande jogador do Celtics, Kevin Garnett <a target=\"_blank\" href=\"https:\/\/x.com\/KevinGarnett5KG\/status\/1825244338118381842\" rel=\"noreferrer noopener\">postado no domingo \u00e0 tarde. <\/a><\/p>\n<p>Embora nenhum time da NBA tenha se repetido como campe\u00e3o da NBA desde o Golden State Warriors (2017-2018), as probabilidades est\u00e3o a favor de Boston em 2024-25, especialmente com o time trazendo de volta quase o mesmo elenco da temporada passada. <\/p>\n<p>Adicione a motiva\u00e7\u00e3o adicional forjada neste ver\u00e3o no que diz respeito \u00e0 omiss\u00e3o de Brown na equipe dos EUA e <a href=\"https:\/\/www.boston.com\/sports\/boston-celtics\/2024\/08\/11\/celtics-jayson-tatum-2028-olympics\/\" target=\"_blank\" rel=\"noreferrer noopener\">Repeti\u00e7\u00f5es limitadas de Tatum durante as Olimp\u00edadas<\/a>e os Celtics parecem estar prontos para o desafio que os aguarda na pr\u00f3xima temporada. <\/p>\n<figure class=\"wp-block-embed is-type-rich is-provider-twitter wp-block-embed-twitter\"\/>\n<p>\u201cAgora temos o alvo nas costas\u201d, Brown disse a Poole. \u201cTodo mundo est\u00e1 tentando vir atr\u00e1s de n\u00f3s, e eu estou tipo, &#8216;Vamos l\u00e1.&#8217; Ent\u00e3o, \u00e9 hora de voltar ao trabalho e estou ansioso pela pr\u00f3xima temporada.\u201d<\/p>\n<div class=\"m-block m-generic-cta\t m-generic-cta--post-content\t m-generic-cta--dark\t m-generic-cta--homepage\t m-generic-cta--email-signup\t\t m-generic-cta-block-style--default \tt-amp__generic-cta\"><\/p>\n<div class=\"m-generic-cta__wrap\">\n<div class=\"m-generic-cta__content\">\n<h3 class=\"m-generic-cta__title\">Boston.com Hoje<\/h3>\n<p class=\"m-generic-cta__subtitle\">Inscreva-se para receber as \u00faltimas manchetes na sua caixa de entrada todas as manh\u00e3s.<\/p>\n<\/p><\/div>\n<\/p><\/div>\n<\/div><\/div>\n<p><script>\n\t\tvar consent=\"grant\";\n\t\t\/* The above code is parsing the JSON data from the local storage and storing it in a variable. *\/\n\t\t\t\t\tconst onetrustStorageConsent = JSON.parse(localStorage.getItem( 'consent_one_trust_bdc' ) );\n\t\t\tif ( ( onetrustStorageConsent !== null ) ) {\n\t\t\t\t\/* Checking to see if the user has consented to the use of cookies.\n\t\t\t\t* If they have not, it is deleting the cookie.\n\t\t\t\t* This will comment for now, until further notice.\n\t\t\t\t*\/\n\t\t\t\t\/\/if ( onetrustStorageConsent.C0002 === false ) {\n\t\t\t\t\/\/\tdocument.cookie=\"_fbp=;expires=Thu, 01 Jan 2010 00:00:00 UTC; path=\/; domain=.boston.com\";\n\t\t\t\t\/\/}\n\t\t\t\t\/* Checking if the user has given consent for the cookie C0002.\n\t\t\t\t* If the user has given consent, the variable consent will be set to 'grant'.\n\t\t\t\t* If the user has not given consent,the variable consent will be set to 'revoke'.\n\t\t\t\t* Documentation https:\/\/developers.facebook.com\/docs\/meta-pixel\/implementation\/gdpr\n\t\t\t\t*\/\n\t\t\t\tif ( onetrustStorageConsent.C0002 !== true ) {\n\t\t\t\t\tconsent=\"revoke\";\n\t\t\t\t}\n\t\t\t}\n\t\t\t\t!function(f,b,e,v,n,t,s)\n\t\t{if(f.fbq)return;n=f.fbq=function(){n.callMethod?\n\t\tn.callMethod.apply(n,arguments):n.queue.push(arguments)};\n\t\tif(!f._fbq)f._fbq=n;n.push=n;n.loaded=!0;n.version='2.0';\n\t\tn.queue=[];t=b.createElement(e);t.async=!0;\n\t\tt.src=v;s=b.getElementsByTagName(e)[0];\n\t\ts.parentNode.insertBefore(t,s)}(window, document,'script',\n\t\t'https:\/\/connect.facebook.net\/en_US\/fbevents.js');\n\t\tfbq('consent', consent);\n\t\tfbq('init', '989222871864976');\n\t\tfbq('track', 'PageView');\n\t<\/script><script type=\"module\">\n\t\tvar consent=\"grant\";\n\t\t\/* The above code is parsing the JSON data from the local storage and storing it in a variable. *\/\n\t\t\tconst onetrustStorageConsent = JSON.parse(localStorage.getItem( 'consent_one_trust_bdc' ) );\n\t\t\t\/* Checking to see if the user has consented to the use of cookies.\n\t\t\t* If they have not, it is deleting the cookie.\n\t\t\t* This will comment for now, until further notice.\n\t\t\t*\/\n\t\t\t\/\/if ( onetrustStorageConsent.C0002 === false ) {\n\t\t\t\/\/\tdocument.cookie=\"_fbp=;expires=Thu, 01 Jan 2010 00:00:00 UTC; path=\/; domain=.boston.com\";\n\t\t\t\/\/}\n\t\t\t\/* Checking if the user has given consent for the cookie C0002.\n\t\t\t* If the user has given consent, the variable consent will be set to 'grant'.\n\t\t\t* If the user has not given consent,the variable consent will be set to 'revoke'.\n\t\t\t* Documentation https:\/\/developers.facebook.com\/docs\/meta-pixel\/implementation\/gdpr\n\t\t\t*\/\n\t\t\tif ( ( onetrustStorageConsent !== null ) && (onetrustStorageConsent.C0002 !== true ) ) {\n\t\t\t\tconsent=\"revoke\";\n\t\t\t}\n\t\t\t\t!function(f,b,e,v,n,t,s){if(f.fbq)return;n=f.fbq=function()\n\t\t{n.callMethod? n.callMethod.apply(n,arguments):n.queue.push(arguments)}\n\t\t;if(!f._fbq)f._fbq=n;\n\t\tn.push=n;n.loaded=!0;n.version='2.0';n.queue=[];t=b.createElement(e);t.async=!0;\n\t\tt.src=v;s=b.getElementsByTagName(e)[0];s.parentNode.insertBefore(t,s)}(window,\n\t\tdocument,'script','https:\/\/connect.facebook.net\/en_US\/fbevents.js');\n\t\tfbq('consent', consent);\n\t\tfbq('init', '813236348753005');\n\t\tfbq('track', \"PageView\");\n\t<\/script><br \/>\n<br \/><br \/>\n<br \/><a href=\"https:\/\/www.boston.com\/sports\/boston-celtics\/2024\/08\/20\/jaylen-brown-boston-celtics-nba-basketball-2024-25-repeat\/\">Source link <\/a><\/p>","protected":false},"excerpt":{"rendered":"<p>Celtas &#8220;Todo mundo est\u00e1 tentando vir atr\u00e1s da gente, e eu fico tipo, &#8216;Vamos l\u00e1.&#8217;&#8221; Jaylen Brown e os Celtics tentar\u00e3o defender seu t\u00edtulo em 2024-25. Kayla Bartkowski para o&hellip;<\/p>","protected":false},"author":1,"featured_media":26709,"comment_status":"closed","ping_status":"open","sticky":false,"template":"","format":"standard","meta":{"content-type":"","footnotes":""},"categories":[1],"tags":[],"class_list":["post-26708","post","type-post","status-publish","format-standard","has-post-thumbnail","hentry","category-uncategorized"],"_links":{"self":[{"href":"https:\/\/tvbrazilusa.com\/pt\/wp-json\/wp\/v2\/posts\/26708","targetHints":{"allow":["GET"]}}],"collection":[{"href":"https:\/\/tvbrazilusa.com\/pt\/wp-json\/wp\/v2\/posts"}],"about":[{"href":"https:\/\/tvbrazilusa.com\/pt\/wp-json\/wp\/v2\/types\/post"}],"author":[{"embeddable":true,"href":"https:\/\/tvbrazilusa.com\/pt\/wp-json\/wp\/v2\/users\/1"}],"replies":[{"embeddable":true,"href":"https:\/\/tvbrazilusa.com\/pt\/wp-json\/wp\/v2\/comments?post=26708"}],"version-history":[{"count":1,"href":"https:\/\/tvbrazilusa.com\/pt\/wp-json\/wp\/v2\/posts\/26708\/revisions"}],"predecessor-version":[{"id":26710,"href":"https:\/\/tvbrazilusa.com\/pt\/wp-json\/wp\/v2\/posts\/26708\/revisions\/26710"}],"wp:featuredmedia":[{"embeddable":true,"href":"https:\/\/tvbrazilusa.com\/pt\/wp-json\/wp\/v2\/media\/26709"}],"wp:attachment":[{"href":"https:\/\/tvbrazilusa.com\/pt\/wp-json\/wp\/v2\/media?parent=26708"}],"wp:term":[{"taxonomy":"category","embeddable":true,"href":"https:\/\/tvbrazilusa.com\/pt\/wp-json\/wp\/v2\/categories?post=26708"},{"taxonomy":"post_tag","embeddable":true,"href":"https:\/\/tvbrazilusa.com\/pt\/wp-json\/wp\/v2\/tags?post=26708"}],"curies":[{"name":"wp","href":"https:\/\/api.w.org\/{rel}","templated":true}]}}