{"id":26734,"date":"2024-08-20T22:22:23","date_gmt":"2024-08-20T22:22:23","guid":{"rendered":"https:\/\/tvbrazilusa.com\/2024\/08\/20\/como-uma-lei-que-protege-as-grandes-empresas-de-tecnologia-agora-esta-sendo-usada-contra-elas-por-um-professor-da-umass\/"},"modified":"2024-08-20T22:35:19","modified_gmt":"2024-08-20T22:35:19","slug":"como-uma-lei-que-protege-as-grandes-empresas-de-tecnologia-agora-esta-sendo-usada-contra-elas-por-um-professor-da-umass","status":"publish","type":"post","link":"https:\/\/tvbrazilusa.com\/pt\/2024\/08\/20\/como-uma-lei-que-protege-as-grandes-empresas-de-tecnologia-agora-esta-sendo-usada-contra-elas-por-um-professor-da-umass\/","title":{"rendered":"Como uma lei que protege as grandes empresas de tecnologia agora est\u00e1 sendo usada contra elas por um professor da UMass"},"content":{"rendered":"<p> <script async src=\"https:\/\/pagead2.googlesyndication.com\/pagead\/js\/adsbygoogle.js?client=ca-pub-8864793242727901\"\r\n     crossorigin=\"anonymous\"><\/script><br \/>\n<\/p>\n<div id=\"\">\n<header class=\"m-article-header m-article-header--standard\">\n\t\t\t\t\t\t\t\t\t\t\t\t<span id=\"article-header-primary-term\"><br \/>\n\t\t\t\t\t\t\t\t<a class=\"a-term a-term--primary\" href=\"https:\/\/www.boston.com\/tag\/business\/\"><\/p>\n<p>\t\t\t\t\t\t\t\tNeg\u00f3cios\t\t\t\t\t\t\t\t<\/a><br \/>\n\t\t\t\t\t\t\t<\/span><\/p>\n<h2 class=\"m-article-header__sub-headline\">Ethan Zuckerman entrou com uma a\u00e7\u00e3o judicial contra a Meta usando uma interpreta\u00e7\u00e3o inovadora da Se\u00e7\u00e3o 230, uma lei conhecida principalmente por proteger empresas de m\u00eddia social de responsabilidade.<\/h2>\n<figure class=\"a-photo m-article-header__photo\"><figcaption class=\"a-photo__caption\">\n<p>\tEthan Zuckerman, professor de pol\u00edticas p\u00fablicas na Universidade de Massachusetts Amherst, pediu a um tribunal federal que declarasse preventivamente que uma parte pouco utilizada da Se\u00e7\u00e3o 230 permite que ele libere um software que permite aos usu\u00e1rios deixar de seguir todos no Facebook automaticamente.<em> Arden Wray\/The New York Times<\/em>\t<\/figcaption><\/figure>\n<div class=\"m-article-header__meta\">\n<div class=\"m-article-header__byline\">\n<p class=\"m-article-header__author\">\n<p>\t\t\t\t\t\t\t\tPor David McCabe, New York Times Service\t\t\t\t\t\t\t<\/p>\n<p>\t\t\t\t\t\t    \t\t\t\t\t\t\t<time class=\"m-article-header__date\"><\/p>\n<p>        \t\t\t\t\t\t\t20 de agosto de 2024 | 18h22    \t\t\t\t\t\t\t<\/time><\/p><\/div>\n<\/p><\/div>\n<\/header>\n<p>WASHINGTON \u2014 Facebook, X, YouTube e outras plataformas de m\u00eddia social dependem de uma lei de 1996 para se isolarem da responsabilidade legal por postagens de usu\u00e1rios. A prote\u00e7\u00e3o dessa lei, a Se\u00e7\u00e3o 230 do Communications Decency Act, \u00e9 t\u00e3o significativa que permitiu que empresas de tecnologia florescessem.<\/p>\n<p>Mas e se a mesma lei pudesse ser usada para controlar o poder desses gigantes das m\u00eddias sociais?<\/p>\n<p>Essa ideia est\u00e1 no cerne de um processo movido em maio contra a Meta, dona do Facebook, Instagram e WhatsApp. O autor pediu a um tribunal federal que declarasse que uma parte pouco usada da Se\u00e7\u00e3o 230 torna permiss\u00edvel que ele libere seu pr\u00f3prio software que permite que os usu\u00e1rios deixem de seguir todos no Facebook automaticamente.<\/p>\n<p>O processo, movido por Ethan Zuckerman, professor de pol\u00edticas p\u00fablicas na Universidade de Massachusetts Amherst, \u00e9 o primeiro a usar a Se\u00e7\u00e3o 230 contra uma gigante da tecnologia dessa forma, disseram seus advogados. \u00c9 uma manobra legal incomum que pode virar uma lei que normalmente protege empresas como a Meta de cabe\u00e7a para baixo. E se Zuckerman tiver sucesso, isso pode significar mais poder para os consumidores controlarem o que veem online.<\/p>\n<p>\u201cVejo e aprecio a eleg\u00e2ncia de tentar usar uma parte da lei que tornou poss\u00edvel o conte\u00fado gerado pelo usu\u00e1rio, para agora dar aos usu\u00e1rios mais controle sobre essas experi\u00eancias e servi\u00e7os\u201d, disse ele.<\/p>\n<p>A Se\u00e7\u00e3o 230, introduzida nos prim\u00f3rdios da internet, protege as empresas de responsabilidade relacionada a postagens feitas por usu\u00e1rios em seus sites, tornando quase imposs\u00edvel processar empresas de tecnologia por discurso difamat\u00f3rio ou conte\u00fado extremista.<\/p>\n<p>Zuckerman se concentrou em uma parte da Se\u00e7\u00e3o 230 que define a prote\u00e7\u00e3o para bloquear material question\u00e1vel online. Em 2021, depois que um desenvolvedor lan\u00e7ou um software para limpar os feeds do Facebook dos usu\u00e1rios de todos que eles seguem, o Facebook amea\u00e7ou fech\u00e1-lo. Mas a Se\u00e7\u00e3o 230 diz que \u00e9 poss\u00edvel restringir o acesso a conte\u00fado obsceno, excessivamente violento e outros conte\u00fados problem\u00e1ticos. A linguagem protege as empresas de responsabilidade se censurarem conte\u00fado perturbador, mas os advogados agora dizem que tamb\u00e9m pode ser usada para justificar a limpeza de qualquer conte\u00fado que os usu\u00e1rios n\u00e3o queiram ver.<\/p>\n<p>A Meta disse que pediu ao Tribunal Distrital dos EUA para o Distrito Norte da Calif\u00f3rnia, onde o processo foi aberto, para rejeitar o caso porque Zuckerman n\u00e3o havia lan\u00e7ado uma ferramenta de software para limpar as p\u00e1ginas do Facebook das pessoas. Tamb\u00e9m argumentou que Zuckerman n\u00e3o havia demonstrado que a Se\u00e7\u00e3o 230 deveria ser aplicada em seu caso.<\/p>\n<p>\u201cEste processo \u00e9 infundado e foi movido pelo autor por causa de uma extens\u00e3o hipot\u00e9tica de navegador que ele nem mesmo construiu\u201d, disse um porta-voz da empresa.<\/p>\n<p>O processo se origina da ideia de um desenvolvedor de software brit\u00e2nico para reduzir o tempo gasto no Facebook. Em 2020, Louis Barclay, um ex-analista do Goldman Sachs, manualmente deixou de seguir cada pessoa e grupo que preencheu seu Feed de Not\u00edcias.<\/p>\n<p>\u201cAchei realmente revelador que, quase da noite para o dia, de repente eu n\u00e3o estava gastando nem perto do tempo que gastava antes no Facebook\u201d, disse ele.<\/p>\n<p>Ent\u00e3o Barclay, que agora tem 35 anos, construiu uma ferramenta de extens\u00e3o de navegador no mesmo ano que automatizaria o processo, chamada Unfollow Everything. Cerca de 12.000 pessoas tentaram, ele disse.<\/p>\n<p>Mas em 1\u00ba de julho de 2021, um escrit\u00f3rio de advocacia representando o Facebook enviou a Barclay uma carta de cessa\u00e7\u00e3o e desist\u00eancia. Sua extens\u00e3o de navegador violou os termos de servi\u00e7o do Facebook, inclusive por &#8220;prejudicar a opera\u00e7\u00e3o pretendida do Facebook&#8221;, dizia a carta. Ela tamb\u00e9m instruiu Barclay a remover sua extens\u00e3o de navegador ou enfrentar um poss\u00edvel processo.<\/p>\n<p>Barclay obedeceu. Ele tamb\u00e9m postou a carta em seu site e escreveu um artigo de opini\u00e3o para a Slate em outubro de 2021.<\/p>\n<p>As plataformas \u201cn\u00e3o deveriam ser capazes de exercer a amea\u00e7a de processos judiciais e suspens\u00f5es de contas contra pesquisadores e desenvolvedores que criam ferramentas que apenas capacitam os usu\u00e1rios\u201d, escreveu ele.<\/p>\n<p>Foi quando Zuckerman, 51, decidiu se envolver. Ele passou um tempo no mundo da tecnologia em uma startup e foi creditado por escrever o c\u00f3digo para o primeiro an\u00fancio pop-up. Mais tarde, ele entrou para a academia \u2014 assumindo um centro de pesquisa no Instituto de Tecnologia de Massachusetts em 2011 \u2014 e escreveu sobre como estava desencantado com a tecnologia de publicidade.<\/p>\n<p>Advogados do Knight First Amendment Institute da Universidade de Columbia j\u00e1 estavam discutindo o caso de Barclay e se deveriam entrar com uma a\u00e7\u00e3o legal. Zuckerman, que havia atuado como membro do Knight Institute durante os primeiros dias da pandemia do coronav\u00edrus, entrou em contato com os advogados de l\u00e1 e concordou em ser o rosto de qualquer caso que os advogados trouxessem.<\/p>\n<p>Mas ele e seus advogados ainda estavam procurando um argumento legal no qual pendurar seu processo. Preparando-se para uma aula de n\u00edvel de p\u00f3s-gradua\u00e7\u00e3o chamada \u201cFixing Social Media\u201d em 2022, Zuckerman leu a Se\u00e7\u00e3o 230 e notou a disposi\u00e7\u00e3o protegendo \u201cmeios t\u00e9cnicos\u201d para bloquear conte\u00fado question\u00e1vel.<\/p>\n<p>\u201cEu tive esse tipo de rel\u00e2mpago\u201d, ele disse. Ele fez uma anota\u00e7\u00e3o e disse a si mesmo: \u201cAcho que isso significa que temos um caso aqui.\u201d<\/p>\n<p>Ramya Krishnan, uma de suas advogadas no Instituto Knight, concordou com Zuckerman, tendo ela mesma analisado a Se\u00e7\u00e3o 230.<\/p>\n<p>\u201cIsso simplesmente surgiu do nada\u201d, ela disse.<\/p>\n<p>A Kaspersky, uma empresa russa de seguran\u00e7a cibern\u00e9tica, usou com sucesso a mesma cl\u00e1usula da Se\u00e7\u00e3o 230 para derrotar um processo em 2007 movido por uma empresa que fabricava produtos que a Kaspersky categorizou como software malicioso. A empresa de seguran\u00e7a cibern\u00e9tica argumentou que estava bloqueando conte\u00fado question\u00e1vel ao proteger os clientes do malware prejudicial.<\/p>\n<p>Zuckerman leva esse argumento um passo adiante, pedindo ao tribunal que proteja preventivamente uma tentativa de criar um software que filtra conte\u00fado porque um usu\u00e1rio da internet simplesmente n\u00e3o quer v\u00ea-lo.<\/p>\n<p>\u201cO objetivo da ferramenta \u00e9 permitir que usu\u00e1rios que considerem o feed de not\u00edcias question\u00e1vel, ou que considerem a sequ\u00eancia espec\u00edfica de postagens em seu feed de not\u00edcias question\u00e1vel, efetivamente desativem o feed\u201d, disseram os advogados de Zuckerman no processo.<\/p>\n<p>O Instituto Knight est\u00e1 movendo o processo em parte porque seus advogados acreditam que ele pode abrir um novo caminho em um debate conturbado sobre a liberdade de express\u00e3o online, disse Krishnan.<\/p>\n<p>\u201c\u00c9 uma dessas solu\u00e7\u00f5es na mesa que eu acho que nos ajuda a evitar essas duas distopias: por um lado, um pequeno grupo de corpora\u00e7\u00f5es tendo controle excessivo sobre a esfera p\u00fablica digital e, por outro, o governo tendo autoridade abrangente para definir os termos e regras desse ambiente\u201d, ela disse.<\/p>\n<p>Se o processo for bem-sucedido, Zuckerman planeja reproduzir a ferramenta de Barclay com um componente adicional. As pessoas que a usarem ter\u00e3o a op\u00e7\u00e3o de participar de um estudo que Zuckerman est\u00e1 conduzindo, que visa medir se os usu\u00e1rios querem mais controle sobre suas m\u00eddias sociais.<\/p>\n<p>\u201cTemos quase certeza de que isso \u00e9 algo que temos permiss\u00e3o para fazer, e que as pessoas podem ficar assustadas de faz\u00ea-lo porque essas s\u00e3o grandes empresas com escrit\u00f3rios de advocacia muito bons\u201d, disse ele. \u201cMas parece exatamente essa a raz\u00e3o para fazer essa pergunta e pedir a um tribunal que nos d\u00ea uma decis\u00e3o preventiva.\u201d<\/p>\n<p>Este artigo foi publicado originalmente em <a href=\"https:\/\/www.nytimes.com\/2024\/08\/20\/technology\/meta-section-230-lawsuit.html\"><em>O jornal New York Times<\/em><\/a>.<\/p>\n<\/p><\/div>\n<p><script>\n\t\tvar consent=\"grant\";\n\t\t\/* The above code is parsing the JSON data from the local storage and storing it in a variable. *\/\n\t\t\t\t\tconst onetrustStorageConsent = JSON.parse(localStorage.getItem( 'consent_one_trust_bdc' ) );\n\t\t\tif ( ( onetrustStorageConsent !== null ) ) {\n\t\t\t\t\/* Checking to see if the user has consented to the use of cookies.\n\t\t\t\t* If they have not, it is deleting the cookie.\n\t\t\t\t* This will comment for now, until further notice.\n\t\t\t\t*\/\n\t\t\t\t\/\/if ( onetrustStorageConsent.C0002 === false ) {\n\t\t\t\t\/\/\tdocument.cookie=\"_fbp=;expires=Thu, 01 Jan 2010 00:00:00 UTC; path=\/; domain=.boston.com\";\n\t\t\t\t\/\/}\n\t\t\t\t\/* Checking if the user has given consent for the cookie C0002.\n\t\t\t\t* If the user has given consent, the variable consent will be set to 'grant'.\n\t\t\t\t* If the user has not given consent,the variable consent will be set to 'revoke'.\n\t\t\t\t* Documentation https:\/\/developers.facebook.com\/docs\/meta-pixel\/implementation\/gdpr\n\t\t\t\t*\/\n\t\t\t\tif ( onetrustStorageConsent.C0002 !== true ) {\n\t\t\t\t\tconsent=\"revoke\";\n\t\t\t\t}\n\t\t\t}\n\t\t\t\t!function(f,b,e,v,n,t,s)\n\t\t{if(f.fbq)return;n=f.fbq=function(){n.callMethod?\n\t\tn.callMethod.apply(n,arguments):n.queue.push(arguments)};\n\t\tif(!f._fbq)f._fbq=n;n.push=n;n.loaded=!0;n.version='2.0';\n\t\tn.queue=[];t=b.createElement(e);t.async=!0;\n\t\tt.src=v;s=b.getElementsByTagName(e)[0];\n\t\ts.parentNode.insertBefore(t,s)}(window, document,'script',\n\t\t'https:\/\/connect.facebook.net\/en_US\/fbevents.js');\n\t\tfbq('consent', consent);\n\t\tfbq('init', '989222871864976');\n\t\tfbq('track', 'PageView');\n\t<\/script><script type=\"module\">\n\t\tvar consent=\"grant\";\n\t\t\/* The above code is parsing the JSON data from the local storage and storing it in a variable. *\/\n\t\t\tconst onetrustStorageConsent = JSON.parse(localStorage.getItem( 'consent_one_trust_bdc' ) );\n\t\t\t\/* Checking to see if the user has consented to the use of cookies.\n\t\t\t* If they have not, it is deleting the cookie.\n\t\t\t* This will comment for now, until further notice.\n\t\t\t*\/\n\t\t\t\/\/if ( onetrustStorageConsent.C0002 === false ) {\n\t\t\t\/\/\tdocument.cookie=\"_fbp=;expires=Thu, 01 Jan 2010 00:00:00 UTC; path=\/; domain=.boston.com\";\n\t\t\t\/\/}\n\t\t\t\/* Checking if the user has given consent for the cookie C0002.\n\t\t\t* If the user has given consent, the variable consent will be set to 'grant'.\n\t\t\t* If the user has not given consent,the variable consent will be set to 'revoke'.\n\t\t\t* Documentation https:\/\/developers.facebook.com\/docs\/meta-pixel\/implementation\/gdpr\n\t\t\t*\/\n\t\t\tif ( ( onetrustStorageConsent !== null ) && (onetrustStorageConsent.C0002 !== true ) ) {\n\t\t\t\tconsent=\"revoke\";\n\t\t\t}\n\t\t\t\t!function(f,b,e,v,n,t,s){if(f.fbq)return;n=f.fbq=function()\n\t\t{n.callMethod? n.callMethod.apply(n,arguments):n.queue.push(arguments)}\n\t\t;if(!f._fbq)f._fbq=n;\n\t\tn.push=n;n.loaded=!0;n.version='2.0';n.queue=[];t=b.createElement(e);t.async=!0;\n\t\tt.src=v;s=b.getElementsByTagName(e)[0];s.parentNode.insertBefore(t,s)}(window,\n\t\tdocument,'script','https:\/\/connect.facebook.net\/en_US\/fbevents.js');\n\t\tfbq('consent', consent);\n\t\tfbq('init', '813236348753005');\n\t\tfbq('track', \"PageView\");\n\t<\/script><br \/>\n<br \/><br \/>\n<br \/><a href=\"https:\/\/www.boston.com\/news\/business\/2024\/08\/20\/how-a-law-that-shields-big-tech-is-now-being-used-against-it-by-a-umass-professor\/\">Source link <\/a><\/p>","protected":false},"excerpt":{"rendered":"<p>Neg\u00f3cios Ethan Zuckerman entrou com uma a\u00e7\u00e3o judicial contra a Meta usando uma interpreta\u00e7\u00e3o inovadora da Se\u00e7\u00e3o 230, uma lei conhecida principalmente por proteger empresas de m\u00eddia social de responsabilidade.&hellip;<\/p>","protected":false},"author":1,"featured_media":26735,"comment_status":"closed","ping_status":"open","sticky":false,"template":"","format":"standard","meta":{"content-type":"","footnotes":""},"categories":[1],"tags":[],"class_list":["post-26734","post","type-post","status-publish","format-standard","has-post-thumbnail","hentry","category-uncategorized"],"_links":{"self":[{"href":"https:\/\/tvbrazilusa.com\/pt\/wp-json\/wp\/v2\/posts\/26734","targetHints":{"allow":["GET"]}}],"collection":[{"href":"https:\/\/tvbrazilusa.com\/pt\/wp-json\/wp\/v2\/posts"}],"about":[{"href":"https:\/\/tvbrazilusa.com\/pt\/wp-json\/wp\/v2\/types\/post"}],"author":[{"embeddable":true,"href":"https:\/\/tvbrazilusa.com\/pt\/wp-json\/wp\/v2\/users\/1"}],"replies":[{"embeddable":true,"href":"https:\/\/tvbrazilusa.com\/pt\/wp-json\/wp\/v2\/comments?post=26734"}],"version-history":[{"count":1,"href":"https:\/\/tvbrazilusa.com\/pt\/wp-json\/wp\/v2\/posts\/26734\/revisions"}],"predecessor-version":[{"id":26736,"href":"https:\/\/tvbrazilusa.com\/pt\/wp-json\/wp\/v2\/posts\/26734\/revisions\/26736"}],"wp:featuredmedia":[{"embeddable":true,"href":"https:\/\/tvbrazilusa.com\/pt\/wp-json\/wp\/v2\/media\/26735"}],"wp:attachment":[{"href":"https:\/\/tvbrazilusa.com\/pt\/wp-json\/wp\/v2\/media?parent=26734"}],"wp:term":[{"taxonomy":"category","embeddable":true,"href":"https:\/\/tvbrazilusa.com\/pt\/wp-json\/wp\/v2\/categories?post=26734"},{"taxonomy":"post_tag","embeddable":true,"href":"https:\/\/tvbrazilusa.com\/pt\/wp-json\/wp\/v2\/tags?post=26734"}],"curies":[{"name":"wp","href":"https:\/\/api.w.org\/{rel}","templated":true}]}}