{"id":26739,"date":"2024-08-20T22:37:33","date_gmt":"2024-08-20T22:37:33","guid":{"rendered":"https:\/\/tvbrazilusa.com\/2024\/08\/20\/sargento-de-opa-locka-atormentado-por-escandalos-e-demitido-apos-investigacao-interna-sobre-incidente-de-taser-em-2021-que-feriu-colega-wsvn-7news-noticias-de-miami-clima-esportes-fort-lauderd\/"},"modified":"2024-08-20T22:47:59","modified_gmt":"2024-08-20T22:47:59","slug":"sargento-de-opa-locka-atormentado-por-escandalos-e-demitido-apos-investigacao-interna-sobre-incidente-de-taser-em-2021-que-feriu-colega-wsvn-7news-noticias-de-miami-clima-esportes-fort-lauderd","status":"publish","type":"post","link":"https:\/\/tvbrazilusa.com\/pt\/2024\/08\/20\/sargento-de-opa-locka-atormentado-por-escandalos-e-demitido-apos-investigacao-interna-sobre-incidente-de-taser-em-2021-que-feriu-colega-wsvn-7news-noticias-de-miami-clima-esportes-fort-lauderd\/","title":{"rendered":"Sargento de Opa-locka atormentado por esc\u00e2ndalos \u00e9 demitido ap\u00f3s investiga\u00e7\u00e3o interna sobre incidente de taser em 2021 que feriu colega &#8211; WSVN 7News | Not\u00edcias de Miami, Clima, Esportes | Fort Lauderdale"},"content":{"rendered":"<p> <script async src=\"https:\/\/pagead2.googlesyndication.com\/pagead\/js\/adsbygoogle.js?client=ca-pub-8864793242727901\"\r\n     crossorigin=\"anonymous\"><\/script><br \/>\n<\/p>\n<div itemprop=\"articleBody\">\n<p>OPA-LOCKA, FL. (WSVN) &#8211; Um policial de Opa-locka foi demitido ap\u00f3s uma investiga\u00e7\u00e3o interna sobre um incidente de 2021 no qual, segundo autoridades da cidade, ele usou um taser dentro do departamento de pol\u00edcia, ferindo um colega. <\/p>\n<p>A investiga\u00e7\u00e3o sobre o sargento Sergio Perez, que foi inicialmente interrompida devido a acusa\u00e7\u00f5es criminais que depois foram retiradas, foi retomada no in\u00edcio deste ano.<\/p>\n<p>Em 2021, Perez foi acusado de agress\u00e3o ap\u00f3s ser acusado de eletrocutar seu colega com um Taser. <\/p>\n<p>O colega que foi eletrocutado foi levado \u00e0s pressas para o hospital.<\/p>\n<p>Depois que a acusa\u00e7\u00e3o de agress\u00e3o foi retirada, o inqu\u00e9rito sobre Perez continuou e encontrou diversas viola\u00e7\u00f5es de pol\u00edtica, levando o administrador municipal Darvin Williams a aceitar a recomenda\u00e7\u00e3o do chefe de pol\u00edcia Kenneth Ottley de demitir Perez.<\/p>\n<p>Em um comunicado, a cidade de Opa-locka disse:<\/p>\n<blockquote class=\"wp-block-quote is-layout-flow wp-block-quote-is-layout-flow\">\n<p>Opa Locka pausou sua investiga\u00e7\u00e3o de assuntos internos porque Perez havia sido acusado criminalmente pelo incidente. Depois que essas acusa\u00e7\u00f5es foram retiradas em janeiro, a investiga\u00e7\u00e3o foi retomada, e m\u00faltiplas viola\u00e7\u00f5es de pol\u00edtica foram determinadas como sustentadas.<\/p>\n<\/blockquote>\n<p>Perez foi informado de sua demiss\u00e3o na segunda-feira.<\/p>\n<p>Esta n\u00e3o \u00e9 a primeira vez que Perez ganha manchetes. O policial problem\u00e1tico continua trabalhando h\u00e1 anos, apesar dos esc\u00e2ndalos p\u00fablicos no trabalho. <\/p>\n<p>Ele foi demitido do Departamento de Pol\u00edcia de Miami Shores em 2006. <\/p>\n<p>Al\u00e9m disso, ele j\u00e1 foi conectado a um incidente que resultou em sua demiss\u00e3o da pol\u00edcia por seu papel em um acidente fatal. <a href=\"https:\/\/wsvn.com\/news\/officer-involved-in-wrong-way-chase-suspended\/\">persegui\u00e7\u00e3o na contram\u00e3o na rodovia interestadual 95<\/a> em abril de 2013 que matou quatro turistas. Mais tarde, ele foi recontratado pelo departamento.<\/p>\n<p>V\u00e1rios anos depois, Perez foi preso e acusado de trair o distintivo quando as autoridades disseram que ele foi flagrado por uma c\u00e2mera atacando e arrastando um adolescente com necessidades especiais para fora de sua casa em setembro de 2020. <\/p>\n<p>Envolveu imagens de c\u00e2meras corporais de Perez e outros<a href=\"https:\/\/wsvn.com\/news\/local\/body-camera-video-captures-cops-using-taser-dragging-man-out-of-opa-locka-home\/\" target=\"_blank\" rel=\"noreferrer noopener\"> policiais usando um Taser em Jafet Castro, de 19 anos<\/a> antes de arrast\u00e1-lo para fora de casa. <\/p>\n<p>Como resultado deste incidente, um processo civil contra o departamento de pol\u00edcia est\u00e1 pendente. <\/p>\n<p>Autoridades de Opa-locka realizar\u00e3o uma entrevista coletiva na manh\u00e3 de quarta-feira para discutir mais detalhadamente o assunto. <\/p>\n<p><em>Copyright 2024 Sunbeam Television Corp. Todos os direitos reservados. Este material n\u00e3o pode ser publicado, transmitido, reescrito ou redistribu\u00eddo.<\/em><\/p>\n<div class=\"wp-block-newsletter\">\n\t<strong class=\"wp-block-newsletter__title\">Inscreva-se em nossa Newsletter para receber as \u00faltimas not\u00edcias diretamente na sua caixa de entrada<\/strong><\/p>\n<\/div><\/div>\n<p><br \/>\n<br \/><a href=\"https:\/\/wsvn.com\/news\/local\/miami-dade\/opa-locka-sergeant-plagued-by-scandals-fired-after-internal-probe-into-2021-taser-incident-that-injured-colleague\/\">Source link <\/a><\/p>","protected":false},"excerpt":{"rendered":"<p>OPA-LOCKA, FL. (WSVN) &#8211; Um policial de Opa-locka foi demitido ap\u00f3s uma investiga\u00e7\u00e3o interna sobre um incidente de 2021 no qual, segundo autoridades da cidade, ele usou um taser dentro&hellip;<\/p>","protected":false},"author":1,"featured_media":26740,"comment_status":"closed","ping_status":"open","sticky":false,"template":"","format":"standard","meta":{"content-type":"","footnotes":""},"categories":[1],"tags":[],"class_list":["post-26739","post","type-post","status-publish","format-standard","has-post-thumbnail","hentry","category-uncategorized"],"_links":{"self":[{"href":"https:\/\/tvbrazilusa.com\/pt\/wp-json\/wp\/v2\/posts\/26739","targetHints":{"allow":["GET"]}}],"collection":[{"href":"https:\/\/tvbrazilusa.com\/pt\/wp-json\/wp\/v2\/posts"}],"about":[{"href":"https:\/\/tvbrazilusa.com\/pt\/wp-json\/wp\/v2\/types\/post"}],"author":[{"embeddable":true,"href":"https:\/\/tvbrazilusa.com\/pt\/wp-json\/wp\/v2\/users\/1"}],"replies":[{"embeddable":true,"href":"https:\/\/tvbrazilusa.com\/pt\/wp-json\/wp\/v2\/comments?post=26739"}],"version-history":[{"count":1,"href":"https:\/\/tvbrazilusa.com\/pt\/wp-json\/wp\/v2\/posts\/26739\/revisions"}],"predecessor-version":[{"id":26741,"href":"https:\/\/tvbrazilusa.com\/pt\/wp-json\/wp\/v2\/posts\/26739\/revisions\/26741"}],"wp:featuredmedia":[{"embeddable":true,"href":"https:\/\/tvbrazilusa.com\/pt\/wp-json\/wp\/v2\/media\/26740"}],"wp:attachment":[{"href":"https:\/\/tvbrazilusa.com\/pt\/wp-json\/wp\/v2\/media?parent=26739"}],"wp:term":[{"taxonomy":"category","embeddable":true,"href":"https:\/\/tvbrazilusa.com\/pt\/wp-json\/wp\/v2\/categories?post=26739"},{"taxonomy":"post_tag","embeddable":true,"href":"https:\/\/tvbrazilusa.com\/pt\/wp-json\/wp\/v2\/tags?post=26739"}],"curies":[{"name":"wp","href":"https:\/\/api.w.org\/{rel}","templated":true}]}}