{"id":26750,"date":"2024-08-20T23:03:23","date_gmt":"2024-08-20T23:03:23","guid":{"rendered":"https:\/\/tvbrazilusa.com\/2024\/08\/20\/por-que-o-nativo-de-boston-james-taylor-foi-retirado-da-programacao-do-dnc-de-segunda-feira\/"},"modified":"2024-08-20T23:08:47","modified_gmt":"2024-08-20T23:08:47","slug":"por-que-o-nativo-de-boston-james-taylor-foi-retirado-da-programacao-do-dnc-de-segunda-feira","status":"publish","type":"post","link":"https:\/\/tvbrazilusa.com\/pt\/2024\/08\/20\/por-que-o-nativo-de-boston-james-taylor-foi-retirado-da-programacao-do-dnc-de-segunda-feira\/","title":{"rendered":"Por que o nativo de Boston James Taylor foi retirado da programa\u00e7\u00e3o do DNC de segunda-feira"},"content":{"rendered":"<p> <script async src=\"https:\/\/pagead2.googlesyndication.com\/pagead\/js\/adsbygoogle.js?client=ca-pub-8864793242727901\"\r\n     crossorigin=\"anonymous\"><\/script><br \/>\n<\/p>\n<div id=\"\">\n<header class=\"m-article-header m-article-header--standard\">\n\t\t\t\t\t\t\t\t\t\t\t\t<span id=\"article-header-primary-term\"><br \/>\n\t\t\t\t\t\t\t\t<a class=\"a-term a-term--primary\" href=\"https:\/\/www.boston.com\/tag\/music\/\"><\/p>\n<p>\t\t\t\t\t\t\t\tM\u00fasica\t\t\t\t\t\t\t\t<\/a><br \/>\n\t\t\t\t\t\t\t<\/span><\/p>\n<h2 class=\"m-article-header__sub-headline\">\u201cFoi uma honra estar l\u00e1.\u201d<\/h2>\n<figure class=\"a-photo m-article-header__photo\"><figcaption class=\"a-photo__caption\">\n<p>\tJames Taylor ensaia antes da Conven\u00e7\u00e3o Nacional Democrata na segunda-feira.<em> Paul Sancya \/ AP<\/em>\t<\/figcaption><\/figure>\n<\/header>\n<p>O nativo de Boston, James Taylor, disse na ter\u00e7a-feira que sua apresenta\u00e7\u00e3o esperada durante a primeira noite da Conven\u00e7\u00e3o Nacional Democrata teve que ser interrompida por falta de tempo, j\u00e1 que a noite atrasou mais de uma hora. <\/p>\n<p>Taylor estava programado para cantar \u201cYou&#8217;ve Got a Friend\u201d na noite de segunda-feira antes do discurso de despedida do presidente Joe Biden, que foi adiado para tarde da noite enquanto o evento acontecia, <a href=\"https:\/\/apnews.com\/article\/democratic-national-convention-harris-biden-obama-0a0e65ab69a1e338d9c1f3f137a45e82\" target=\"_blank\" rel=\"noreferrer noopener\">de acordo com<\/a> para a Associated Press.<\/p>\n<p>Em uma declara\u00e7\u00e3o, autoridades do DNC apontaram a rea\u00e7\u00e3o do p\u00fablico ao programa de discursos como respons\u00e1vel pelo atraso na programa\u00e7\u00e3o do evento.<\/p>\n<p>\u201cPor causa dos aplausos estridentes que interromperam orador ap\u00f3s orador, acab\u00e1mos por saltar elementos do nosso programa para garantir que poder\u00edamos chegar ao Presidente Biden o mais rapidamente poss\u00edvel para que ele pudesse falar directamente ao povo americano\u201d, afirma a declara\u00e7\u00e3o. <a href=\"https:\/\/www.nytimes.com\/2024\/08\/20\/us\/politics\/biden-speech-dnc.html\" target=\"_blank\" rel=\"noreferrer noopener\">obtido<\/a> por <em>O jornal New York Times<\/em>ler. <\/p>\n<p>Biden foi recebido com uma ova\u00e7\u00e3o de mais de quatro minutos quando subiu ao palco, de acordo com a Associated Press. <\/p>\n<p>Em uma declara\u00e7\u00e3o, Taylor disse que foi emocionante ver os palestrantes durante o evento em Chicago, observando que ele e seus colegas m\u00fasicos tiveram um \u201c\u00f3timo ensaio\u201d antes do in\u00edcio da noite. <\/p>\n<p>Susan Page, chefe do escrit\u00f3rio de Washington do USA Today, compartilhou um v\u00eddeo do ensaio do m\u00fasico no X. <\/p>\n<figure class=\"wp-block-embed is-type-rich is-provider-twitter wp-block-embed-twitter\"\/>\n<figure class=\"wp-block-embed is-type-rich is-provider-twitter wp-block-embed-twitter\"\/>\n<p>\u201cFicou claro, conforme a noite se desenrolava, que n\u00e3o haveria tempo para nosso \u201cYou&#8217;ve Got a Friend\u201d com violoncelo e vozes\u201d, disse Taylor. \u201cTalvez os organizadores n\u00e3o pudessem prever a resposta selvagem do p\u00fablico do United Center\u2026 De qualquer forma, desculpe desapont\u00e1-los. Mas um momento grande e inspirador, essencialmente americano. Ficamos honrados em estar l\u00e1\u2026\u201d <\/p>\n<figure class=\"wp-block-embed is-type-rich is-provider-twitter wp-block-embed-twitter\">\n<div class=\"wp-block-embed__wrapper\">\n<blockquote class=\"twitter-tweet\" data-width=\"500\" data-dnt=\"true\">\n<p lang=\"en\" dir=\"ltr\">&#8220;\u2026Mas ficou claro, conforme a noite se desenrolava, que n\u00e3o haveria tempo para nosso \u201cYou&#8217;ve Got a Friend\u201d com violoncelo e vozes. Talvez os organizadores n\u00e3o pudessem prever a resposta selvagem do p\u00fablico do United Center\u2026 &#8220;<a href=\"https:\/\/twitter.com\/hashtag\/JT?src=hash&#038;ref_src=twsrc%5Etfw\">#JT<\/a> <a href=\"https:\/\/twitter.com\/hashtag\/JamesTaylor?src=hash&#038;ref_src=twsrc%5Etfw\">#JamesTaylor<\/a> <a href=\"https:\/\/twitter.com\/hashtag\/DNC?src=hash&#038;ref_src=twsrc%5Etfw\">#DNC<\/a> <a href=\"https:\/\/twitter.com\/hashtag\/DNC2024?src=hash&#038;ref_src=twsrc%5Etfw\">#DNC2024<\/a> <a href=\"https:\/\/t.co\/B6LG7yxXaX\">foto.twitter.com\/B6LG7yxXaX<\/a><\/p>\n<p>\u2014 James Taylor (@JamesTaylor_com) <a href=\"https:\/\/twitter.com\/JamesTaylor_com\/status\/1825948811979628660?ref_src=twsrc%5Etfw\">20 de agosto de 2024<\/a><\/p><\/blockquote>\n<\/div>\n<\/figure>\n<p>Os f\u00e3s podem pegar <a href=\"https:\/\/tour.jamestaylor.com\/\">Taylor desempenho<\/a><a href=\"https:\/\/tour.jamestaylor.com\/\" target=\"_blank\" rel=\"noreferrer noopener\">o<\/a><a href=\"https:\/\/tour.jamestaylor.com\/\">firmando<\/a> em sua cidade natal nos dias 9 e 10 de setembro no MGM Music Hall em Fenway.<\/p>\n<div class=\"m-block m-generic-cta\t m-generic-cta--post-content\t m-generic-cta--dark\t m-generic-cta--homepage\t m-generic-cta--email-signup\t\t m-generic-cta-block-style--default \tt-amp__generic-cta\"><\/p>\n<div class=\"m-generic-cta__wrap\">\n<div class=\"m-generic-cta__content\">\n<h3 class=\"m-generic-cta__title\">Boston.com Hoje<\/h3>\n<p class=\"m-generic-cta__subtitle\">Inscreva-se para receber as \u00faltimas manchetes na sua caixa de entrada todas as manh\u00e3s.<\/p>\n<\/p><\/div>\n<\/p><\/div>\n<\/div><\/div>\n<p><script async src=\"\/\/platform.twitter.com\/widgets.js\" charset=\"utf-8\"><\/script><script>\n\t\tvar consent=\"grant\";\n\t\t\/* The above code is parsing the JSON data from the local storage and storing it in a variable. *\/\n\t\t\t\t\tconst onetrustStorageConsent = JSON.parse(localStorage.getItem( 'consent_one_trust_bdc' ) );\n\t\t\tif ( ( onetrustStorageConsent !== null ) ) {\n\t\t\t\t\/* Checking to see if the user has consented to the use of cookies.\n\t\t\t\t* If they have not, it is deleting the cookie.\n\t\t\t\t* This will comment for now, until further notice.\n\t\t\t\t*\/\n\t\t\t\t\/\/if ( onetrustStorageConsent.C0002 === false ) {\n\t\t\t\t\/\/\tdocument.cookie=\"_fbp=;expires=Thu, 01 Jan 2010 00:00:00 UTC; path=\/; domain=.boston.com\";\n\t\t\t\t\/\/}\n\t\t\t\t\/* Checking if the user has given consent for the cookie C0002.\n\t\t\t\t* If the user has given consent, the variable consent will be set to 'grant'.\n\t\t\t\t* If the user has not given consent,the variable consent will be set to 'revoke'.\n\t\t\t\t* Documentation https:\/\/developers.facebook.com\/docs\/meta-pixel\/implementation\/gdpr\n\t\t\t\t*\/\n\t\t\t\tif ( onetrustStorageConsent.C0002 !== true ) {\n\t\t\t\t\tconsent=\"revoke\";\n\t\t\t\t}\n\t\t\t}\n\t\t\t\t!function(f,b,e,v,n,t,s)\n\t\t{if(f.fbq)return;n=f.fbq=function(){n.callMethod?\n\t\tn.callMethod.apply(n,arguments):n.queue.push(arguments)};\n\t\tif(!f._fbq)f._fbq=n;n.push=n;n.loaded=!0;n.version='2.0';\n\t\tn.queue=[];t=b.createElement(e);t.async=!0;\n\t\tt.src=v;s=b.getElementsByTagName(e)[0];\n\t\ts.parentNode.insertBefore(t,s)}(window, document,'script',\n\t\t'https:\/\/connect.facebook.net\/en_US\/fbevents.js');\n\t\tfbq('consent', consent);\n\t\tfbq('init', '989222871864976');\n\t\tfbq('track', 'PageView');\n\t<\/script><script type=\"module\">\n\t\tvar consent=\"grant\";\n\t\t\/* The above code is parsing the JSON data from the local storage and storing it in a variable. *\/\n\t\t\tconst onetrustStorageConsent = JSON.parse(localStorage.getItem( 'consent_one_trust_bdc' ) );\n\t\t\t\/* Checking to see if the user has consented to the use of cookies.\n\t\t\t* If they have not, it is deleting the cookie.\n\t\t\t* This will comment for now, until further notice.\n\t\t\t*\/\n\t\t\t\/\/if ( onetrustStorageConsent.C0002 === false ) {\n\t\t\t\/\/\tdocument.cookie=\"_fbp=;expires=Thu, 01 Jan 2010 00:00:00 UTC; path=\/; domain=.boston.com\";\n\t\t\t\/\/}\n\t\t\t\/* Checking if the user has given consent for the cookie C0002.\n\t\t\t* If the user has given consent, the variable consent will be set to 'grant'.\n\t\t\t* If the user has not given consent,the variable consent will be set to 'revoke'.\n\t\t\t* Documentation https:\/\/developers.facebook.com\/docs\/meta-pixel\/implementation\/gdpr\n\t\t\t*\/\n\t\t\tif ( ( onetrustStorageConsent !== null ) && (onetrustStorageConsent.C0002 !== true ) ) {\n\t\t\t\tconsent=\"revoke\";\n\t\t\t}\n\t\t\t\t!function(f,b,e,v,n,t,s){if(f.fbq)return;n=f.fbq=function()\n\t\t{n.callMethod? n.callMethod.apply(n,arguments):n.queue.push(arguments)}\n\t\t;if(!f._fbq)f._fbq=n;\n\t\tn.push=n;n.loaded=!0;n.version='2.0';n.queue=[];t=b.createElement(e);t.async=!0;\n\t\tt.src=v;s=b.getElementsByTagName(e)[0];s.parentNode.insertBefore(t,s)}(window,\n\t\tdocument,'script','https:\/\/connect.facebook.net\/en_US\/fbevents.js');\n\t\tfbq('consent', consent);\n\t\tfbq('init', '813236348753005');\n\t\tfbq('track', \"PageView\");\n\t<\/script><br \/>\n<br \/><br \/>\n<br \/><a href=\"https:\/\/www.boston.com\/culture\/music\/2024\/08\/20\/why-boston-native-james-taylor-was-bumped-from-mondays-dnc-programming\/\">Source link <\/a><\/p>","protected":false},"excerpt":{"rendered":"<p>M\u00fasica \u201cFoi uma honra estar l\u00e1.\u201d James Taylor ensaia antes da Conven\u00e7\u00e3o Nacional Democrata na segunda-feira. Paul Sancya \/ AP O nativo de Boston, James Taylor, disse na ter\u00e7a-feira que&hellip;<\/p>","protected":false},"author":1,"featured_media":26751,"comment_status":"closed","ping_status":"open","sticky":false,"template":"","format":"standard","meta":{"content-type":"","footnotes":""},"categories":[1],"tags":[],"class_list":["post-26750","post","type-post","status-publish","format-standard","has-post-thumbnail","hentry","category-uncategorized"],"_links":{"self":[{"href":"https:\/\/tvbrazilusa.com\/pt\/wp-json\/wp\/v2\/posts\/26750","targetHints":{"allow":["GET"]}}],"collection":[{"href":"https:\/\/tvbrazilusa.com\/pt\/wp-json\/wp\/v2\/posts"}],"about":[{"href":"https:\/\/tvbrazilusa.com\/pt\/wp-json\/wp\/v2\/types\/post"}],"author":[{"embeddable":true,"href":"https:\/\/tvbrazilusa.com\/pt\/wp-json\/wp\/v2\/users\/1"}],"replies":[{"embeddable":true,"href":"https:\/\/tvbrazilusa.com\/pt\/wp-json\/wp\/v2\/comments?post=26750"}],"version-history":[{"count":1,"href":"https:\/\/tvbrazilusa.com\/pt\/wp-json\/wp\/v2\/posts\/26750\/revisions"}],"predecessor-version":[{"id":26752,"href":"https:\/\/tvbrazilusa.com\/pt\/wp-json\/wp\/v2\/posts\/26750\/revisions\/26752"}],"wp:featuredmedia":[{"embeddable":true,"href":"https:\/\/tvbrazilusa.com\/pt\/wp-json\/wp\/v2\/media\/26751"}],"wp:attachment":[{"href":"https:\/\/tvbrazilusa.com\/pt\/wp-json\/wp\/v2\/media?parent=26750"}],"wp:term":[{"taxonomy":"category","embeddable":true,"href":"https:\/\/tvbrazilusa.com\/pt\/wp-json\/wp\/v2\/categories?post=26750"},{"taxonomy":"post_tag","embeddable":true,"href":"https:\/\/tvbrazilusa.com\/pt\/wp-json\/wp\/v2\/tags?post=26750"}],"curies":[{"name":"wp","href":"https:\/\/api.w.org\/{rel}","templated":true}]}}