{"id":26765,"date":"2024-08-20T23:29:06","date_gmt":"2024-08-20T23:29:06","guid":{"rendered":"https:\/\/tvbrazilusa.com\/2024\/08\/20\/wu-fala-sobre-a-jornada-da-gravidez-enquanto-promove-harris-walz-na-convencao-nacional-democrata\/"},"modified":"2024-08-20T23:39:54","modified_gmt":"2024-08-20T23:39:54","slug":"wu-fala-sobre-a-jornada-da-gravidez-enquanto-promove-harris-walz-na-convencao-nacional-democrata","status":"publish","type":"post","link":"https:\/\/tvbrazilusa.com\/pt\/2024\/08\/20\/wu-fala-sobre-a-jornada-da-gravidez-enquanto-promove-harris-walz-na-convencao-nacional-democrata\/","title":{"rendered":"Wu fala sobre a jornada da gravidez enquanto promove Harris-Walz na Conven\u00e7\u00e3o Nacional Democrata"},"content":{"rendered":"<p> <script async src=\"https:\/\/pagead2.googlesyndication.com\/pagead\/js\/adsbygoogle.js?client=ca-pub-8864793242727901\"\r\n     crossorigin=\"anonymous\"><\/script><br \/>\n<\/p>\n<div id=\"\">\n<header class=\"m-article-header m-article-header--standard\">\n\t\t\t\t\t\t\t\t\t\t\t\t<span id=\"article-header-primary-term\"><br \/>\n\t\t\t\t\t\t\t\t<a class=\"a-term a-term--primary\" href=\"https:\/\/www.boston.com\/tag\/politics\/\"><\/p>\n<p>\t\t\t\t\t\t\t\tPol\u00edtica\t\t\t\t\t\t\t\t<\/a><br \/>\n\t\t\t\t\t\t\t<\/span><\/p>\n<h2 class=\"m-article-header__sub-headline\">\u201cEu me senti muito sortuda por viver em Massachusetts, em um estado onde nossa lideran\u00e7a pol\u00edtica e a comunidade em geral disseram que proteger\u00edamos as mulheres a qualquer custo\u201d, disse Wu sobre sua gravidez ao Globe na ter\u00e7a-feira.<\/h2>\n<figure class=\"a-photo m-article-header__photo\"><figcaption class=\"a-photo__caption\">\n<p>\tA prefeita de Boston, Michelle Wu, fala durante um com\u00edcio de campanha em apoio \u00e0 chapa democrata estadual de Massachusetts, em 2 de novembro de 2022, em Boston. Wu anunciou em uma declara\u00e7\u00e3o na segunda-feira, 22 de julho de 2024, que est\u00e1 esperando um terceiro filho.<em> AP Photo\/Mary Schwalm, Arquivo<\/em>\t<\/figcaption><\/figure>\n<\/header>\n<p>A prefeita Michelle Wu falou sobre sua jornada de gravidez na Conven\u00e7\u00e3o Nacional Democrata em Chicago na ter\u00e7a-feira. Wu, que \u00e9 <a href=\"https:\/\/www.boston.com\/news\/politics\/2024\/07\/22\/mayor-michelle-wu-announces-shes-pregnant-with-third-child\/\">atualmente gr\u00e1vida do terceiro filho<\/a>falou sobre a import\u00e2ncia dos direitos reprodutivos em um evento com a delega\u00e7\u00e3o de New Hampshire na Conven\u00e7\u00e3o Nacional Democrata. <\/p>\n<p>\u201cIsso me lembra o quanto ainda h\u00e1 para lutar\u201d, disse Wu aos delegados, <em>O Globo de Boston<\/em> relatado.<\/p>\n<p>Wu disse aos delegados que sua fam\u00edlia usou \u201ctecnologia de reprodu\u00e7\u00e3o assistida\u201d para engravidar de seu terceiro filho. Ela tamb\u00e9m falou publicamente sobre o <a href=\"https:\/\/www.bostonglobe.com\/2024\/07\/22\/metro\/boston-mayor-michelle-wu-pregnant-baby-girl\/?p1=Article_Inline_Text_Link\">abortos espont\u00e2neos<\/a> ela vivenciou entre o nascimento do seu segundo filho e sua gravidez atual.<\/p>\n<p>A sua revela\u00e7\u00e3o surge no momento em que se debatem <a href=\"https:\/\/www.boston.com\/news\/politics\/2024\/07\/11\/bill-ban-sale-reproductive-gender-affirming-care-locations-cellphones\/\">direitos reprodutivos e fertiliza\u00e7\u00e3o in vitro<\/a> ocupam o centro do palco na corrida presidencial. O candidato democrata para vice-presidente, <a href=\"https:\/\/www.boston.com\/news\/politics\/2024\/08\/06\/kamala-harris-minnesota-gov-tim-walz-running-mate-ap-sources\/\">Tim Walz<\/a>falou sobre a jornada de sua fam\u00edlia com tratamentos de fertilidade que levaram ao nascimento de sua filha Hope.<\/p>\n<p>\u201cDefinitivamente, \u00e9 muito dif\u00edcil quando voc\u00ea est\u00e1 no meio de uma devasta\u00e7\u00e3o extrema e desgosto, e tentando descobrir como agendar esses tratamentos, ao mesmo tempo em que pessoas que claramente n\u00e3o t\u00eam ideia do que est\u00e3o falando est\u00e3o tentando tomar medidas legislativas para arrancar isso das fam\u00edlias que precisam desesperadamente que isso seja feito para estarem seguras\u201d, disse Wu em uma entrevista ao <em>Globo<\/em> na ter\u00e7a-feira.<\/p>\n<p>Wu, a primeira prefeita de Boston, disse ao <em>Globo<\/em> ela sofreu um \u201caborto retido\u201d. Ela foi ao m\u00e9dico no in\u00edcio da gravidez para fazer um ultrassom, mas s\u00f3 viu \u201cescurid\u00e3o e sil\u00eancio na tela\u201d.<\/p>\n<p>Ela detalhou aos delegados o atendimento m\u00e9dico que recebeu, o <em>O Globo relatou<\/em>. Depois que ela percebeu que sofreu um aborto espont\u00e2neo, ela tomou a combina\u00e7\u00e3o padr\u00e3o de mifepristona e misoprostol. Mifepristona \u00e9 <a href=\"https:\/\/www.bloomberg.com\/news\/articles\/2024-06-13\/scotus-abortion-pill-ruling-what-to-know-about-mifepristone-access\">atualmente proibido em 14 estados<\/a>principalmente devido ao seu uso em alguns abortos.  <\/p>\n<p>\u201cSenti-me muito sortuda por viver em Massachusetts, num estado onde a nossa lideran\u00e7a pol\u00edtica e a comunidade em geral disseram que iremos proteger as mulheres custe o que custar\u201d, disse Wu \u00e0 <em>Globo<\/em>. \u201cMas tamb\u00e9m muito bravo por isso ter sido parte da conversa.\u201d<\/p>\n<div class=\"m-block m-generic-cta\t m-generic-cta--post-content\t m-generic-cta--dark\t m-generic-cta--homepage\t m-generic-cta--email-signup\t\t m-generic-cta-block-style--default \tt-amp__generic-cta\"><\/p>\n<div class=\"m-generic-cta__wrap\">\n<div class=\"m-generic-cta__content\">\n<h3 class=\"m-generic-cta__title\">Boston.com Hoje<\/h3>\n<p class=\"m-generic-cta__subtitle\">Inscreva-se para receber as \u00faltimas manchetes na sua caixa de entrada todas as manh\u00e3s.<\/p>\n<\/p><\/div>\n<\/p><\/div>\n<\/div><\/div>\n<p><script>\n\t\tvar consent=\"grant\";\n\t\t\/* The above code is parsing the JSON data from the local storage and storing it in a variable. *\/\n\t\t\t\t\tconst onetrustStorageConsent = JSON.parse(localStorage.getItem( 'consent_one_trust_bdc' ) );\n\t\t\tif ( ( onetrustStorageConsent !== null ) ) {\n\t\t\t\t\/* Checking to see if the user has consented to the use of cookies.\n\t\t\t\t* If they have not, it is deleting the cookie.\n\t\t\t\t* This will comment for now, until further notice.\n\t\t\t\t*\/\n\t\t\t\t\/\/if ( onetrustStorageConsent.C0002 === false ) {\n\t\t\t\t\/\/\tdocument.cookie=\"_fbp=;expires=Thu, 01 Jan 2010 00:00:00 UTC; path=\/; domain=.boston.com\";\n\t\t\t\t\/\/}\n\t\t\t\t\/* Checking if the user has given consent for the cookie C0002.\n\t\t\t\t* If the user has given consent, the variable consent will be set to 'grant'.\n\t\t\t\t* If the user has not given consent,the variable consent will be set to 'revoke'.\n\t\t\t\t* Documentation https:\/\/developers.facebook.com\/docs\/meta-pixel\/implementation\/gdpr\n\t\t\t\t*\/\n\t\t\t\tif ( onetrustStorageConsent.C0002 !== true ) {\n\t\t\t\t\tconsent=\"revoke\";\n\t\t\t\t}\n\t\t\t}\n\t\t\t\t!function(f,b,e,v,n,t,s)\n\t\t{if(f.fbq)return;n=f.fbq=function(){n.callMethod?\n\t\tn.callMethod.apply(n,arguments):n.queue.push(arguments)};\n\t\tif(!f._fbq)f._fbq=n;n.push=n;n.loaded=!0;n.version='2.0';\n\t\tn.queue=[];t=b.createElement(e);t.async=!0;\n\t\tt.src=v;s=b.getElementsByTagName(e)[0];\n\t\ts.parentNode.insertBefore(t,s)}(window, document,'script',\n\t\t'https:\/\/connect.facebook.net\/en_US\/fbevents.js');\n\t\tfbq('consent', consent);\n\t\tfbq('init', '989222871864976');\n\t\tfbq('track', 'PageView');\n\t<\/script><script type=\"module\">\n\t\tvar consent=\"grant\";\n\t\t\/* The above code is parsing the JSON data from the local storage and storing it in a variable. *\/\n\t\t\tconst onetrustStorageConsent = JSON.parse(localStorage.getItem( 'consent_one_trust_bdc' ) );\n\t\t\t\/* Checking to see if the user has consented to the use of cookies.\n\t\t\t* If they have not, it is deleting the cookie.\n\t\t\t* This will comment for now, until further notice.\n\t\t\t*\/\n\t\t\t\/\/if ( onetrustStorageConsent.C0002 === false ) {\n\t\t\t\/\/\tdocument.cookie=\"_fbp=;expires=Thu, 01 Jan 2010 00:00:00 UTC; path=\/; domain=.boston.com\";\n\t\t\t\/\/}\n\t\t\t\/* Checking if the user has given consent for the cookie C0002.\n\t\t\t* If the user has given consent, the variable consent will be set to 'grant'.\n\t\t\t* If the user has not given consent,the variable consent will be set to 'revoke'.\n\t\t\t* Documentation https:\/\/developers.facebook.com\/docs\/meta-pixel\/implementation\/gdpr\n\t\t\t*\/\n\t\t\tif ( ( onetrustStorageConsent !== null ) && (onetrustStorageConsent.C0002 !== true ) ) {\n\t\t\t\tconsent=\"revoke\";\n\t\t\t}\n\t\t\t\t!function(f,b,e,v,n,t,s){if(f.fbq)return;n=f.fbq=function()\n\t\t{n.callMethod? n.callMethod.apply(n,arguments):n.queue.push(arguments)}\n\t\t;if(!f._fbq)f._fbq=n;\n\t\tn.push=n;n.loaded=!0;n.version='2.0';n.queue=[];t=b.createElement(e);t.async=!0;\n\t\tt.src=v;s=b.getElementsByTagName(e)[0];s.parentNode.insertBefore(t,s)}(window,\n\t\tdocument,'script','https:\/\/connect.facebook.net\/en_US\/fbevents.js');\n\t\tfbq('consent', consent);\n\t\tfbq('init', '813236348753005');\n\t\tfbq('track', \"PageView\");\n\t<\/script><br \/>\n<br \/><br \/>\n<br \/><a href=\"https:\/\/www.boston.com\/news\/politics\/2024\/08\/20\/wu-gets-personal-about-pregnancy-journey-while-endorsing-harris-walz-at-dnc\/\">Source link <\/a><\/p>","protected":false},"excerpt":{"rendered":"<p>Pol\u00edtica \u201cEu me senti muito sortuda por viver em Massachusetts, em um estado onde nossa lideran\u00e7a pol\u00edtica e a comunidade em geral disseram que proteger\u00edamos as mulheres a qualquer custo\u201d,&hellip;<\/p>","protected":false},"author":1,"featured_media":26766,"comment_status":"closed","ping_status":"open","sticky":false,"template":"","format":"standard","meta":{"content-type":"","footnotes":""},"categories":[1],"tags":[],"class_list":["post-26765","post","type-post","status-publish","format-standard","has-post-thumbnail","hentry","category-uncategorized"],"_links":{"self":[{"href":"https:\/\/tvbrazilusa.com\/pt\/wp-json\/wp\/v2\/posts\/26765","targetHints":{"allow":["GET"]}}],"collection":[{"href":"https:\/\/tvbrazilusa.com\/pt\/wp-json\/wp\/v2\/posts"}],"about":[{"href":"https:\/\/tvbrazilusa.com\/pt\/wp-json\/wp\/v2\/types\/post"}],"author":[{"embeddable":true,"href":"https:\/\/tvbrazilusa.com\/pt\/wp-json\/wp\/v2\/users\/1"}],"replies":[{"embeddable":true,"href":"https:\/\/tvbrazilusa.com\/pt\/wp-json\/wp\/v2\/comments?post=26765"}],"version-history":[{"count":1,"href":"https:\/\/tvbrazilusa.com\/pt\/wp-json\/wp\/v2\/posts\/26765\/revisions"}],"predecessor-version":[{"id":26767,"href":"https:\/\/tvbrazilusa.com\/pt\/wp-json\/wp\/v2\/posts\/26765\/revisions\/26767"}],"wp:featuredmedia":[{"embeddable":true,"href":"https:\/\/tvbrazilusa.com\/pt\/wp-json\/wp\/v2\/media\/26766"}],"wp:attachment":[{"href":"https:\/\/tvbrazilusa.com\/pt\/wp-json\/wp\/v2\/media?parent=26765"}],"wp:term":[{"taxonomy":"category","embeddable":true,"href":"https:\/\/tvbrazilusa.com\/pt\/wp-json\/wp\/v2\/categories?post=26765"},{"taxonomy":"post_tag","embeddable":true,"href":"https:\/\/tvbrazilusa.com\/pt\/wp-json\/wp\/v2\/tags?post=26765"}],"curies":[{"name":"wp","href":"https:\/\/api.w.org\/{rel}","templated":true}]}}