{"id":26840,"date":"2024-08-21T02:50:58","date_gmt":"2024-08-21T02:50:58","guid":{"rendered":"https:\/\/tvbrazilusa.com\/2024\/08\/21\/150-alunos-de-stoughton-nao-terao-vagas-nos-onibus-escolares-durante-o-ano-diz-superintendente\/"},"modified":"2024-08-21T03:01:02","modified_gmt":"2024-08-21T03:01:02","slug":"150-alunos-de-stoughton-nao-terao-vagas-nos-onibus-escolares-durante-o-ano-diz-superintendente","status":"publish","type":"post","link":"https:\/\/tvbrazilusa.com\/pt\/2024\/08\/21\/150-alunos-de-stoughton-nao-terao-vagas-nos-onibus-escolares-durante-o-ano-diz-superintendente\/","title":{"rendered":"150 alunos de Stoughton n\u00e3o ter\u00e3o vagas nos \u00f4nibus escolares durante o ano, diz superintendente"},"content":{"rendered":"<p> <script async src=\"https:\/\/pagead2.googlesyndication.com\/pagead\/js\/adsbygoogle.js?client=ca-pub-8864793242727901\"\r\n     crossorigin=\"anonymous\"><\/script><br \/>\n<\/p>\n<div id=\"\">\n<header class=\"m-article-header m-article-header--standard\">\n\t\t\t\t\t\t\t\t\t\t\t\t<span id=\"article-header-primary-term\"><br \/>\n\t\t\t\t\t\t\t\t<a class=\"a-term a-term--primary\" href=\"https:\/\/www.boston.com\/tag\/local-news\/\"><\/p>\n<p>\t\t\t\t\t\t\t\tNot\u00edcias locais\t\t\t\t\t\t\t\t<\/a><br \/>\n\t\t\t\t\t\t\t<\/span><\/p>\n<h2 class=\"m-article-header__sub-headline\">De acordo com o distrito, 150 estudantes, ou cerca de 10% dos estudantes que se inscreveram, n\u00e3o foram colocados em uma rota de \u00f4nibus.<\/h2>\n<figure class=\"a-photo m-article-header__photo\"><figcaption class=\"a-photo__caption\">\n<p>\tARQUIVO &#8211; Mais de 100 alunos do ensino fundamental e m\u00e9dio de Stoughton n\u00e3o conseguiram vaga no \u00f4nibus para o pr\u00f3ximo ano letivo.<em> Jeff Faughender\/Courier Journal via AP<\/em>\t<\/figcaption><\/figure>\n<\/header>\n<p>Fam\u00edlias em Stoughton est\u00e3o frustradas depois que mais de 100 alunos n\u00e3o conseguiram vaga no \u00f4nibus escolar neste ano letivo.<\/p>\n<p>O superintendente das escolas p\u00fablicas de Stoughton, Joseph Baeta, anunciou na sexta-feira que 150 alunos do ensino m\u00e9dio n\u00e3o receber\u00e3o transporte de \u00f4nibus de ida e volta para a escola. <\/p>\n<p>As fam\u00edlias participaram de uma reuni\u00e3o virtual na segunda-feira para discutir suas preocupa\u00e7\u00f5es sobre levar seus filhos \u00e0 escola a partir de 3 de setembro. Muitos pais que falaram disseram que trabalham durante o per\u00edodo de entrega ou retirada dos filhos. <\/p>\n<p>\u201cSou m\u00e3e solteira, ent\u00e3o n\u00e3o tenho op\u00e7\u00e3o de busc\u00e1-lo, n\u00e3o trabalho em casa, n\u00e3o tenho outra escolha a n\u00e3o ser deix\u00e1-lo pegar o \u00f4nibus\u201d, disse uma m\u00e3e de um aluno do sexto ano. <a href=\"https:\/\/www.boston25news.com\/news\/local\/plymouth-county\/parents-frustrated-over-lack-school-buses-150-stoughton-students-im-just-concerned\/THZWNROVPNBD3OEX4JYQUPC7E4\/\">disse na reuni\u00e3o<\/a>de acordo com o Boston News 25.<\/p>\n<p>Um porta-voz do distrito disse que mais de 50 pais compareceram \u00e0 reuni\u00e3o e \u201cn\u00f3s apreciamos poder ouvir suas preocupa\u00e7\u00f5es, bem como suas situa\u00e7\u00f5es pessoais relacionadas ao transporte escolar\u201d.<\/p>\n<p>O distrito disse que colocou os alunos nos \u00f4nibus conforme suas inscri\u00e7\u00f5es foram recebidas durante o per\u00edodo de matr\u00edcula de um m\u00eas. Com um aumento no n\u00famero de alunos se inscrevendo para vagas este ano, cerca de 10% dos alunos foram rejeitados.<\/p>\n<p>\u201cEntendemos os sentimentos de decep\u00e7\u00e3o e frustra\u00e7\u00e3o que isso causou \u00e0s fam\u00edlias que n\u00e3o receberam transporte de \u00f4nibus\u201d, escreveu Baeta. \u201cSentimos que \u00e9 importante explicar essa situa\u00e7\u00e3o a todas as nossas fam\u00edlias para permitir que voc\u00eas entendam melhor como chegamos a esse ponto.\u201d<\/p>\n<p>O distrito recebeu 162 inscri\u00e7\u00f5es a mais neste ver\u00e3o do que no ano letivo anterior, concedendo transporte a 1.379 alunos de 1.529 inscri\u00e7\u00f5es. O SPS disse que todos os alunos do ensino fundamental que se inscreveram para transporte de \u00f4nibus foram colocados em \u00f4nibus, mas 75 alunos do ensino fundamental e 75 do ensino m\u00e9dio n\u00e3o foram.  <\/p>\n<p>O distrito disse que n\u00e3o \u00e9 obrigado a transportar alunos do s\u00e9timo ao d\u00e9cimo segundo ano.<\/p>\n<p>Alunos do ensino fundamental e m\u00e9dio que moram a menos de 800 metros da escola tamb\u00e9m n\u00e3o t\u00eam direito ao transporte de \u00f4nibus, escreveu Baeta.<\/p>\n<p>\u201cMinha filha est\u00e1 no (plano educacional individual) e estou preocupada porque t\u00ea-la andando para qualquer lugar, quero dizer, isso \u00e9 uma responsabilidade para todos\u201d, disse outra m\u00e3e na reuni\u00e3o. <a href=\"https:\/\/www.nbcboston.com\/news\/local\/stoughton-school-bus-controversy\/3464587\/\">de acordo com NBC10Boston<\/a>. \u201cEu tamb\u00e9m sou uma m\u00e3e trabalhadora.\u201d<\/p>\n<p>Apesar do aumento de alunos que precisam de transporte de \u00f4nibus, a SPS est\u00e1 financiando um \u00f4nibus a menos do que no ano letivo anterior devido a restri\u00e7\u00f5es or\u00e7ament\u00e1rias, disse a SPS. O distrito escolar est\u00e1 operando dois \u00f4nibus adicionais para transportar alunos de hot\u00e9is e abrigos usados \u200b\u200bpelo estado <a href=\"https:\/\/www.boston.com\/news\/local-news\/2024\/07\/23\/healey-announces-major-shelter-system-changes-caps-stays-at-overflow-sites-to-5-days\/\">sistema de abrigo familiar de emerg\u00eancia<\/a>mas estes s\u00e3o pagos pelo estado.<\/p>\n<p>\u201c\u00c9 impreciso sugerir que essas crian\u00e7as que recebem transporte de \u00f4nibus s\u00e3o a raz\u00e3o pela qual as suas n\u00e3o receberam\u201d, escreveu Baeta. \u201cSe n\u00e3o estiv\u00e9ssemos recebendo o financiamento do estado para os alunos que vivem em hot\u00e9is\/abrigos, n\u00e3o poder\u00edamos ter esses dois \u00f4nibus adicionais.\u201d<\/p>\n<p>Um porta-voz da escola disse que a SPS est\u00e1 revisando as listas de \u00f4nibus para &#8220;quaisquer discrep\u00e2ncias&#8221; e fornecer\u00e1 uma atualiza\u00e7\u00e3o sobre transporte adicional na pr\u00f3xima semana.<\/p>\n<div class=\"m-block m-generic-cta\t m-generic-cta--post-content\t m-generic-cta--dark\t m-generic-cta--homepage\t m-generic-cta--email-signup\t\t m-generic-cta-block-style--default \tt-amp__generic-cta\"><\/p>\n<div class=\"m-generic-cta__wrap\">\n<div class=\"m-generic-cta__content\">\n<h3 class=\"m-generic-cta__title\">Boston.com Hoje<\/h3>\n<p class=\"m-generic-cta__subtitle\">Inscreva-se para receber as \u00faltimas manchetes na sua caixa de entrada todas as manh\u00e3s.<\/p>\n<\/p><\/div>\n<\/p><\/div>\n<\/div><\/div>\n<p><script>\n\t\tvar consent=\"grant\";\n\t\t\/* The above code is parsing the JSON data from the local storage and storing it in a variable. *\/\n\t\t\t\t\tconst onetrustStorageConsent = JSON.parse(localStorage.getItem( 'consent_one_trust_bdc' ) );\n\t\t\tif ( ( onetrustStorageConsent !== null ) ) {\n\t\t\t\t\/* Checking to see if the user has consented to the use of cookies.\n\t\t\t\t* If they have not, it is deleting the cookie.\n\t\t\t\t* This will comment for now, until further notice.\n\t\t\t\t*\/\n\t\t\t\t\/\/if ( onetrustStorageConsent.C0002 === false ) {\n\t\t\t\t\/\/\tdocument.cookie=\"_fbp=;expires=Thu, 01 Jan 2010 00:00:00 UTC; path=\/; domain=.boston.com\";\n\t\t\t\t\/\/}\n\t\t\t\t\/* Checking if the user has given consent for the cookie C0002.\n\t\t\t\t* If the user has given consent, the variable consent will be set to 'grant'.\n\t\t\t\t* If the user has not given consent,the variable consent will be set to 'revoke'.\n\t\t\t\t* Documentation https:\/\/developers.facebook.com\/docs\/meta-pixel\/implementation\/gdpr\n\t\t\t\t*\/\n\t\t\t\tif ( onetrustStorageConsent.C0002 !== true ) {\n\t\t\t\t\tconsent=\"revoke\";\n\t\t\t\t}\n\t\t\t}\n\t\t\t\t!function(f,b,e,v,n,t,s)\n\t\t{if(f.fbq)return;n=f.fbq=function(){n.callMethod?\n\t\tn.callMethod.apply(n,arguments):n.queue.push(arguments)};\n\t\tif(!f._fbq)f._fbq=n;n.push=n;n.loaded=!0;n.version='2.0';\n\t\tn.queue=[];t=b.createElement(e);t.async=!0;\n\t\tt.src=v;s=b.getElementsByTagName(e)[0];\n\t\ts.parentNode.insertBefore(t,s)}(window, document,'script',\n\t\t'https:\/\/connect.facebook.net\/en_US\/fbevents.js');\n\t\tfbq('consent', consent);\n\t\tfbq('init', '989222871864976');\n\t\tfbq('track', 'PageView');\n\t<\/script><script type=\"module\">\n\t\tvar consent=\"grant\";\n\t\t\/* The above code is parsing the JSON data from the local storage and storing it in a variable. *\/\n\t\t\tconst onetrustStorageConsent = JSON.parse(localStorage.getItem( 'consent_one_trust_bdc' ) );\n\t\t\t\/* Checking to see if the user has consented to the use of cookies.\n\t\t\t* If they have not, it is deleting the cookie.\n\t\t\t* This will comment for now, until further notice.\n\t\t\t*\/\n\t\t\t\/\/if ( onetrustStorageConsent.C0002 === false ) {\n\t\t\t\/\/\tdocument.cookie=\"_fbp=;expires=Thu, 01 Jan 2010 00:00:00 UTC; path=\/; domain=.boston.com\";\n\t\t\t\/\/}\n\t\t\t\/* Checking if the user has given consent for the cookie C0002.\n\t\t\t* If the user has given consent, the variable consent will be set to 'grant'.\n\t\t\t* If the user has not given consent,the variable consent will be set to 'revoke'.\n\t\t\t* Documentation https:\/\/developers.facebook.com\/docs\/meta-pixel\/implementation\/gdpr\n\t\t\t*\/\n\t\t\tif ( ( onetrustStorageConsent !== null ) && (onetrustStorageConsent.C0002 !== true ) ) {\n\t\t\t\tconsent=\"revoke\";\n\t\t\t}\n\t\t\t\t!function(f,b,e,v,n,t,s){if(f.fbq)return;n=f.fbq=function()\n\t\t{n.callMethod? n.callMethod.apply(n,arguments):n.queue.push(arguments)}\n\t\t;if(!f._fbq)f._fbq=n;\n\t\tn.push=n;n.loaded=!0;n.version='2.0';n.queue=[];t=b.createElement(e);t.async=!0;\n\t\tt.src=v;s=b.getElementsByTagName(e)[0];s.parentNode.insertBefore(t,s)}(window,\n\t\tdocument,'script','https:\/\/connect.facebook.net\/en_US\/fbevents.js');\n\t\tfbq('consent', consent);\n\t\tfbq('init', '813236348753005');\n\t\tfbq('track', \"PageView\");\n\t<\/script><br \/>\n<br \/><br \/>\n<br \/><a href=\"https:\/\/www.boston.com\/news\/local-news\/2024\/08\/20\/150-stoughton-students-not-given-spots-on-school-buses-for-the-year-superintendent-says\/\">Source link <\/a><\/p>","protected":false},"excerpt":{"rendered":"<p>Not\u00edcias locais De acordo com o distrito, 150 estudantes, ou cerca de 10% dos estudantes que se inscreveram, n\u00e3o foram colocados em uma rota de \u00f4nibus. ARQUIVO &#8211; Mais de&hellip;<\/p>","protected":false},"author":1,"featured_media":26841,"comment_status":"closed","ping_status":"open","sticky":false,"template":"","format":"standard","meta":{"content-type":"","footnotes":""},"categories":[1],"tags":[],"class_list":["post-26840","post","type-post","status-publish","format-standard","has-post-thumbnail","hentry","category-uncategorized"],"_links":{"self":[{"href":"https:\/\/tvbrazilusa.com\/pt\/wp-json\/wp\/v2\/posts\/26840","targetHints":{"allow":["GET"]}}],"collection":[{"href":"https:\/\/tvbrazilusa.com\/pt\/wp-json\/wp\/v2\/posts"}],"about":[{"href":"https:\/\/tvbrazilusa.com\/pt\/wp-json\/wp\/v2\/types\/post"}],"author":[{"embeddable":true,"href":"https:\/\/tvbrazilusa.com\/pt\/wp-json\/wp\/v2\/users\/1"}],"replies":[{"embeddable":true,"href":"https:\/\/tvbrazilusa.com\/pt\/wp-json\/wp\/v2\/comments?post=26840"}],"version-history":[{"count":1,"href":"https:\/\/tvbrazilusa.com\/pt\/wp-json\/wp\/v2\/posts\/26840\/revisions"}],"predecessor-version":[{"id":26842,"href":"https:\/\/tvbrazilusa.com\/pt\/wp-json\/wp\/v2\/posts\/26840\/revisions\/26842"}],"wp:featuredmedia":[{"embeddable":true,"href":"https:\/\/tvbrazilusa.com\/pt\/wp-json\/wp\/v2\/media\/26841"}],"wp:attachment":[{"href":"https:\/\/tvbrazilusa.com\/pt\/wp-json\/wp\/v2\/media?parent=26840"}],"wp:term":[{"taxonomy":"category","embeddable":true,"href":"https:\/\/tvbrazilusa.com\/pt\/wp-json\/wp\/v2\/categories?post=26840"},{"taxonomy":"post_tag","embeddable":true,"href":"https:\/\/tvbrazilusa.com\/pt\/wp-json\/wp\/v2\/tags?post=26840"}],"curies":[{"name":"wp","href":"https:\/\/api.w.org\/{rel}","templated":true}]}}