{"id":26901,"date":"2024-08-21T12:13:38","date_gmt":"2024-08-21T12:13:38","guid":{"rendered":"https:\/\/tvbrazilusa.com\/2024\/08\/21\/sol-escaldante-para-tempestades-na-quarta-feira-wsvn-7news-noticias-de-miami-clima-esportes-fort-lauderdale\/"},"modified":"2024-08-21T12:29:40","modified_gmt":"2024-08-21T12:29:40","slug":"sol-escaldante-para-tempestades-na-quarta-feira-wsvn-7news-noticias-de-miami-clima-esportes-fort-lauderdale","status":"publish","type":"post","link":"https:\/\/tvbrazilusa.com\/pt\/2024\/08\/21\/sol-escaldante-para-tempestades-na-quarta-feira-wsvn-7news-noticias-de-miami-clima-esportes-fort-lauderdale\/","title":{"rendered":"Sol escaldante para tempestades na quarta-feira &#8211; WSVN 7News | Not\u00edcias de Miami, Clima, Esportes | Fort Lauderdale"},"content":{"rendered":"<p> <script async src=\"https:\/\/pagead2.googlesyndication.com\/pagead\/js\/adsbygoogle.js?client=ca-pub-8864793242727901\"\r\n     crossorigin=\"anonymous\"><\/script><br \/>\n<\/p>\n<div itemprop=\"articleBody\">\n<p>Mais uma fase de clima inst\u00e1vel tomou forma esta semana e continuar\u00e1 assim no futuro pr\u00f3ximo no sul da Fl\u00f3rida, cortesia de uma frente parada ao norte, essencialmente prendendo umidade em todo o estado.<\/p>\n<figure class=\"wp-block-image size-large\"><\/figure>\n<p>Para nossa quarta-feira, um vento sudoeste permanecer\u00e1, auxiliando no r\u00e1pido aquecimento das temperaturas durante as horas da manh\u00e3. O sol deve permanecer at\u00e9 o meio-dia, levando a m\u00e1ximas em meados dos 90, antes que chuvas e tempestades irrompam, especialmente durante o meio da tarde at\u00e9 as horas da noite em toda a costa leste do metr\u00f4.<\/p>\n<figure class=\"wp-block-image size-large\"><img fetchpriority=\"high\" decoding=\"async\" width=\"1920\" height=\"1080\" src=\"https:\/\/wsvn.com\/wp-content\/uploads\/sites\/2\/2024\/08\/3_ebb801.png?w=1024\" alt=\"\" class=\"wp-image-1475437\" srcset=\"https:\/\/wsvn.com\/wp-content\/uploads\/sites\/2\/2024\/08\/3_ebb801.png 1920w, https:\/\/wsvn.com\/wp-content\/uploads\/sites\/2\/2024\/08\/3_ebb801.png?resize=300,169 300w, https:\/\/wsvn.com\/wp-content\/uploads\/sites\/2\/2024\/08\/3_ebb801.png?resize=768,432 768w, https:\/\/wsvn.com\/wp-content\/uploads\/sites\/2\/2024\/08\/3_ebb801.png?resize=1024,576 1024w, https:\/\/wsvn.com\/wp-content\/uploads\/sites\/2\/2024\/08\/3_ebb801.png?resize=1536,864 1536w\" sizes=\"(max-width: 1920px) 100vw, 1920px\"\/><\/figure>\n<p>Considerando que a previs\u00e3o indica que as temperaturas chegar\u00e3o bem perto dos tr\u00eas d\u00edgitos, um alerta de calor est\u00e1 em vigor para Miami-Dade, Broward e Florida Keys nesta quarta-feira.<\/p>\n<figure class=\"wp-block-image size-large\"><img loading=\"lazy\" decoding=\"async\" width=\"1920\" height=\"1080\" src=\"https:\/\/wsvn.com\/wp-content\/uploads\/sites\/2\/2024\/08\/5_8a7854.png?w=1024\" alt=\"\" class=\"wp-image-1475439\" srcset=\"https:\/\/wsvn.com\/wp-content\/uploads\/sites\/2\/2024\/08\/5_8a7854.png 1920w, https:\/\/wsvn.com\/wp-content\/uploads\/sites\/2\/2024\/08\/5_8a7854.png?resize=300,169 300w, https:\/\/wsvn.com\/wp-content\/uploads\/sites\/2\/2024\/08\/5_8a7854.png?resize=768,432 768w, https:\/\/wsvn.com\/wp-content\/uploads\/sites\/2\/2024\/08\/5_8a7854.png?resize=1024,576 1024w, https:\/\/wsvn.com\/wp-content\/uploads\/sites\/2\/2024\/08\/5_8a7854.png?resize=1536,864 1536w\" sizes=\"auto, (max-width: 1920px) 100vw, 1920px\"\/><\/figure>\n<figure class=\"wp-block-image size-large\"><img loading=\"lazy\" decoding=\"async\" width=\"1920\" height=\"1080\" src=\"https:\/\/wsvn.com\/wp-content\/uploads\/sites\/2\/2024\/08\/6_7a359b.png?w=1024\" alt=\"\" class=\"wp-image-1475440\" srcset=\"https:\/\/wsvn.com\/wp-content\/uploads\/sites\/2\/2024\/08\/6_7a359b.png 1920w, https:\/\/wsvn.com\/wp-content\/uploads\/sites\/2\/2024\/08\/6_7a359b.png?resize=300,169 300w, https:\/\/wsvn.com\/wp-content\/uploads\/sites\/2\/2024\/08\/6_7a359b.png?resize=768,432 768w, https:\/\/wsvn.com\/wp-content\/uploads\/sites\/2\/2024\/08\/6_7a359b.png?resize=1024,576 1024w, https:\/\/wsvn.com\/wp-content\/uploads\/sites\/2\/2024\/08\/6_7a359b.png?resize=1536,864 1536w\" sizes=\"auto, (max-width: 1920px) 100vw, 1920px\"\/><\/figure>\n<p>Daqui para frente, nossos ventos assumir\u00e3o uma &#8220;virada&#8221;, mudando de uma dire\u00e7\u00e3o sudoeste hoje para uma dire\u00e7\u00e3o terrestre principalmente para o leste at\u00e9 sexta-feira. Isso levar\u00e1 a uma mudan\u00e7a no tempo de chuva e tempestade, favorecendo a chance de algumas pancadas de chuva e tempestades matinais seguidas por tempestades \u00e0 tarde, principalmente nas zonas interiores.<\/p>\n<figure class=\"wp-block-image size-large\"><img loading=\"lazy\" decoding=\"async\" width=\"1920\" height=\"1080\" src=\"https:\/\/wsvn.com\/wp-content\/uploads\/sites\/2\/2024\/08\/4_cea075.png?w=1024\" alt=\"\" class=\"wp-image-1475436\" srcset=\"https:\/\/wsvn.com\/wp-content\/uploads\/sites\/2\/2024\/08\/4_cea075.png 1920w, https:\/\/wsvn.com\/wp-content\/uploads\/sites\/2\/2024\/08\/4_cea075.png?resize=300,169 300w, https:\/\/wsvn.com\/wp-content\/uploads\/sites\/2\/2024\/08\/4_cea075.png?resize=768,432 768w, https:\/\/wsvn.com\/wp-content\/uploads\/sites\/2\/2024\/08\/4_cea075.png?resize=1024,576 1024w, https:\/\/wsvn.com\/wp-content\/uploads\/sites\/2\/2024\/08\/4_cea075.png?resize=1536,864 1536w\" sizes=\"auto, (max-width: 1920px) 100vw, 1920px\"\/><\/figure>\n<p>No fim de semana, ent\u00e3o vemos uma onda tropical fraca que ir\u00e1 rastrear o sul da Fl\u00f3rida. Se a umidade se mantiver com essa onda, ent\u00e3o pode ser um fim de semana chuvoso e encharcado.<\/p>\n<figure class=\"wp-block-image size-large\"><img loading=\"lazy\" decoding=\"async\" width=\"1920\" height=\"1080\" src=\"https:\/\/wsvn.com\/wp-content\/uploads\/sites\/2\/2024\/08\/7_530e72.png?w=1024\" alt=\"\" class=\"wp-image-1475441\" srcset=\"https:\/\/wsvn.com\/wp-content\/uploads\/sites\/2\/2024\/08\/7_530e72.png 1920w, https:\/\/wsvn.com\/wp-content\/uploads\/sites\/2\/2024\/08\/7_530e72.png?resize=300,169 300w, https:\/\/wsvn.com\/wp-content\/uploads\/sites\/2\/2024\/08\/7_530e72.png?resize=768,432 768w, https:\/\/wsvn.com\/wp-content\/uploads\/sites\/2\/2024\/08\/7_530e72.png?resize=1024,576 1024w, https:\/\/wsvn.com\/wp-content\/uploads\/sites\/2\/2024\/08\/7_530e72.png?resize=1536,864 1536w\" sizes=\"auto, (max-width: 1920px) 100vw, 1920px\"\/><\/figure>\n<p>No momento, n\u00e3o estamos prevendo uma chuva torrencial, mas esperamos que ela seja inst\u00e1vel, com mais nuvens do que sol, al\u00e9m de pancadas de chuva e tempestades esparsas, especialmente durante o per\u00edodo do meio-dia.<\/p>\n<p>At\u00e9 domingo, est\u00e1 prevista uma precipita\u00e7\u00e3o de 2,5 a 7,5 cm.<\/p>\n<figure class=\"wp-block-image size-large\"><img loading=\"lazy\" decoding=\"async\" width=\"1920\" height=\"1080\" src=\"https:\/\/wsvn.com\/wp-content\/uploads\/sites\/2\/2024\/08\/8_3a48cf.png?w=1024\" alt=\"\" class=\"wp-image-1475443\" srcset=\"https:\/\/wsvn.com\/wp-content\/uploads\/sites\/2\/2024\/08\/8_3a48cf.png 1920w, https:\/\/wsvn.com\/wp-content\/uploads\/sites\/2\/2024\/08\/8_3a48cf.png?resize=300,169 300w, https:\/\/wsvn.com\/wp-content\/uploads\/sites\/2\/2024\/08\/8_3a48cf.png?resize=768,432 768w, https:\/\/wsvn.com\/wp-content\/uploads\/sites\/2\/2024\/08\/8_3a48cf.png?resize=1024,576 1024w, https:\/\/wsvn.com\/wp-content\/uploads\/sites\/2\/2024\/08\/8_3a48cf.png?resize=1536,864 1536w\" sizes=\"auto, (max-width: 1920px) 100vw, 1920px\"\/><\/figure>\n<p>As chances de chuva permanecer\u00e3o at\u00e9 o in\u00edcio da pr\u00f3xima semana, pois a umidade deve permanecer por tr\u00e1s dessa onda.<\/p>\n<figure class=\"wp-block-image size-large\"><img loading=\"lazy\" decoding=\"async\" width=\"1920\" height=\"1080\" src=\"https:\/\/wsvn.com\/wp-content\/uploads\/sites\/2\/2024\/08\/2_9fdeb9.png?w=1024\" alt=\"\" class=\"wp-image-1475435\" srcset=\"https:\/\/wsvn.com\/wp-content\/uploads\/sites\/2\/2024\/08\/2_9fdeb9.png 1920w, https:\/\/wsvn.com\/wp-content\/uploads\/sites\/2\/2024\/08\/2_9fdeb9.png?resize=300,169 300w, https:\/\/wsvn.com\/wp-content\/uploads\/sites\/2\/2024\/08\/2_9fdeb9.png?resize=768,432 768w, https:\/\/wsvn.com\/wp-content\/uploads\/sites\/2\/2024\/08\/2_9fdeb9.png?resize=1024,576 1024w, https:\/\/wsvn.com\/wp-content\/uploads\/sites\/2\/2024\/08\/2_9fdeb9.png?resize=1536,864 1536w\" sizes=\"auto, (max-width: 1920px) 100vw, 1920px\"\/><\/figure>\n<div class=\"wp-block-newsletter\">\n\t<strong class=\"wp-block-newsletter__title\">Inscreva-se em nossa Newsletter para receber as \u00faltimas not\u00edcias diretamente na sua caixa de entrada<\/strong><\/p>\n<\/div><\/div>\n<p><br \/>\n<br \/><a href=\"https:\/\/wsvn.com\/weather-blog\/sweltering-sun-to-storms-wednesday\/\">Source link <\/a><\/p>","protected":false},"excerpt":{"rendered":"<p>Mais uma fase de clima inst\u00e1vel tomou forma esta semana e continuar\u00e1 assim no futuro pr\u00f3ximo no sul da Fl\u00f3rida, cortesia de uma frente parada ao norte, essencialmente prendendo umidade&hellip;<\/p>","protected":false},"author":1,"featured_media":26902,"comment_status":"closed","ping_status":"open","sticky":false,"template":"","format":"standard","meta":{"content-type":"","footnotes":""},"categories":[1],"tags":[],"class_list":["post-26901","post","type-post","status-publish","format-standard","has-post-thumbnail","hentry","category-uncategorized"],"_links":{"self":[{"href":"https:\/\/tvbrazilusa.com\/pt\/wp-json\/wp\/v2\/posts\/26901","targetHints":{"allow":["GET"]}}],"collection":[{"href":"https:\/\/tvbrazilusa.com\/pt\/wp-json\/wp\/v2\/posts"}],"about":[{"href":"https:\/\/tvbrazilusa.com\/pt\/wp-json\/wp\/v2\/types\/post"}],"author":[{"embeddable":true,"href":"https:\/\/tvbrazilusa.com\/pt\/wp-json\/wp\/v2\/users\/1"}],"replies":[{"embeddable":true,"href":"https:\/\/tvbrazilusa.com\/pt\/wp-json\/wp\/v2\/comments?post=26901"}],"version-history":[{"count":1,"href":"https:\/\/tvbrazilusa.com\/pt\/wp-json\/wp\/v2\/posts\/26901\/revisions"}],"predecessor-version":[{"id":26903,"href":"https:\/\/tvbrazilusa.com\/pt\/wp-json\/wp\/v2\/posts\/26901\/revisions\/26903"}],"wp:featuredmedia":[{"embeddable":true,"href":"https:\/\/tvbrazilusa.com\/pt\/wp-json\/wp\/v2\/media\/26902"}],"wp:attachment":[{"href":"https:\/\/tvbrazilusa.com\/pt\/wp-json\/wp\/v2\/media?parent=26901"}],"wp:term":[{"taxonomy":"category","embeddable":true,"href":"https:\/\/tvbrazilusa.com\/pt\/wp-json\/wp\/v2\/categories?post=26901"},{"taxonomy":"post_tag","embeddable":true,"href":"https:\/\/tvbrazilusa.com\/pt\/wp-json\/wp\/v2\/tags?post=26901"}],"curies":[{"name":"wp","href":"https:\/\/api.w.org\/{rel}","templated":true}]}}