{"id":26910,"date":"2024-08-21T11:51:49","date_gmt":"2024-08-21T11:51:49","guid":{"rendered":"https:\/\/tvbrazilusa.com\/2024\/08\/21\/panama-deporta-29-imigrantes-colombianos-no-primeiro-voo-de-repatriacao-financiado-pelos-eua-wsvn-7news-noticias-de-miami-clima-esportes-fort-lauderdale\/"},"modified":"2024-08-21T12:46:00","modified_gmt":"2024-08-21T12:46:00","slug":"panama-deporta-29-imigrantes-colombianos-no-primeiro-voo-de-repatriacao-financiado-pelos-eua-wsvn-7news-noticias-de-miami-clima-esportes-fort-lauderdale","status":"publish","type":"post","link":"https:\/\/tvbrazilusa.com\/pt\/2024\/08\/21\/panama-deporta-29-imigrantes-colombianos-no-primeiro-voo-de-repatriacao-financiado-pelos-eua-wsvn-7news-noticias-de-miami-clima-esportes-fort-lauderdale\/","title":{"rendered":"Panam\u00e1 deporta 29 imigrantes colombianos no primeiro voo de repatria\u00e7\u00e3o financiado pelos EUA &#8211; WSVN 7News | Not\u00edcias de Miami, Clima, Esportes | Fort Lauderdale"},"content":{"rendered":"<p> <script async src=\"https:\/\/pagead2.googlesyndication.com\/pagead\/js\/adsbygoogle.js?client=ca-pub-8864793242727901\"\r\n     crossorigin=\"anonymous\"><\/script><br \/>\n<\/p>\n<div itemprop=\"articleBody\">\n<p>(CNN) \u2014 O Panam\u00e1 realizou na ter\u00e7a-feira seu primeiro voo de deporta\u00e7\u00e3o de migrantes financiado pelos Estados Unidos, parte de um esfor\u00e7o crescente para reduzir o n\u00famero de migrantes que viajam para o norte pela regi\u00e3o.<\/p>\n<p>Vinte e nove colombianos foram deportados da Cidade do Panam\u00e1 para Medell\u00edn, na Col\u00f4mbia, de acordo com o vice-ministro da Seguran\u00e7a do Panam\u00e1, Luis Felipe Icaza.<\/p>\n<p>Os deportados embarcaram no avi\u00e3o no in\u00edcio da manh\u00e3 com algemas nas m\u00e3os e tornozelos, escoltados por autoridades da ag\u00eancia de migra\u00e7\u00e3o do Panam\u00e1. O chefe da ag\u00eancia, Roger Mojica, disse que muitos dos que estavam a bordo tinham antecedentes criminais na Col\u00f4mbia. Um deles era membro da organiza\u00e7\u00e3o criminosa Clan del Golfo, alegou Icaza.<\/p>\n<p>O voo de deporta\u00e7\u00e3o foi realizado depois que os EUA e o Panam\u00e1 assinaram um memorando de coopera\u00e7\u00e3o em 1\u00ba de julho para reduzir o n\u00famero de migrantes que cruzam o Panam\u00e1 sem permiss\u00e3o, a caminho dos EUA.<\/p>\n<p>Durante uma coletiva de imprensa sobre os voos de repatria\u00e7\u00e3o na ter\u00e7a-feira, a autoridade do Departamento de Seguran\u00e7a Interna dos EUA, Marlen Pi\u00f1eiro, pediu aos migrantes que parassem de caminhar pela trai\u00e7oeira selva de Dari\u00e9n, entre o Panam\u00e1 e a Col\u00f4mbia, para chegar aos EUA, dizendo: &#8220;Para n\u00f3s, a mensagem que estamos enviando \u00e9 clara: Dari\u00e9n n\u00e3o \u00e9 uma rota&#8221;.<\/p>\n<p>No m\u00eas passado, o Panam\u00e1 colocou arame farpado em v\u00e1rias rotas na selva de Dari\u00e9n na tentativa de bloquear a rota para o norte.<\/p>\n<p>At\u00e9 agora neste ano, mais de 230.000 pessoas entraram no Panam\u00e1 pela selva de Dari\u00e9n, vindas da Col\u00f4mbia. E at\u00e9 agora em agosto, mais de 8.000 passaram por l\u00e1. Esses n\u00fameros representariam uma queda de 30% em compara\u00e7\u00e3o com o mesmo per\u00edodo de janeiro a agosto de 2023, de acordo com Mojica.<\/p>\n<p>Por enquanto, o Panam\u00e1 est\u00e1 realizando apenas voos de deporta\u00e7\u00e3o para a Col\u00f4mbia, disse Mojica.<\/p>\n<p>Ele acrescentou que o Panam\u00e1 est\u00e1 trabalhando na coordena\u00e7\u00e3o de voos para outros pa\u00edses, como Equador e \u00cdndia, mas n\u00e3o para a Venezuela, onde a devasta\u00e7\u00e3o econ\u00f4mica e um governo autorit\u00e1rio expulsaram mais pessoas do que qualquer outro lugar na regi\u00e3o.<\/p>\n<p>Icaza disse que mais voos s\u00e3o esperados nos pr\u00f3ximos dias, com o pr\u00f3ximo decolando j\u00e1 na sexta-feira.<\/p>\n<p><em>The-CNN-Wire\u2122 &#038; \u00a9 2024 Cable News Network, Inc., uma empresa Time Warner. Todos os direitos reservados.<\/em><\/p>\n<div class=\"wp-block-newsletter\">\n\t<strong class=\"wp-block-newsletter__title\">Inscreva-se em nossa Newsletter para receber as \u00faltimas not\u00edcias diretamente na sua caixa de entrada<\/strong><\/p>\n<\/div><\/div>\n<p><br \/>\n<br \/><a href=\"https:\/\/wsvn.com\/news\/us-world\/panama-deports-29-colombian-migrants-on-first-us-funded-repatriation-flight\/\">Source link <\/a><\/p>","protected":false},"excerpt":{"rendered":"<p>(CNN) \u2014 O Panam\u00e1 realizou na ter\u00e7a-feira seu primeiro voo de deporta\u00e7\u00e3o de migrantes financiado pelos Estados Unidos, parte de um esfor\u00e7o crescente para reduzir o n\u00famero de migrantes que&hellip;<\/p>","protected":false},"author":1,"featured_media":26911,"comment_status":"closed","ping_status":"open","sticky":false,"template":"","format":"standard","meta":{"content-type":"","footnotes":""},"categories":[1],"tags":[],"class_list":["post-26910","post","type-post","status-publish","format-standard","has-post-thumbnail","hentry","category-uncategorized"],"_links":{"self":[{"href":"https:\/\/tvbrazilusa.com\/pt\/wp-json\/wp\/v2\/posts\/26910","targetHints":{"allow":["GET"]}}],"collection":[{"href":"https:\/\/tvbrazilusa.com\/pt\/wp-json\/wp\/v2\/posts"}],"about":[{"href":"https:\/\/tvbrazilusa.com\/pt\/wp-json\/wp\/v2\/types\/post"}],"author":[{"embeddable":true,"href":"https:\/\/tvbrazilusa.com\/pt\/wp-json\/wp\/v2\/users\/1"}],"replies":[{"embeddable":true,"href":"https:\/\/tvbrazilusa.com\/pt\/wp-json\/wp\/v2\/comments?post=26910"}],"version-history":[{"count":1,"href":"https:\/\/tvbrazilusa.com\/pt\/wp-json\/wp\/v2\/posts\/26910\/revisions"}],"predecessor-version":[{"id":26912,"href":"https:\/\/tvbrazilusa.com\/pt\/wp-json\/wp\/v2\/posts\/26910\/revisions\/26912"}],"wp:featuredmedia":[{"embeddable":true,"href":"https:\/\/tvbrazilusa.com\/pt\/wp-json\/wp\/v2\/media\/26911"}],"wp:attachment":[{"href":"https:\/\/tvbrazilusa.com\/pt\/wp-json\/wp\/v2\/media?parent=26910"}],"wp:term":[{"taxonomy":"category","embeddable":true,"href":"https:\/\/tvbrazilusa.com\/pt\/wp-json\/wp\/v2\/categories?post=26910"},{"taxonomy":"post_tag","embeddable":true,"href":"https:\/\/tvbrazilusa.com\/pt\/wp-json\/wp\/v2\/tags?post=26910"}],"curies":[{"name":"wp","href":"https:\/\/api.w.org\/{rel}","templated":true}]}}