{"id":26931,"date":"2024-08-21T13:58:50","date_gmt":"2024-08-21T13:58:50","guid":{"rendered":"https:\/\/tvbrazilusa.com\/2024\/08\/21\/senador-da-florida-joe-gruters-planeja-proibir-fumar-em-locais-publicos-wsvn-7news-noticias-de-miami-clima-esportes-fort-lauderdale\/"},"modified":"2024-08-21T14:12:50","modified_gmt":"2024-08-21T14:12:50","slug":"senador-da-florida-joe-gruters-planeja-proibir-fumar-em-locais-publicos-wsvn-7news-noticias-de-miami-clima-esportes-fort-lauderdale","status":"publish","type":"post","link":"https:\/\/tvbrazilusa.com\/pt\/2024\/08\/21\/senador-da-florida-joe-gruters-planeja-proibir-fumar-em-locais-publicos-wsvn-7news-noticias-de-miami-clima-esportes-fort-lauderdale\/","title":{"rendered":"Senador da Fl\u00f3rida Joe Gruters planeja proibir fumar em locais p\u00fablicos &#8211; WSVN 7News | Not\u00edcias de Miami, Clima, Esportes | Fort Lauderdale"},"content":{"rendered":"<p> <script async src=\"https:\/\/pagead2.googlesyndication.com\/pagead\/js\/adsbygoogle.js?client=ca-pub-8864793242727901\"\r\n     crossorigin=\"anonymous\"><\/script><br \/>\n<\/p>\n<div itemprop=\"articleBody\">\n<p>(WSVN) &#8211; Um senador da Fl\u00f3rida anunciou planos para proibir fumar e usar cigarros eletr\u00f4nicos em espa\u00e7os p\u00fablicos. <\/p>\n<p>Fumar em locais de trabalho fechados j\u00e1 \u00e9 proibido no estado ensolarado, mas o senador republicano Joe Gruters, representando o Condado de Sarasota, tem planos de ampliar a proibi\u00e7\u00e3o durante a pr\u00f3xima sess\u00e3o legislativa, embora a maconha recreativa tenha potencial para ser legalizada em novembro.  <\/p>\n<p>Locais p\u00fablicos comuns aos quais a proibi\u00e7\u00e3o se aplicar\u00e1 incluem ruas da cidade, cal\u00e7adas e parques p\u00fablicos. <\/p>\n<figure class=\"wp-block-embed is-type-rich is-provider-twitter wp-block-embed-twitter\">\n<div class=\"wp-block-embed__wrapper\">\n<div data-sun-oembed=\"https:\/\/twitter.com\/JoeGruters\/status\/1824193026278952986\">\n<blockquote class=\"twitter-tweet\" data-width=\"500\" data-dnt=\"true\">\n<p lang=\"en\" dir=\"ltr\">A Emenda 3 d\u00e1 \u00e0 legislatura a autoridade para restringir onde a maconha \u00e9 consumida. Estou comprometido em fazer a Emenda 3 funcionar para todos os floridianos, e isso significa proibir fumar em locais p\u00fablicos.    <a href=\"https:\/\/t.co\/1S3vVHDXPT\">https:\/\/t.co\/1S3vVHDXPT<\/a><\/p>\n<p>\u2014 Joe Gruters (@JoeGruters) <a href=\"https:\/\/twitter.com\/JoeGruters\/status\/1824193026278952986?ref_src=twsrc%5Etfw\">15 de agosto de 2024<\/a><\/p><\/blockquote>\n<\/div>\n<\/div><figcaption class=\"wp-element-caption\">Senador republicano Joe Gruters<\/figcaption><\/figure>\n<p>O p\u00fablico tem opini\u00f5es divergentes sobre o assunto: alguns afirmam que seria bom comer em paz sem fuma\u00e7a no ambiente, enquanto outros dizem que n\u00e3o faz sentido. <\/p>\n<p><em>Copyright 2024 Sunbeam Television Corp. Todos os direitos reservados. Este material n\u00e3o pode ser publicado, transmitido, reescrito ou redistribu\u00eddo.<\/em><\/p>\n<div class=\"wp-block-newsletter\">\n\t<strong class=\"wp-block-newsletter__title\">Inscreva-se em nossa Newsletter para receber as \u00faltimas not\u00edcias diretamente na sua caixa de entrada<\/strong><\/p>\n<\/div><\/div>\n<p><script async src=\"\/\/platform.twitter.com\/widgets.js\" charset=\"utf-8\"><\/script><br \/>\n<br \/><br \/>\n<br \/><a href=\"https:\/\/wsvn.com\/news\/local\/florida\/florida-sen-joe-gruters-plans-to-ban-smoking-in-public-places\/\">Source link <\/a><\/p>","protected":false},"excerpt":{"rendered":"<p>(WSVN) &#8211; Um senador da Fl\u00f3rida anunciou planos para proibir fumar e usar cigarros eletr\u00f4nicos em espa\u00e7os p\u00fablicos. Fumar em locais de trabalho fechados j\u00e1 \u00e9 proibido no estado ensolarado,&hellip;<\/p>","protected":false},"author":1,"featured_media":26932,"comment_status":"closed","ping_status":"open","sticky":false,"template":"","format":"standard","meta":{"content-type":"","footnotes":""},"categories":[1],"tags":[],"class_list":["post-26931","post","type-post","status-publish","format-standard","has-post-thumbnail","hentry","category-uncategorized"],"_links":{"self":[{"href":"https:\/\/tvbrazilusa.com\/pt\/wp-json\/wp\/v2\/posts\/26931","targetHints":{"allow":["GET"]}}],"collection":[{"href":"https:\/\/tvbrazilusa.com\/pt\/wp-json\/wp\/v2\/posts"}],"about":[{"href":"https:\/\/tvbrazilusa.com\/pt\/wp-json\/wp\/v2\/types\/post"}],"author":[{"embeddable":true,"href":"https:\/\/tvbrazilusa.com\/pt\/wp-json\/wp\/v2\/users\/1"}],"replies":[{"embeddable":true,"href":"https:\/\/tvbrazilusa.com\/pt\/wp-json\/wp\/v2\/comments?post=26931"}],"version-history":[{"count":1,"href":"https:\/\/tvbrazilusa.com\/pt\/wp-json\/wp\/v2\/posts\/26931\/revisions"}],"predecessor-version":[{"id":26933,"href":"https:\/\/tvbrazilusa.com\/pt\/wp-json\/wp\/v2\/posts\/26931\/revisions\/26933"}],"wp:featuredmedia":[{"embeddable":true,"href":"https:\/\/tvbrazilusa.com\/pt\/wp-json\/wp\/v2\/media\/26932"}],"wp:attachment":[{"href":"https:\/\/tvbrazilusa.com\/pt\/wp-json\/wp\/v2\/media?parent=26931"}],"wp:term":[{"taxonomy":"category","embeddable":true,"href":"https:\/\/tvbrazilusa.com\/pt\/wp-json\/wp\/v2\/categories?post=26931"},{"taxonomy":"post_tag","embeddable":true,"href":"https:\/\/tvbrazilusa.com\/pt\/wp-json\/wp\/v2\/tags?post=26931"}],"curies":[{"name":"wp","href":"https:\/\/api.w.org\/{rel}","templated":true}]}}