{"id":26940,"date":"2024-08-21T14:31:38","date_gmt":"2024-08-21T14:31:38","guid":{"rendered":"https:\/\/tvbrazilusa.com\/2024\/08\/21\/patriots-trocam-escolha-no-1-escolhem-cornerback-cujas-caracteristicas-gritam-estrela-da-nfl-no-draft-simulado-da-espn-de-2025\/"},"modified":"2024-08-21T14:34:06","modified_gmt":"2024-08-21T14:34:06","slug":"patriots-trocam-escolha-no-1-escolhem-cornerback-cujas-caracteristicas-gritam-estrela-da-nfl-no-draft-simulado-da-espn-de-2025","status":"publish","type":"post","link":"https:\/\/tvbrazilusa.com\/pt\/2024\/08\/21\/patriots-trocam-escolha-no-1-escolhem-cornerback-cujas-caracteristicas-gritam-estrela-da-nfl-no-draft-simulado-da-espn-de-2025\/","title":{"rendered":"Patriots trocam escolha n\u00ba 1, escolhem cornerback cujas caracter\u00edsticas &#8216;gritam estrela da NFL&#8217; no draft simulado da ESPN de 2025"},"content":{"rendered":"<p> <script async src=\"https:\/\/pagead2.googlesyndication.com\/pagead\/js\/adsbygoogle.js?client=ca-pub-8864793242727901\"\r\n     crossorigin=\"anonymous\"><\/script><br \/>\n<\/p>\n<div id=\"\">\n<header class=\"m-article-header m-article-header--standard\">\n\t\t\t\t\t\t\t\t\t\t\t\t<span id=\"article-header-primary-term\"><br \/>\n\t\t\t\t\t\t\t\t<a class=\"a-term a-term--primary\" href=\"https:\/\/www.boston.com\/tag\/new-england-patriots\/\"><\/p>\n<p>\t\t\t\t\t\t\t\tPatriotas\t\t\t\t\t\t\t\t<\/a><br \/>\n\t\t\t\t\t\t\t<\/span><\/p>\n<h2 class=\"m-article-header__sub-headline\">Field Yates, da ESPN, diz que os Patriots negociar\u00e3o a escolha n\u00famero 1 com os Giants em troca de v\u00e1rias escolhas, incluindo a n\u00famero 6.<\/h2>\n<figure class=\"a-photo m-article-header__photo\"><figcaption class=\"a-photo__caption\">\n<p>\tO cornerback de Michigan, Will Johnson, comemora com seus companheiros de equipe. <em> AP Photo\/David J. Phillip, Arquivo<\/em>\t<\/figcaption><\/figure>\n<\/header>\n<div class=\"m-block t-amp__list-container m-article-list-container  m-article-list-container--frame-border a-border-frame  a-list-header__headline--red m-article-list--alternative--default  m-article-list--floated\">\n<ul class=\"t-amp__list a-list--no-style m-article-list m-article-list--recirculation m-article-list--has-images\">\n<li class=\"m-article-list__item m-article-list__item--featured\">\n\t\t\t\t<a class=\"m-article-list__link-wrapper\" href=\"https:\/\/www.boston.com\/sports\/new-england-patriots\/2024\/08\/20\/bill-belichick-explains-what-trait-made-tom-brady-stand-out-as-a-rookie\/\" data-p1=\"article_recirc_inline_feature\"><br \/>\n\t\t\t\t<img fetchpriority=\"high\" decoding=\"async\" width=\"768\" height=\"432\" src=\"https:\/\/bdc2020.o0bc.com\/wp-content\/uploads\/2024\/08\/https___arcmigration-prdweb.bostonglobe.com_r_Boston_2011-2020_2017_08_10_BostonGlobe.com_ReceivedContent_Images_davis_pats3_spts-11106-66c4e9af3b312-768x432.jpg\" class=\"t-amp__list-image m-article-list__image m-article-list__image--full\" alt=\"Com apenas tr\u00eas dias de folga entre os jogos, o quarterback do Patriots, Tom Brady (atr\u00e1s) e o t\u00e9cnico Bill Belichick (frente) ter\u00e3o muito pouco tempo para se preparar para o jogo de quinta-feira \u00e0 noite contra os Dolphins. Eles s\u00e3o fotografados na lateral do campo durante o jogo de domingo contra os Jets.\" aria-hidden=\"true\" srcset=\"https:\/\/bdc2020.o0bc.com\/wp-content\/uploads\/2024\/08\/https___arcmigration-prdweb.bostonglobe.com_r_Boston_2011-2020_2017_08_10_BostonGlobe.com_ReceivedContent_Images_davis_pats3_spts-11106-66c4e9af3b312-768x432.jpg?width=200 200w, https:\/\/bdc2020.o0bc.com\/wp-content\/uploads\/2024\/08\/https___arcmigration-prdweb.bostonglobe.com_r_Boston_2011-2020_2017_08_10_BostonGlobe.com_ReceivedContent_Images_davis_pats3_spts-11106-66c4e9af3b312-768x432.jpg?width=300 300w, https:\/\/bdc2020.o0bc.com\/wp-content\/uploads\/2024\/08\/https___arcmigration-prdweb.bostonglobe.com_r_Boston_2011-2020_2017_08_10_BostonGlobe.com_ReceivedContent_Images_davis_pats3_spts-11106-66c4e9af3b312-768x432.jpg?width=400 400w, https:\/\/bdc2020.o0bc.com\/wp-content\/uploads\/2024\/08\/https___arcmigration-prdweb.bostonglobe.com_r_Boston_2011-2020_2017_08_10_BostonGlobe.com_ReceivedContent_Images_davis_pats3_spts-11106-66c4e9af3b312-768x432.jpg?width=500 500w, https:\/\/bdc2020.o0bc.com\/wp-content\/uploads\/2024\/08\/https___arcmigration-prdweb.bostonglobe.com_r_Boston_2011-2020_2017_08_10_BostonGlobe.com_ReceivedContent_Images_davis_pats3_spts-11106-66c4e9af3b312-768x432.jpg?width=600 600w, https:\/\/bdc2020.o0bc.com\/wp-content\/uploads\/2024\/08\/https___arcmigration-prdweb.bostonglobe.com_r_Boston_2011-2020_2017_08_10_BostonGlobe.com_ReceivedContent_Images_davis_pats3_spts-11106-66c4e9af3b312-768x432.jpg?width=700 700w, https:\/\/bdc2020.o0bc.com\/wp-content\/uploads\/2024\/08\/https___arcmigration-prdweb.bostonglobe.com_r_Boston_2011-2020_2017_08_10_BostonGlobe.com_ReceivedContent_Images_davis_pats3_spts-11106-66c4e9af3b312-768x432.jpg?width=800 800w, https:\/\/bdc2020.o0bc.com\/wp-content\/uploads\/2024\/08\/https___arcmigration-prdweb.bostonglobe.com_r_Boston_2011-2020_2017_08_10_BostonGlobe.com_ReceivedContent_Images_davis_pats3_spts-11106-66c4e9af3b312-768x432.jpg?width=900 900w\" sizes=\"(max-width: 768px) 100vw, 768px\"\/>\t\t\t\t\t<\/p>\n<p><h4 class=\"m-article-list__headline t-amp__list-headline\">\n\t\t\t\t\t\t\t<span class=\"m-article-list__link a-link a-link--inline a-link--text-link a-link--text-link-dark\"><\/p>\n<p>\t\t\t\t\t\t\tBill Belichick explica qual caracter\u00edstica fez Tom Brady se destacar como um novato\t\t\t\t\t\t\t<\/span><br \/>\n\t\t\t\t\t\t<\/h4>\n<\/p>\n<p>\t\t\t\t<\/a>\n\t\t\t<\/li>\n<li class=\"m-article-list__item\">\n\t\t\t\t\t\t<a class=\"m-article-list__link-wrapper\" href=\"https:\/\/www.boston.com\/sports\/new-england-patriots\/2024\/08\/20\/brian-flores-tua-tagovailoa-nfl-patriots-dolphins-vikings-nfl\/\" data-p1=\"article_recirc_inline_feed\"><\/p>\n<p><h4 class=\"m-article-list__headline\">\n\t\t\t\t\t\t\t\t\t<span class=\"m-article-list__link a-link a-link--inline a-link--text-link a-link--text-link-dark\"><\/p>\n<p>\t\t\t\t\t\t\t\t\tO ex-t\u00e9cnico dos Patriots, Brian Flores, responde \u00e0s duras cr\u00edticas de Tua Tagovailoa\t\t\t\t\t\t\t\t\t<\/span><br \/>\n\t\t\t\t\t\t\t\t<\/h4>\n<\/p>\n<p>\t\t\t\t\t\t<\/a>\n\t\t\t\t\t<\/li>\n<\/ul>\n<\/div>\n<p>Os Patriots s\u00e3o projetados para ser um dos piores times da NFL nesta temporada, e Field Yates da ESPN tem a franquia recebendo a primeira escolha geral no draft do ano que vem em <a href=\"https:\/\/www.espn.com\/nfl\/draft2025\/insider\/story\/_\/id\/40882531\/2025-nfl-mock-draft-first-round-predictions-32-picks-field-yates\">seu \u00faltimo draft simulado da NFL de 2025. <\/a><\/p>\n<p>No entanto, Yates tamb\u00e9m tem a <a href=\"https:\/\/www.patriots.com\/\">Patriotas<\/a> usando a escolha para negociar e coletar mais ativos para sua reconstru\u00e7\u00e3o. <\/p>\n<p>O acordo projetado prev\u00ea que a Nova Inglaterra receba diversas escolhas dos Giants e caia da posi\u00e7\u00e3o 1 para a 6. <\/p>\n<p>Os Giants ganham um substituto potencial para o quarterback Daniel Jones, selecionando o quarterback da Ge\u00f3rgia, Carson Beck, como n\u00famero 1 geral neste cen\u00e1rio. Nova York tentou negociar com os Patriots no ano passado, mas a Nova Inglaterra manteve a escolha n\u00famero 3 para assumir <a href=\"https:\/\/www.boston.com\/sports\/new-england-patriots\/2024\/07\/24\/giants-patriots-draft-trade-proposal-2024-video-hard-knocks\/\">quarterback Drake Maye. <\/a><\/p>\n<p>Enquanto isso, Yates tem os Patriots usando a escolha n\u00ba 6 em uma posi\u00e7\u00e3o onde eles j\u00e1 est\u00e3o bem profundos \u2013 cornerback. Eles usaram a escolha da primeira rodada do ano passado para recrutar o cornerback Christian Gonzalez, e t\u00eam os veteranos Jonathan Jones e Marcus Jones na posi\u00e7\u00e3o. Alex Austin, Isaiah Bolden e Marco Wilson mostraram lampejos durante o training camp e est\u00e3o lutando para conquistar pap\u00e9is. <\/p>\n<p>Yates tem os Patriots atacando o cornerback de Michigan Will Johnson, que ele diz que poderia criar uma \u201cdupla letal\u201d com Gonzalez. Ele abriu seus coment\u00e1rios sobre a escolha de Johnson dizendo que os Patriots est\u00e3o mais propensos a atender sua necessidade no left tackle. <\/p>\n<p>Mas ele tem os Broncos levando o tackle ofensivo do Texas Kelvin Banks Jr. para o n\u00famero 3 e disse que n\u00e3o est\u00e1 convencido de que os Patriots s\u00e3o bons o suficiente em rela\u00e7\u00e3o aos outros tackles da classe para deixar passar Johnson. Os mensur\u00e1veis \u200b\u200be a fisicalidade de Johnson &#8220;gritam estrela da NFL&#8221;, de acordo com Yates.<\/p>\n<p>Yates tem quatro tackles ofensivos na primeira rodada: Banks, Will Campbell da LSU (n\u00ba 10 no geral), Emery Jones da LSU (n\u00ba 16 no geral) e Jonah Savaiinea do Arizona (n\u00ba 21 no geral).<\/p>\n<p>Os Patriots tamb\u00e9m precisam de um recebedor n\u00ba 1. Yates n\u00e3o tem nenhum recebedor no seu top 10. Travis Hunter do Colorado (n\u00ba 11 no geral), Tetrairoa McMillan do Arizona (n\u00ba 13 no geral) e Luther Burden do Missouri (n\u00ba 19 no geral) foram os que mais subiram na posi\u00e7\u00e3o de recebedor. <\/p>\n<div class=\"m-block m-generic-cta\t m-generic-cta--post-content\t m-generic-cta--dark\t m-generic-cta--homepage\t m-generic-cta--email-signup\t\t m-generic-cta-block-style--default \tt-amp__generic-cta\"><\/p>\n<div class=\"m-generic-cta__wrap\">\n<div class=\"m-generic-cta__content\">\n<h3 class=\"m-generic-cta__title\">Inscreva-se para receber atualiza\u00e7\u00f5es dos Patriots\ud83c\udfc8<\/h3>\n<p class=\"m-generic-cta__subtitle\">Receba not\u00edcias de \u00faltima hora e an\u00e1lises na sua caixa de entrada durante a temporada de futebol.<\/p>\n<\/p><\/div>\n<\/p><\/div>\n<\/div><\/div>\n<p><script>\n\t\tvar consent=\"grant\";\n\t\t\/* The above code is parsing the JSON data from the local storage and storing it in a variable. *\/\n\t\t\t\t\tconst onetrustStorageConsent = JSON.parse(localStorage.getItem( 'consent_one_trust_bdc' ) );\n\t\t\tif ( ( onetrustStorageConsent !== null ) ) {\n\t\t\t\t\/* Checking to see if the user has consented to the use of cookies.\n\t\t\t\t* If they have not, it is deleting the cookie.\n\t\t\t\t* This will comment for now, until further notice.\n\t\t\t\t*\/\n\t\t\t\t\/\/if ( onetrustStorageConsent.C0002 === false ) {\n\t\t\t\t\/\/\tdocument.cookie=\"_fbp=;expires=Thu, 01 Jan 2010 00:00:00 UTC; path=\/; domain=.boston.com\";\n\t\t\t\t\/\/}\n\t\t\t\t\/* Checking if the user has given consent for the cookie C0002.\n\t\t\t\t* If the user has given consent, the variable consent will be set to 'grant'.\n\t\t\t\t* If the user has not given consent,the variable consent will be set to 'revoke'.\n\t\t\t\t* Documentation https:\/\/developers.facebook.com\/docs\/meta-pixel\/implementation\/gdpr\n\t\t\t\t*\/\n\t\t\t\tif ( onetrustStorageConsent.C0002 !== true ) {\n\t\t\t\t\tconsent=\"revoke\";\n\t\t\t\t}\n\t\t\t}\n\t\t\t\t!function(f,b,e,v,n,t,s)\n\t\t{if(f.fbq)return;n=f.fbq=function(){n.callMethod?\n\t\tn.callMethod.apply(n,arguments):n.queue.push(arguments)};\n\t\tif(!f._fbq)f._fbq=n;n.push=n;n.loaded=!0;n.version='2.0';\n\t\tn.queue=[];t=b.createElement(e);t.async=!0;\n\t\tt.src=v;s=b.getElementsByTagName(e)[0];\n\t\ts.parentNode.insertBefore(t,s)}(window, document,'script',\n\t\t'https:\/\/connect.facebook.net\/en_US\/fbevents.js');\n\t\tfbq('consent', consent);\n\t\tfbq('init', '989222871864976');\n\t\tfbq('track', 'PageView');\n\t<\/script><script type=\"module\">\n\t\tvar consent=\"grant\";\n\t\t\/* The above code is parsing the JSON data from the local storage and storing it in a variable. *\/\n\t\t\tconst onetrustStorageConsent = JSON.parse(localStorage.getItem( 'consent_one_trust_bdc' ) );\n\t\t\t\/* Checking to see if the user has consented to the use of cookies.\n\t\t\t* If they have not, it is deleting the cookie.\n\t\t\t* This will comment for now, until further notice.\n\t\t\t*\/\n\t\t\t\/\/if ( onetrustStorageConsent.C0002 === false ) {\n\t\t\t\/\/\tdocument.cookie=\"_fbp=;expires=Thu, 01 Jan 2010 00:00:00 UTC; path=\/; domain=.boston.com\";\n\t\t\t\/\/}\n\t\t\t\/* Checking if the user has given consent for the cookie C0002.\n\t\t\t* If the user has given consent, the variable consent will be set to 'grant'.\n\t\t\t* If the user has not given consent,the variable consent will be set to 'revoke'.\n\t\t\t* Documentation https:\/\/developers.facebook.com\/docs\/meta-pixel\/implementation\/gdpr\n\t\t\t*\/\n\t\t\tif ( ( onetrustStorageConsent !== null ) && (onetrustStorageConsent.C0002 !== true ) ) {\n\t\t\t\tconsent=\"revoke\";\n\t\t\t}\n\t\t\t\t!function(f,b,e,v,n,t,s){if(f.fbq)return;n=f.fbq=function()\n\t\t{n.callMethod? n.callMethod.apply(n,arguments):n.queue.push(arguments)}\n\t\t;if(!f._fbq)f._fbq=n;\n\t\tn.push=n;n.loaded=!0;n.version='2.0';n.queue=[];t=b.createElement(e);t.async=!0;\n\t\tt.src=v;s=b.getElementsByTagName(e)[0];s.parentNode.insertBefore(t,s)}(window,\n\t\tdocument,'script','https:\/\/connect.facebook.net\/en_US\/fbevents.js');\n\t\tfbq('consent', consent);\n\t\tfbq('init', '813236348753005');\n\t\tfbq('track', \"PageView\");\n\t<\/script><br \/>\n<br \/><br \/>\n<br \/><a href=\"https:\/\/www.boston.com\/sports\/new-england-patriots\/2024\/08\/21\/2025-nfl-mock-draft-patriots-field-yates\/\">Source link <\/a><\/p>","protected":false},"excerpt":{"rendered":"<p>Patriotas Field Yates, da ESPN, diz que os Patriots negociar\u00e3o a escolha n\u00famero 1 com os Giants em troca de v\u00e1rias escolhas, incluindo a n\u00famero 6. O cornerback de Michigan,&hellip;<\/p>","protected":false},"author":1,"featured_media":26941,"comment_status":"closed","ping_status":"open","sticky":false,"template":"","format":"standard","meta":{"content-type":"","footnotes":""},"categories":[1],"tags":[],"class_list":["post-26940","post","type-post","status-publish","format-standard","has-post-thumbnail","hentry","category-uncategorized"],"_links":{"self":[{"href":"https:\/\/tvbrazilusa.com\/pt\/wp-json\/wp\/v2\/posts\/26940","targetHints":{"allow":["GET"]}}],"collection":[{"href":"https:\/\/tvbrazilusa.com\/pt\/wp-json\/wp\/v2\/posts"}],"about":[{"href":"https:\/\/tvbrazilusa.com\/pt\/wp-json\/wp\/v2\/types\/post"}],"author":[{"embeddable":true,"href":"https:\/\/tvbrazilusa.com\/pt\/wp-json\/wp\/v2\/users\/1"}],"replies":[{"embeddable":true,"href":"https:\/\/tvbrazilusa.com\/pt\/wp-json\/wp\/v2\/comments?post=26940"}],"version-history":[{"count":1,"href":"https:\/\/tvbrazilusa.com\/pt\/wp-json\/wp\/v2\/posts\/26940\/revisions"}],"predecessor-version":[{"id":26942,"href":"https:\/\/tvbrazilusa.com\/pt\/wp-json\/wp\/v2\/posts\/26940\/revisions\/26942"}],"wp:featuredmedia":[{"embeddable":true,"href":"https:\/\/tvbrazilusa.com\/pt\/wp-json\/wp\/v2\/media\/26941"}],"wp:attachment":[{"href":"https:\/\/tvbrazilusa.com\/pt\/wp-json\/wp\/v2\/media?parent=26940"}],"wp:term":[{"taxonomy":"category","embeddable":true,"href":"https:\/\/tvbrazilusa.com\/pt\/wp-json\/wp\/v2\/categories?post=26940"},{"taxonomy":"post_tag","embeddable":true,"href":"https:\/\/tvbrazilusa.com\/pt\/wp-json\/wp\/v2\/tags?post=26940"}],"curies":[{"name":"wp","href":"https:\/\/api.w.org\/{rel}","templated":true}]}}