{"id":26999,"date":"2024-08-21T16:35:25","date_gmt":"2024-08-21T16:35:25","guid":{"rendered":"https:\/\/tvbrazilusa.com\/2024\/08\/21\/autoridades-da-cidade-de-opa-locka-discutem-a-demissao-do-sargento-apos-investigacao-interna-sobre-incidente-de-taser-em-2021-que-feriu-colega-wsvn-7news-noticias-de-miami-clima-esportes-fort\/"},"modified":"2024-08-21T16:39:32","modified_gmt":"2024-08-21T16:39:32","slug":"autoridades-da-cidade-de-opa-locka-discutem-a-demissao-do-sargento-apos-investigacao-interna-sobre-incidente-de-taser-em-2021-que-feriu-colega-wsvn-7news-noticias-de-miami-clima-esportes-fort","status":"publish","type":"post","link":"https:\/\/tvbrazilusa.com\/pt\/2024\/08\/21\/autoridades-da-cidade-de-opa-locka-discutem-a-demissao-do-sargento-apos-investigacao-interna-sobre-incidente-de-taser-em-2021-que-feriu-colega-wsvn-7news-noticias-de-miami-clima-esportes-fort\/","title":{"rendered":"Autoridades da cidade de Opa-locka discutem a demiss\u00e3o do sargento ap\u00f3s investiga\u00e7\u00e3o interna sobre incidente de taser em 2021 que feriu colega &#8211; WSVN 7News | Not\u00edcias de Miami, Clima, Esportes | Fort Lauderdale"},"content":{"rendered":"<p> <script async src=\"https:\/\/pagead2.googlesyndication.com\/pagead\/js\/adsbygoogle.js?client=ca-pub-8864793242727901\"\r\n     crossorigin=\"anonymous\"><\/script><br \/>\n<\/p>\n<div itemprop=\"articleBody\">\n<p>OPA-LOCKA, FLA. (WSVN) &#8211; Autoridades da cidade de Opa-locka se reuniram para discutir o <a href=\"https:\/\/wsvn.com\/news\/local\/miami-dade\/opa-locka-sergeant-plagued-by-scandals-fired-after-internal-probe-into-2021-taser-incident-that-injured-colleague\/\" target=\"_blank\" rel=\"noreferrer noopener\">recente demiss\u00e3o de um policial<\/a> ap\u00f3s uma investiga\u00e7\u00e3o interna sobre um incidente de 2021, segundo a pol\u00edcia, ele usou um Taser dentro do departamento de pol\u00edcia e feriu outro policial.<\/p>\n<p>O sargento Sergio Perez foi informado de sua demiss\u00e3o na segunda-feira.<\/p>\n<p>Uma coletiva de imprensa foi realizada na Prefeitura de Opa-Locka com o administrador municipal Darvin Williams e o chefe de pol\u00edcia Kenneth Ottley, na manh\u00e3 de quarta-feira. <\/p>\n<p>\u201cHoje, estamos aqui para anunciar que a responsabilidade retornou \u00e0 cidade de Opa-locka\u201d, disse Williams. \u201cAs a\u00e7\u00f5es do Sr. Perez violaram a confian\u00e7a depositada nele por nossa cidade e levantam d\u00favidas consider\u00e1veis \u200b\u200bsobre sua capacidade de ser confi\u00e1vel com os poderes que concedemos aos nossos policiais aqui na grande cidade de Opa-locka.\u201d<\/p>\n<p>A investiga\u00e7\u00e3o de 2021 sobre o uso indevido do Taser por Perez foi suspensa depois que ele foi acusado criminalmente de agress\u00e3o ap\u00f3s ser acusado de eletrocutar seu colega. <\/p>\n<p>A faculdade foi levada \u00e0s pressas para o hospital depois de ser atingida pelo Taser.<\/p>\n<p>Quando as acusa\u00e7\u00f5es de Perez foram retiradas, a investiga\u00e7\u00e3o continuou no in\u00edcio deste ano e encontrou diversas viola\u00e7\u00f5es de pol\u00edtica, o que levou Williams a aceitar a recomenda\u00e7\u00e3o do chefe de pol\u00edcia Ottley de demitir Perez.<\/p>\n<p>\u201cEle cruzou a linha que exigia que ele n\u00e3o fizesse mais parte deste departamento\u201d, disse Ottley. \u201cNossa investiga\u00e7\u00e3o encontrou sete viola\u00e7\u00f5es de pol\u00edtica quando ele descarregou inapropriadamente seu taser dentro do departamento de pol\u00edcia, causando ferimentos a um colega policial.\u201d<\/p>\n<p>Durante a coletiva de imprensa, Williams elogiou as a\u00e7\u00f5es de Ottley. <\/p>\n<p>\u201c\u00c9 seu compromisso inabal\u00e1vel em manter os mais altos padr\u00f5es de policiamento e garantir a seguran\u00e7a de nossa comunidade que nos trouxe a este momento hoje\u201d, disse Williams. <\/p>\n<p>O incidente do Taser em 2021 n\u00e3o \u00e9 a \u00fanica controv\u00e9rsia que se seguiu a Perez. <\/p>\n<p>Em setembro de 2020, Perez foi preso e acusado de trair o distintivo quando as autoridades disseram que ele foi flagrado por uma c\u00e2mera usando uma arma de choque e arrastando um<a href=\"https:\/\/wsvn.com\/news\/local\/body-camera-video-captures-cops-using-taser-dragging-man-out-of-opa-locka-home\/\" data-type=\"link\" data-id=\"https:\/\/wsvn.com\/news\/local\/body-camera-video-captures-cops-using-taser-dragging-man-out-of-opa-locka-home\/\" target=\"_blank\" rel=\"noreferrer noopener\"> adolescente com necessidades especiais fora de casa. <\/a><\/p>\n<p>Um processo civil por esse incidente ainda est\u00e1 pendente. <\/p>\n<p>Em abril de 2013, Perez estava ao volante de sua viatura policial e foi acusado de violar a pol\u00edtica de persegui\u00e7\u00e3o do Departamento de Pol\u00edcia de Opa-loca quando perseguiu um suspeito que bateu em um carro cheio de turistas californianos, o que resultou em<a href=\"https:\/\/wsvn.com\/news\/officer-involved-in-wrong-way-chase-suspended\/\" data-type=\"link\" data-id=\"https:\/\/wsvn.com\/news\/officer-involved-in-wrong-way-chase-suspended\/\" target=\"_blank\" rel=\"noreferrer noopener\"> quatro mortes<\/a>.  <\/p>\n<p>Perez foi demitido por esse incidente, mas foi recontratado pelo departamento. <\/p>\n<p>Em 2006, ele foi demitido do Departamento de Pol\u00edcia de Miami Shores, <\/p>\n<p>\u201cSe n\u00e3o exigirmos que as pessoas que usam o distintivo o respeitem, n\u00e3o podemos esperar que o p\u00fablico o fa\u00e7a\u201d, disse Ottley. <\/p>\n<p><em>Copyright 2024 Sunbeam Television Corp. Todos os direitos reservados. Este material n\u00e3o pode ser publicado, transmitido, reescrito ou redistribu\u00eddo.<\/em><\/p>\n<div class=\"wp-block-newsletter\">\n\t<strong class=\"wp-block-newsletter__title\">Inscreva-se em nossa Newsletter para receber as \u00faltimas not\u00edcias diretamente na sua caixa de entrada<\/strong><\/p>\n<\/div><\/div>\n<p><br \/>\n<br \/><a href=\"https:\/\/wsvn.com\/news\/local\/miami-dade\/opa-locka-city-officials-discuss-sergeants-firing-after-internal-probe-into-2021-taser-incident-that-injured-colleague\/\">Source link <\/a><\/p>","protected":false},"excerpt":{"rendered":"<p>OPA-LOCKA, FLA. (WSVN) &#8211; Autoridades da cidade de Opa-locka se reuniram para discutir o recente demiss\u00e3o de um policial ap\u00f3s uma investiga\u00e7\u00e3o interna sobre um incidente de 2021, segundo a&hellip;<\/p>","protected":false},"author":1,"featured_media":27000,"comment_status":"closed","ping_status":"open","sticky":false,"template":"","format":"standard","meta":{"content-type":"","footnotes":""},"categories":[1],"tags":[],"class_list":["post-26999","post","type-post","status-publish","format-standard","has-post-thumbnail","hentry","category-uncategorized"],"_links":{"self":[{"href":"https:\/\/tvbrazilusa.com\/pt\/wp-json\/wp\/v2\/posts\/26999","targetHints":{"allow":["GET"]}}],"collection":[{"href":"https:\/\/tvbrazilusa.com\/pt\/wp-json\/wp\/v2\/posts"}],"about":[{"href":"https:\/\/tvbrazilusa.com\/pt\/wp-json\/wp\/v2\/types\/post"}],"author":[{"embeddable":true,"href":"https:\/\/tvbrazilusa.com\/pt\/wp-json\/wp\/v2\/users\/1"}],"replies":[{"embeddable":true,"href":"https:\/\/tvbrazilusa.com\/pt\/wp-json\/wp\/v2\/comments?post=26999"}],"version-history":[{"count":1,"href":"https:\/\/tvbrazilusa.com\/pt\/wp-json\/wp\/v2\/posts\/26999\/revisions"}],"predecessor-version":[{"id":27001,"href":"https:\/\/tvbrazilusa.com\/pt\/wp-json\/wp\/v2\/posts\/26999\/revisions\/27001"}],"wp:featuredmedia":[{"embeddable":true,"href":"https:\/\/tvbrazilusa.com\/pt\/wp-json\/wp\/v2\/media\/27000"}],"wp:attachment":[{"href":"https:\/\/tvbrazilusa.com\/pt\/wp-json\/wp\/v2\/media?parent=26999"}],"wp:term":[{"taxonomy":"category","embeddable":true,"href":"https:\/\/tvbrazilusa.com\/pt\/wp-json\/wp\/v2\/categories?post=26999"},{"taxonomy":"post_tag","embeddable":true,"href":"https:\/\/tvbrazilusa.com\/pt\/wp-json\/wp\/v2\/tags?post=26999"}],"curies":[{"name":"wp","href":"https:\/\/api.w.org\/{rel}","templated":true}]}}