{"id":27128,"date":"2024-08-21T22:40:46","date_gmt":"2024-08-21T22:40:46","guid":{"rendered":"https:\/\/tvbrazilusa.com\/2024\/08\/21\/george-logan-lanca-anuncio-de-ataque-contra-o-deputado-hayes\/"},"modified":"2024-08-21T23:09:19","modified_gmt":"2024-08-21T23:09:19","slug":"george-logan-lanca-anuncio-de-ataque-contra-o-deputado-hayes","status":"publish","type":"post","link":"https:\/\/tvbrazilusa.com\/pt\/2024\/08\/21\/george-logan-lanca-anuncio-de-ataque-contra-o-deputado-hayes\/","title":{"rendered":"George Logan lan\u00e7a an\u00fancio de ataque contra o deputado Hayes"},"content":{"rendered":"<script async src=\"https:\/\/pagead2.googlesyndication.com\/pagead\/js\/adsbygoogle.js?client=ca-pub-8864793242727901\"\r\n     crossorigin=\"anonymous\"><\/script>\n<p>NEW HAVEN, Connecticut (WTNH) \u2014 O candidato republicano ao Congresso George Logan est\u00e1 no ar com seu primeiro an\u00fancio de televis\u00e3o do ciclo de campanha de 2024. <\/p>\n<p>O ex-senador estadual est\u00e1 enfrentando uma revanche com a atual deputada democrata Jahana Hayes.<\/p>\n<p>\u201cTodo mundo sabe que o Congresso \u00e9 uma bagun\u00e7a\u201d, diz Logan no an\u00fancio de 30 segundos.<\/p>\n<p>\u201cPol\u00edticos partid\u00e1rios\u201d, continua Logan, \u201crecusam-se a trabalhar em conjunto para reduzir o custo dos alimentos\u201d. <\/p>\n<p>O an\u00fancio em si \u00e9 esparso \u2013 sem b-roll em c\u00e2mera lenta, sem m\u00fasica alta. Em vez disso, Logan fica em frente a um fundo branco tirando objetos ilustrativos de uma caixa de papel\u00e3o. Ele remove uma vassoura ao falar sobre o Congresso e uma caixa de compras ao discutir o aumento de custos.<\/p>\n<p>No final do an\u00fancio, Logan vira a caixa para revelar as palavras \u201cRepublicano t\u00edpico\u201d escritas na lateral.<\/p>\n<p>\u201cEu n\u00e3o me encaixo nessa caixa\u201d, diz Logan.<\/p>\n<div class=\"nlp-ignore-block article-content rich-text\">\n<aside class=\"promo-link\">\n\t<a href=\"https:\/\/www.wtnh.com\/news\/connecticut\/president-biden-approves-federal-emergency-declaration-in-response-to-connecticut-flooding\/?ipid=promo-link-block1\" class=\"promo-link__link\" target=\"\"_blank\"\"><\/p>\n<p>\t\tPresidente Biden aprova declara\u00e7\u00e3o de emerg\u00eancia federal em resposta \u00e0s inunda\u00e7\u00f5es em Connecticut\t<\/a><br \/>\n<\/aside>\n<\/div>\n<p>Toda a produ\u00e7\u00e3o \u00e9 indicativa dos temas da campanha bem financiada e observada de perto de Logan. Como um republicano concorrendo em um distrito que vota de forma confi\u00e1vel em candidatos presidenciais democratas, Logan deve entregar uma mensagem que funde pol\u00edtica moderada com cr\u00edtica \u00e0s pol\u00edticas democratas.<\/p>\n<p>Para Logan, a quest\u00e3o do aumento dos pre\u00e7os ao consumidor oferece uma oportunidade de fazer as duas coisas.<\/p>\n<p>\u201cEnquanto bato de porta em porta por todo o distrito, a quest\u00e3o da acessibilidade surge o tempo todo\u201d, disse Logan em uma entrevista ao News 8.<\/p>\n<p>Como muitos republicanos, Logan coloca a culpa pelo aumento dos pre\u00e7os ao consumidor nas pol\u00edticas fiscais e regulat\u00f3rias democratas. Ele disse que defenderia regulamenta\u00e7\u00f5es de energia mais relaxadas, o que ele argumenta que reduziria os pre\u00e7os do g\u00e1s.<\/p>\n<p>Logan tamb\u00e9m apoia uma restaura\u00e7\u00e3o da dedu\u00e7\u00e3o de imposto estadual e local (SALT), uma dedu\u00e7\u00e3o itemizada que beneficia os contribuintes em estados como Connecticut, que t\u00eam taxas de imposto estaduais e locais mais altas. Sobre essa quest\u00e3o, Logan est\u00e1 em desacordo com alguns de seus colegas republicanos. Uma reforma tribut\u00e1ria liderada pelo GOP assinada por Donald Trump limitou a dedu\u00e7\u00e3o a US$ 10.000.<\/p>\n<p>O News 8 entrou em contato com a campanha de Hayes para comentar o an\u00fancio de Logan. Hayes est\u00e1 atualmente em Chicago participando da Conven\u00e7\u00e3o Nacional Democrata. Ela emitiu uma declara\u00e7\u00e3o por escrito criticando Logan.<\/p>\n<p>&#8220;Ele est\u00e1 executando o mesmo manual de dois anos atr\u00e1s&#8221;, disse Hayes, &#8220;mas o 5\u00ba distrito sabe que ele \u00e9 apenas um candidato perene que s\u00f3 retorna a este distrito para concorrer a um cargo. Logan \u00e9 cuidadoso para n\u00e3o ofender Trump e certamente ser\u00e1 um voto de apoio para a agenda do Projeto 2025.&#8221;<\/p>\n<p>O News 8 perguntou a Logan sobre o Projeto 2025, uma longa agenda pol\u00edtica desenvolvida por aliados de Trump na conservadora Heritage Foundation.<\/p>\n<p>\u201cEu n\u00e3o apoio uma agenda do Projeto 2025\u201d, disse Logan. Ele refutou especificamente v\u00e1rios pontos inclu\u00eddos no projeto, incluindo potenciais deporta\u00e7\u00f5es em massa e cortes no Medicaid.<\/p>\n<p>\u201cN\u00e3o estou interessado em ir a Washington para apoiar qualquer agenda partid\u00e1ria\u201d, disse Logan. \u201cAgora, minha oponente, esse \u00e9 um conceito estranho para ela porque ela tem um hist\u00f3rico de vota\u00e7\u00e3o de 99% com a administra\u00e7\u00e3o Biden-Harris.\u201d<\/p>\n<p>Para ilustrar seu ponto de vista, Logan apontou para a quest\u00e3o do aborto.<\/p>\n<p>\u201cPegue os direitos reprodutivos das mulheres, certo?\u201d, disse Logan. \u201cEu acredito no direito da mulher de escolher. Eu acredito na lei estadual de Connecticut \u2013 quando codificamos o direito da mulher de escolher na lei estadual.\u201d<\/p>\n<p>Logan disse que estava ansioso para descrever melhor suas vis\u00f5es e ideias nos debates com Hayes.<\/p>\n<p>\u201cQuando voc\u00ea menciona debates, espero que consiga ver o brilho nos meus olhos&#8221;, ele disse. &#8220;Estou t\u00e3o animado e ansioso para debater com meu oponente sobre as quest\u00f5es. A quest\u00e3o \u2013 o problema aqui \u00e9 que s\u00e3o necess\u00e1rios dois para dan\u00e7ar tango.&#8221;<\/p>\n<p>Atualmente, n\u00e3o h\u00e1 planos anunciados publicamente para um debate faltando 61 dias para o in\u00edcio da vota\u00e7\u00e3o antecipada.<\/p>\n<p>Hayes ainda n\u00e3o concordou com o debate proposto pelo News 8. Logan concordou.<\/p>\n<\/p>\n<p><br \/>\n<br \/><a href=\"https:\/\/www.wtnh.com\/news\/connecticut\/george-logan-launches-attack-ad-against-rep-hayes\/\">Source link <\/a><\/p>","protected":false},"excerpt":{"rendered":"<p>NEW HAVEN, Connecticut (WTNH) \u2014 O candidato republicano ao Congresso George Logan est\u00e1 no ar com seu primeiro an\u00fancio de televis\u00e3o do ciclo de campanha de 2024. O ex-senador estadual&hellip;<\/p>","protected":false},"author":1,"featured_media":27129,"comment_status":"closed","ping_status":"open","sticky":false,"template":"","format":"standard","meta":{"content-type":"","footnotes":""},"categories":[1],"tags":[],"class_list":["post-27128","post","type-post","status-publish","format-standard","has-post-thumbnail","hentry","category-uncategorized"],"_links":{"self":[{"href":"https:\/\/tvbrazilusa.com\/pt\/wp-json\/wp\/v2\/posts\/27128","targetHints":{"allow":["GET"]}}],"collection":[{"href":"https:\/\/tvbrazilusa.com\/pt\/wp-json\/wp\/v2\/posts"}],"about":[{"href":"https:\/\/tvbrazilusa.com\/pt\/wp-json\/wp\/v2\/types\/post"}],"author":[{"embeddable":true,"href":"https:\/\/tvbrazilusa.com\/pt\/wp-json\/wp\/v2\/users\/1"}],"replies":[{"embeddable":true,"href":"https:\/\/tvbrazilusa.com\/pt\/wp-json\/wp\/v2\/comments?post=27128"}],"version-history":[{"count":1,"href":"https:\/\/tvbrazilusa.com\/pt\/wp-json\/wp\/v2\/posts\/27128\/revisions"}],"predecessor-version":[{"id":27130,"href":"https:\/\/tvbrazilusa.com\/pt\/wp-json\/wp\/v2\/posts\/27128\/revisions\/27130"}],"wp:featuredmedia":[{"embeddable":true,"href":"https:\/\/tvbrazilusa.com\/pt\/wp-json\/wp\/v2\/media\/27129"}],"wp:attachment":[{"href":"https:\/\/tvbrazilusa.com\/pt\/wp-json\/wp\/v2\/media?parent=27128"}],"wp:term":[{"taxonomy":"category","embeddable":true,"href":"https:\/\/tvbrazilusa.com\/pt\/wp-json\/wp\/v2\/categories?post=27128"},{"taxonomy":"post_tag","embeddable":true,"href":"https:\/\/tvbrazilusa.com\/pt\/wp-json\/wp\/v2\/tags?post=27128"}],"curies":[{"name":"wp","href":"https:\/\/api.w.org\/{rel}","templated":true}]}}