{"id":27133,"date":"2024-08-21T22:34:01","date_gmt":"2024-08-21T22:34:01","guid":{"rendered":"https:\/\/tvbrazilusa.com\/2024\/08\/21\/policiais-jogaram-surfista-na-areia-com-estrangulamento-porque-ele-nao-estava-exibindo-o-cracha-de-praia-mostram-videos\/"},"modified":"2024-08-21T23:13:35","modified_gmt":"2024-08-21T23:13:35","slug":"policiais-jogaram-surfista-na-areia-com-estrangulamento-porque-ele-nao-estava-exibindo-o-cracha-de-praia-mostram-videos","status":"publish","type":"post","link":"https:\/\/tvbrazilusa.com\/pt\/2024\/08\/21\/policiais-jogaram-surfista-na-areia-com-estrangulamento-porque-ele-nao-estava-exibindo-o-cracha-de-praia-mostram-videos\/","title":{"rendered":"Policiais jogaram surfista na areia com estrangulamento porque ele n\u00e3o estava exibindo o crach\u00e1 de praia, mostram v\u00eddeos"},"content":{"rendered":"<script async src=\"https:\/\/pagead2.googlesyndication.com\/pagead\/js\/adsbygoogle.js?client=ca-pub-8864793242727901\"\r\n     crossorigin=\"anonymous\"><\/script>\n<div>\n<p class=\"article__paragraph article__paragraph--left\" id=\"XCX35K6GKZFSBMFR63BTMJMUGA\">Policiais de Belmar imobilizaram um surfista enquanto o prendiam na praia na ter\u00e7a-feira, de acordo com v\u00eddeos do incidente amplamente compartilhados nas redes sociais.<\/p>\n<p class=\"article__paragraph article__paragraph--left\" id=\"3W4EXO4AAFB2ZCVZWJ2LXYZF2I\">Dois v\u00eddeos do incidente postados pelo usu\u00e1rio do Facebook Austin Downs come\u00e7aram com a pol\u00edcia interrogando o surfista, que a pol\u00edcia diz ser um homem de 28 anos de Junction City, Calif\u00f3rnia. A postagem e os v\u00eddeos indicam uma disputa por um distintivo de praia.<\/p>\n<p class=\"article__paragraph article__paragraph--left\" id=\"M6KTMNI5VBFGHJUUYU7D6H263A\">Em um v\u00eddeo, uma mulher e o surfista protestam que t\u00eam um crach\u00e1 de praia. \u201cTenho meu crach\u00e1 bem ali\u201d, diz o surfista, ainda em sua roupa de mergulho.<\/p>\n<p class=\"article__paragraph article__paragraph--left\" id=\"4ZJBUWFB4RC2PBN3ORK3WNN6IA\">\u201cPor que voc\u00eas est\u00e3o prendendo ele? O distintivo dele est\u00e1 aqui,\u201d a mulher diz para a pol\u00edcia.<\/p>\n<p class=\"article__paragraph article__paragraph--left\" id=\"7GWVFUY32NGADAESOSLU74N56A\">Momentos depois, os policiais agarram o surfista pelo pesco\u00e7o e o jogam no ch\u00e3o. Ele \u00e9 algemado e ent\u00e3o escoltado para fora da praia.<\/p>\n<p class=\"article__paragraph article__paragraph--left\" id=\"2ZUZILYVM5DGZJ4O6QOWLQ4BJE\">A filmagem <a href=\"https:\/\/www.facebook.com\/share\/p\/xB2gnedhJ4swAL6P\/\" target=\"_blank\" rel=\"noopener\">pode ser visto aqui<\/a>e cont\u00e9m linguagem forte. (Downs n\u00e3o respondeu imediatamente a um pedido de coment\u00e1rio.)<\/p>\n<p class=\"article__paragraph article__paragraph--left\" id=\"GJFMTHXAERBXFFAEVUIB5D3XIQ\">Os espectadores reagiram com choque quando o surfista foi levado ao ch\u00e3o por dois policiais e protestaram contra suas a\u00e7\u00f5es durante a cena ca\u00f3tica. Uma mulher chegou a se aproximar dos policiais e bateu palmas para chamar a aten\u00e7\u00e3o deles e declarou: &#8220;Saiam de cima dele!&#8221;<\/p>\n<p class=\"article__paragraph article__paragraph--left\" id=\"QYNTDL4GDBFO3CBEJ7JXVCVEQY\">A pol\u00edcia de Belmar confirmou que acusou o surfista de violar uma portaria do distrito sobre requisitos de crach\u00e1 de praia, bem como conduta desordeira, resist\u00eancia \u00e0 pris\u00e3o e obstru\u00e7\u00e3o da justi\u00e7a, que s\u00e3o todos delitos de pessoas desordeiras. O policial que fez a pris\u00e3o foi Ryan E. Braswell, de acordo com registros p\u00fablicos do tribunal.<\/p>\n<p class=\"article__paragraph article__paragraph--left\" id=\"KUDFYMV22BFJLHKUL35T6CPZSA\">O departamento de pol\u00edcia disse que uma \u201can\u00e1lise completa\u201d das circunst\u00e2ncias da pris\u00e3o ser\u00e1 conduzida de acordo com as diretrizes do procurador-geral do estado.<\/p>\n<p class=\"article__paragraph article__paragraph--left\" id=\"XFIVD57E5ZGOJEJ5B4OLYVDHSY\">N\u00e3o est\u00e1 claro exatamente quando a pris\u00e3o ocorreu na ter\u00e7a-feira.<\/p>\n<p class=\"article__paragraph article__paragraph--left\" id=\"JKJ4764OUFFQVIDUVAJ6ODO6DM\">Belmar <a href=\"https:\/\/www.belmar.com\/content.php?npid=50&#038;pid=50&#038;menu_id=21\" target=\"_blank\" rel=\"noopener\">requer crach\u00e1s de praia<\/a> das 9h \u00e0s 17h durante a semana e das 9h \u00e0s 18h nos fins de semana e feriados.<\/p>\n<section class=\"Stories-By-Author-module_wrapper__ezbcK Stories-By-Author-module_nj__Ap1-Y\"\/>\n<p class=\"article__paragraph article__paragraph--left\" id=\"3LI6XIUYM5FFDBXUHDVVKSANXI\"><i>&#8211; O rep\u00f3rter Kevin Shea contribuiu para esta reportagem.<\/i><\/p>\n<p class=\"article__paragraph article__paragraph--left\" id=\"RQZAIG4TCFG7NGIVVDFEI2RMKY\"><i>Nosso jornalismo precisa do seu apoio. Por favor, assine hoje mesmo<\/i><a href=\"https:\/\/www.nj.com\/\"><i>NJ.com<\/i><\/a><i>. Nicolas Fernandes pode ser contatado em<\/i><a href=\"https:\/\/www.nj.com\/monmouth\/2024\/08\/mailto:nfernandes@njadvancemedia.com\"><i>nfernandes@njadvancemedia.com<\/i><\/a><i>.<\/i><\/p>\n<\/div>\n<p><br \/>\n<br \/><a href=\"https:\/\/www.nj.com\/monmouth\/2024\/08\/cops-slammed-surfer-onto-sand-in-chokehold-because-he-wasnt-displaying-beach-badge-videos-show.html\">Source link <\/a><\/p>","protected":false},"excerpt":{"rendered":"<p>Policiais de Belmar imobilizaram um surfista enquanto o prendiam na praia na ter\u00e7a-feira, de acordo com v\u00eddeos do incidente amplamente compartilhados nas redes sociais. Dois v\u00eddeos do incidente postados pelo&hellip;<\/p>","protected":false},"author":1,"featured_media":27134,"comment_status":"closed","ping_status":"open","sticky":false,"template":"","format":"standard","meta":{"content-type":"","footnotes":""},"categories":[1],"tags":[],"class_list":["post-27133","post","type-post","status-publish","format-standard","has-post-thumbnail","hentry","category-uncategorized"],"_links":{"self":[{"href":"https:\/\/tvbrazilusa.com\/pt\/wp-json\/wp\/v2\/posts\/27133","targetHints":{"allow":["GET"]}}],"collection":[{"href":"https:\/\/tvbrazilusa.com\/pt\/wp-json\/wp\/v2\/posts"}],"about":[{"href":"https:\/\/tvbrazilusa.com\/pt\/wp-json\/wp\/v2\/types\/post"}],"author":[{"embeddable":true,"href":"https:\/\/tvbrazilusa.com\/pt\/wp-json\/wp\/v2\/users\/1"}],"replies":[{"embeddable":true,"href":"https:\/\/tvbrazilusa.com\/pt\/wp-json\/wp\/v2\/comments?post=27133"}],"version-history":[{"count":1,"href":"https:\/\/tvbrazilusa.com\/pt\/wp-json\/wp\/v2\/posts\/27133\/revisions"}],"predecessor-version":[{"id":27135,"href":"https:\/\/tvbrazilusa.com\/pt\/wp-json\/wp\/v2\/posts\/27133\/revisions\/27135"}],"wp:featuredmedia":[{"embeddable":true,"href":"https:\/\/tvbrazilusa.com\/pt\/wp-json\/wp\/v2\/media\/27134"}],"wp:attachment":[{"href":"https:\/\/tvbrazilusa.com\/pt\/wp-json\/wp\/v2\/media?parent=27133"}],"wp:term":[{"taxonomy":"category","embeddable":true,"href":"https:\/\/tvbrazilusa.com\/pt\/wp-json\/wp\/v2\/categories?post=27133"},{"taxonomy":"post_tag","embeddable":true,"href":"https:\/\/tvbrazilusa.com\/pt\/wp-json\/wp\/v2\/tags?post=27133"}],"curies":[{"name":"wp","href":"https:\/\/api.w.org\/{rel}","templated":true}]}}