{"id":27152,"date":"2024-08-21T21:23:08","date_gmt":"2024-08-21T21:23:08","guid":{"rendered":"https:\/\/tvbrazilusa.com\/2024\/08\/21\/rfk-jr-falara-na-sexta-feira-em-meio-a-especulacoes-de-que-ele-abandonara-a-candidatura-presidencial-independente-e-apoiara-trump\/"},"modified":"2024-08-21T23:50:47","modified_gmt":"2024-08-21T23:50:47","slug":"rfk-jr-falara-na-sexta-feira-em-meio-a-especulacoes-de-que-ele-abandonara-a-candidatura-presidencial-independente-e-apoiara-trump","status":"publish","type":"post","link":"https:\/\/tvbrazilusa.com\/pt\/2024\/08\/21\/rfk-jr-falara-na-sexta-feira-em-meio-a-especulacoes-de-que-ele-abandonara-a-candidatura-presidencial-independente-e-apoiara-trump\/","title":{"rendered":"RFK Jr. falar\u00e1 na sexta-feira em meio a especula\u00e7\u00f5es de que ele abandonar\u00e1 a candidatura presidencial independente e apoiar\u00e1 Trump"},"content":{"rendered":"<p> <script async src=\"https:\/\/pagead2.googlesyndication.com\/pagead\/js\/adsbygoogle.js?client=ca-pub-8864793242727901\"\r\n     crossorigin=\"anonymous\"><\/script><br \/>\n<\/p>\n<div id=\"\">\n<header class=\"m-article-header m-article-header--standard\">\n\t\t\t\t\t\t\t\t\t\t\t\t<span id=\"article-header-primary-term\"><br \/>\n\t\t\t\t\t\t\t\t<a class=\"a-term a-term--primary\" href=\"https:\/\/www.boston.com\/tag\/politics\/\"><\/p>\n<p>\t\t\t\t\t\t\t\tPol\u00edtica\t\t\t\t\t\t\t\t<\/a><br \/>\n\t\t\t\t\t\t\t<\/span><\/p>\n<h2 class=\"m-article-header__sub-headline\">O companheiro de chapa de Kennedy disse que a campanha estava considerando uma medida para &#8220;unir for\u00e7as&#8221; com Trump para limitar as chances de elei\u00e7\u00e3o de Kamala Harris.<\/h2>\n<figure class=\"a-photo m-article-header__photo\"><figcaption class=\"a-photo__caption\">\n<p>\tO candidato presidencial independente Robert F. Kennedy Jr. acena para a m\u00eddia do lado de fora da Suprema Corte do Condado de Nassau, em Mineola, Nova York, na quarta-feira, 21 de agosto de 2024.<em> Foto AP\/Stefan Jeremiah<\/em>\t<\/figcaption><\/figure>\n<div class=\"m-article-header__meta\">\n<div class=\"m-article-header__byline\">\n<p class=\"m-article-header__author\">\n<p>\t\t\t\t\t\t\t\tPor JONATHAN J. COOPER e ALI SWENSON, Associated Press\t\t\t\t\t\t\t<\/p>\n<p>\t\t\t\t\t\t    \t\t\t\t\t\t\t<time class=\"m-article-header__date\"><\/p>\n<p>        \t\t\t\t\t\t\t21 de agosto de 2024 | 17h23    \t\t\t\t\t\t\t<\/time><\/p><\/div>\n<\/p><\/div>\n<\/header>\n<p>PHOENIX (AP) \u2014 O candidato presidencial independente Robert F. Kennedy Jr. falar\u00e1 na sexta-feira \u201csobre o momento hist\u00f3rico atual e seu caminho a seguir\u201d, anunciou sua campanha na quarta-feira, alimentando especula\u00e7\u00f5es crescentes de que Kennedy poderia desistir e apoiar <a href=\"https:\/\/www.boston.com\/tag\/politics\/\">Candidato republicano<\/a> Donald Trump.<\/p>\n<p>O companheiro de chapa de Kennedy discutiu abertamente a possibilidade em um podcast esta semana, dizendo que a campanha estava considerando uma medida para &#8220;unir for\u00e7as&#8221; com Trump para limitar as chances de elei\u00e7\u00e3o de Kamala Harris, cuja conven\u00e7\u00e3o democrata termina na quinta-feira \u00e0 noite em Chicago.<\/p>\n<p>A mudan\u00e7a teria parecido impens\u00e1vel para Kennedy, um democrata durante a maior parte de sua vida e \u2014 como sobrinho do presidente John F. Kennedy e filho de Robert F. Kennedy \u2014 membro de uma adorada dinastia democrata.<\/p>\n<p>No m\u00eas passado, durante a Conven\u00e7\u00e3o Nacional Republicana, o filho de Kennedy postou e rapidamente apagou um v\u00eddeo mostrando uma liga\u00e7\u00e3o telef\u00f4nica entre Kennedy e Trump, na qual o ex-presidente parecia tentar convencer Kennedy a ficar do lado dele.<\/p>\n<p>Kennedy far\u00e1 um discurso em Phoenix, horas antes de Trump realizar um com\u00edcio na vizinha Glendale. Uma porta-voz de Kennedy, Stefanie Spear, se recusou a dizer se ele planejava desistir ou por que escolheu o Arizona para seu discurso.<\/p>\n<p>Ap\u00f3s deixar a prim\u00e1ria democrata para concorrer como independente, Kennedy construiu uma base de apoio excepcionalmente forte para algu\u00e9m concorrendo sem o apoio de um partido importante. N\u00e3o estava claro exatamente de onde vinha seu apoio, o que preocupava republicanos e democratas.<\/p>\n<p>Mas desde que o presidente Joe Biden encerrou sua campanha de reelei\u00e7\u00e3o e os democratas se uniram em torno da vice-presidente Harris como sua indicada, a ascens\u00e3o de Kennedy foi atrofiada. Parece cada vez mais improv\u00e1vel que ele consiga chegar ao palco do debate quando Trump e Harris se enfrentarem no m\u00eas que vem, um momento com o qual Kennedy contava para obter impulso e legitimidade. As finan\u00e7as de sua campanha tamb\u00e9m foram pressionadas.<\/p>\n<p>A not\u00edcia chega um pouco mais de uma semana depois que um juiz de Nova York decidiu que Kennedy n\u00e3o deveria aparecer na c\u00e9dula no estado porque ele listou um endere\u00e7o \u201cfarsa\u201d nas peti\u00e7\u00f5es de nomea\u00e7\u00e3o. Kennedy apelou, mas enfrentou v\u00e1rios desafios semelhantes ao redor do pa\u00eds.<\/p>\n<p>Na quarta-feira, ele estava em um tribunal em um sub\u00farbio da cidade de Nova York, testemunhando em um julgamento de outra a\u00e7\u00e3o eleitoral no estado, desta vez apoiada pelo Comit\u00ea Nacional Democrata, que contesta as assinaturas coletadas por sua campanha.<\/p>\n<p>Durante uma pausa nos procedimentos judiciais, Kennedy se recusou a responder perguntas de rep\u00f3rteres sobre se ele estava desistindo.<\/p>\n<p>Ele tamb\u00e9m est\u00e1 enfrentando um prov\u00e1vel desafio legal no Arizona, onde na semana passada ele enviou assinaturas que podem ter sido coletadas por um super PAC que o apoia, o que os cr\u00edticos de Kennedy dizem ser uma coordena\u00e7\u00e3o ilegal entre um candidato e um grupo pol\u00edtico independente.<\/p>\n<p><em>Swenson relatou de Nova York. O escritor da Associated Press Cedar Attanasio contribuiu de Mineola, Nova York.<\/em><\/p>\n<p><em>A Associated Press recebe apoio de v\u00e1rias funda\u00e7\u00f5es privadas para aprimorar sua cobertura explicativa de elei\u00e7\u00f5es e democracia. Veja mais sobre a iniciativa de democracia da AP aqui. A AP \u00e9 a \u00fanica respons\u00e1vel por todo o conte\u00fado.<\/em><\/p>\n<\/p><\/div>\n<p><script>\n\t\tvar consent=\"grant\";\n\t\t\/* The above code is parsing the JSON data from the local storage and storing it in a variable. *\/\n\t\t\t\t\tconst onetrustStorageConsent = JSON.parse(localStorage.getItem( 'consent_one_trust_bdc' ) );\n\t\t\tif ( ( onetrustStorageConsent !== null ) ) {\n\t\t\t\t\/* Checking to see if the user has consented to the use of cookies.\n\t\t\t\t* If they have not, it is deleting the cookie.\n\t\t\t\t* This will comment for now, until further notice.\n\t\t\t\t*\/\n\t\t\t\t\/\/if ( onetrustStorageConsent.C0002 === false ) {\n\t\t\t\t\/\/\tdocument.cookie=\"_fbp=;expires=Thu, 01 Jan 2010 00:00:00 UTC; path=\/; domain=.boston.com\";\n\t\t\t\t\/\/}\n\t\t\t\t\/* Checking if the user has given consent for the cookie C0002.\n\t\t\t\t* If the user has given consent, the variable consent will be set to 'grant'.\n\t\t\t\t* If the user has not given consent,the variable consent will be set to 'revoke'.\n\t\t\t\t* Documentation https:\/\/developers.facebook.com\/docs\/meta-pixel\/implementation\/gdpr\n\t\t\t\t*\/\n\t\t\t\tif ( onetrustStorageConsent.C0002 !== true ) {\n\t\t\t\t\tconsent=\"revoke\";\n\t\t\t\t}\n\t\t\t}\n\t\t\t\t!function(f,b,e,v,n,t,s)\n\t\t{if(f.fbq)return;n=f.fbq=function(){n.callMethod?\n\t\tn.callMethod.apply(n,arguments):n.queue.push(arguments)};\n\t\tif(!f._fbq)f._fbq=n;n.push=n;n.loaded=!0;n.version='2.0';\n\t\tn.queue=[];t=b.createElement(e);t.async=!0;\n\t\tt.src=v;s=b.getElementsByTagName(e)[0];\n\t\ts.parentNode.insertBefore(t,s)}(window, document,'script',\n\t\t'https:\/\/connect.facebook.net\/en_US\/fbevents.js');\n\t\tfbq('consent', consent);\n\t\tfbq('init', '989222871864976');\n\t\tfbq('track', 'PageView');\n\t<\/script><script type=\"module\">\n\t\tvar consent=\"grant\";\n\t\t\/* The above code is parsing the JSON data from the local storage and storing it in a variable. *\/\n\t\t\tconst onetrustStorageConsent = JSON.parse(localStorage.getItem( 'consent_one_trust_bdc' ) );\n\t\t\t\/* Checking to see if the user has consented to the use of cookies.\n\t\t\t* If they have not, it is deleting the cookie.\n\t\t\t* This will comment for now, until further notice.\n\t\t\t*\/\n\t\t\t\/\/if ( onetrustStorageConsent.C0002 === false ) {\n\t\t\t\/\/\tdocument.cookie=\"_fbp=;expires=Thu, 01 Jan 2010 00:00:00 UTC; path=\/; domain=.boston.com\";\n\t\t\t\/\/}\n\t\t\t\/* Checking if the user has given consent for the cookie C0002.\n\t\t\t* If the user has given consent, the variable consent will be set to 'grant'.\n\t\t\t* If the user has not given consent,the variable consent will be set to 'revoke'.\n\t\t\t* Documentation https:\/\/developers.facebook.com\/docs\/meta-pixel\/implementation\/gdpr\n\t\t\t*\/\n\t\t\tif ( ( onetrustStorageConsent !== null ) && (onetrustStorageConsent.C0002 !== true ) ) {\n\t\t\t\tconsent=\"revoke\";\n\t\t\t}\n\t\t\t\t!function(f,b,e,v,n,t,s){if(f.fbq)return;n=f.fbq=function()\n\t\t{n.callMethod? n.callMethod.apply(n,arguments):n.queue.push(arguments)}\n\t\t;if(!f._fbq)f._fbq=n;\n\t\tn.push=n;n.loaded=!0;n.version='2.0';n.queue=[];t=b.createElement(e);t.async=!0;\n\t\tt.src=v;s=b.getElementsByTagName(e)[0];s.parentNode.insertBefore(t,s)}(window,\n\t\tdocument,'script','https:\/\/connect.facebook.net\/en_US\/fbevents.js');\n\t\tfbq('consent', consent);\n\t\tfbq('init', '813236348753005');\n\t\tfbq('track', \"PageView\");\n\t<\/script><br \/>\n<br \/><br \/>\n<br \/><a href=\"https:\/\/www.boston.com\/news\/politics\/2024\/08\/21\/rfk-jr-to-speak-friday-amid-speculation-hell-drop-independent-presidential-bid-and-support-trump\/\">Source link <\/a><\/p>","protected":false},"excerpt":{"rendered":"<p>Pol\u00edtica O companheiro de chapa de Kennedy disse que a campanha estava considerando uma medida para &#8220;unir for\u00e7as&#8221; com Trump para limitar as chances de elei\u00e7\u00e3o de Kamala Harris. O&hellip;<\/p>","protected":false},"author":1,"featured_media":27153,"comment_status":"closed","ping_status":"open","sticky":false,"template":"","format":"standard","meta":{"content-type":"","footnotes":""},"categories":[1],"tags":[],"class_list":["post-27152","post","type-post","status-publish","format-standard","has-post-thumbnail","hentry","category-uncategorized"],"_links":{"self":[{"href":"https:\/\/tvbrazilusa.com\/pt\/wp-json\/wp\/v2\/posts\/27152","targetHints":{"allow":["GET"]}}],"collection":[{"href":"https:\/\/tvbrazilusa.com\/pt\/wp-json\/wp\/v2\/posts"}],"about":[{"href":"https:\/\/tvbrazilusa.com\/pt\/wp-json\/wp\/v2\/types\/post"}],"author":[{"embeddable":true,"href":"https:\/\/tvbrazilusa.com\/pt\/wp-json\/wp\/v2\/users\/1"}],"replies":[{"embeddable":true,"href":"https:\/\/tvbrazilusa.com\/pt\/wp-json\/wp\/v2\/comments?post=27152"}],"version-history":[{"count":1,"href":"https:\/\/tvbrazilusa.com\/pt\/wp-json\/wp\/v2\/posts\/27152\/revisions"}],"predecessor-version":[{"id":27154,"href":"https:\/\/tvbrazilusa.com\/pt\/wp-json\/wp\/v2\/posts\/27152\/revisions\/27154"}],"wp:featuredmedia":[{"embeddable":true,"href":"https:\/\/tvbrazilusa.com\/pt\/wp-json\/wp\/v2\/media\/27153"}],"wp:attachment":[{"href":"https:\/\/tvbrazilusa.com\/pt\/wp-json\/wp\/v2\/media?parent=27152"}],"wp:term":[{"taxonomy":"category","embeddable":true,"href":"https:\/\/tvbrazilusa.com\/pt\/wp-json\/wp\/v2\/categories?post=27152"},{"taxonomy":"post_tag","embeddable":true,"href":"https:\/\/tvbrazilusa.com\/pt\/wp-json\/wp\/v2\/tags?post=27152"}],"curies":[{"name":"wp","href":"https:\/\/api.w.org\/{rel}","templated":true}]}}