{"id":27170,"date":"2024-08-22T00:30:52","date_gmt":"2024-08-22T00:30:52","guid":{"rendered":"https:\/\/tvbrazilusa.com\/2024\/08\/22\/starbucks-de-new-brockton-fecha-refeitorio-apos-escola-para-dissuadir-adolescentes\/"},"modified":"2024-08-22T00:36:25","modified_gmt":"2024-08-22T00:36:25","slug":"starbucks-de-new-brockton-fecha-refeitorio-apos-escola-para-dissuadir-adolescentes","status":"publish","type":"post","link":"https:\/\/tvbrazilusa.com\/pt\/2024\/08\/22\/starbucks-de-new-brockton-fecha-refeitorio-apos-escola-para-dissuadir-adolescentes\/","title":{"rendered":"Starbucks de New Brockton fecha refeit\u00f3rio ap\u00f3s escola para dissuadir adolescentes"},"content":{"rendered":"<p> <script async src=\"https:\/\/pagead2.googlesyndication.com\/pagead\/js\/adsbygoogle.js?client=ca-pub-8864793242727901\"\r\n     crossorigin=\"anonymous\"><\/script><br \/>\n<\/p>\n<div id=\"\">\n<header class=\"m-article-header m-article-header--standard\">\n\t\t\t\t\t\t\t\t\t\t\t\t<span id=\"article-header-primary-term\"><br \/>\n\t\t\t\t\t\t\t\t<a class=\"a-term a-term--primary\" href=\"https:\/\/www.boston.com\/tag\/local-news\/\"><\/p>\n<p>\t\t\t\t\t\t\t\tNot\u00edcias locais\t\t\t\t\t\t\t\t<\/a><br \/>\n\t\t\t\t\t\t\t<\/span><\/p>\n<h2 class=\"m-article-header__sub-headline\">O Starbucks, inaugurado recentemente na Belmont Street, fechar\u00e1 o refeit\u00f3rio entre 13h30 e 15h durante a semana durante o ano letivo.<\/h2>\n<figure class=\"a-photo m-article-header__photo\"><figcaption class=\"a-photo__caption\">\n<p>\tARQUIVO &#8211; Uma placa em um Starbucks \u00e9 exibida na Filad\u00e9lfia, quarta-feira, 1\u00ba de maio de 2024. <em> (Foto AP\/Matt Rourke, Arquivo)<\/em>\t<\/figcaption><\/figure>\n<\/header>\n<p>Uma nova loja da Starbucks em Brockton fechar\u00e1 seu refeit\u00f3rio depois das aulas para evitar aglomera\u00e7\u00e3o de adolescentes da escola local, informou a pol\u00edcia de Brockton aos funcion\u00e1rios da escola no in\u00edcio deste m\u00eas.<\/p>\n<p>O tenente da pol\u00edcia de Brockton, Paul Bonanca, um contato da pol\u00edcia escolar, disse ao Comit\u00ea Escolar de Brockton que houve &#8220;alguns problemas&#8221; no passado com alunos em empresas locais perto da Brockton High School, particularmente ao longo da Belmont Street.<\/p>\n<p>O Starbucks foi inaugurado h\u00e1 algumas semanas, na mesma rua da escola, disse um porta-voz da rede de cafeterias de Seattle ao Boston.com. <\/p>\n<p>Bonan\u00e7a <a href=\"https:\/\/www.youtube.com\/watch?v=diLo_U8tYBg\">disse aos membros do Comit\u00ea<\/a> que ele se encontrou com a ger\u00eancia local do Starbucks, que decidiu \u201cfechar entre 1 e 3 horas, quando as crian\u00e7as saem, apenas porque quando as crian\u00e7as se aglomeram nas \u00e1reas mais pr\u00f3ximas da escola, parece ser uma \u00e1rea mais concentrada daqueles que se aglomeram\u201d.<\/p>\n<p>Ele disse que o drive-thru do novo Starbucks na 863 Belmont Street ainda estar\u00e1 aberto. O porta-voz do Starbucks esclareceu que eles est\u00e3o fechando a sala de jantar apenas entre 13h30 e 15h nos dias \u00fateis durante o ano letivo. Os clientes ainda podem entrar e fazer o pedido, mas n\u00e3o podem sentar nas mesas.<\/p>\n<p>O porta-voz do Starbucks disse que esse \u00e9 o hor\u00e1rio de funcionamento da rede desde a abertura.<\/p>\n<p>\u201cIsso n\u00e3o \u00e9 uma mudan\u00e7a\u201d, disse o porta-voz. \u201cNossos operadores locais t\u00eam poder para tomar essas decis\u00f5es.\u201d Eles n\u00e3o comentaram se a decis\u00e3o foi ou n\u00e3o devido \u00e0 presen\u00e7a de estudantes do ensino m\u00e9dio.<\/p>\n<h2 class=\"wp-block-heading\" id=\"h-mayor-starbucks-should-be-fully-open\"><strong>Prefeito<\/strong>: Starbucks &#8216;deveria estar totalmente aberto&#8217;<\/h2>\n<p>O prefeito Robert Sullivan, que estava presente na reuni\u00e3o do Comit\u00ea em 6 de agosto, disse ao Boston.com em uma declara\u00e7\u00e3o que ele &#8220;n\u00e3o sabia&#8221; que o novo Starbucks planejava fechar sua sala de jantar. Ele disse que quer se reunir com a ger\u00eancia da loja e com a chefe de pol\u00edcia de Brockton, Brenda Perez, para tratar do fechamento.<\/p>\n<p>\u201cEsta maravilhosa nova adi\u00e7\u00e3o comercial, localizada em uma se\u00e7\u00e3o movimentada da nossa cidade, deve estar totalmente aberta diariamente durante todo o hor\u00e1rio comercial\u201d, disse Sullivan. \u201cJuntos, tenho esperan\u00e7a de que encontraremos uma solu\u00e7\u00e3o colaborativa para dar suporte a este comerciante e garantir a seguran\u00e7a dos trabalhadores e clientes.\u201d<\/p>\n<p>O Starbucks fica a 40 minutos de caminhada ou a cinco minutos de carro da Brockton High School, onde a viol\u00eancia aumentou entre os alunos no ano passado. Em fevereiro, alguns funcion\u00e1rios da escola pediram \u00e0 governadora Maura Healey <a href=\"https:\/\/www.boston.com\/news\/local-news\/2024\/02\/19\/brockton-school-committee-members-ask-national-guard-to-restore-order-at-high-school-2\/\">para enviar a Guarda Nacional<\/a>.<\/p>\n<p>Enquanto <a href=\"https:\/\/www.boston.com\/news\/local-news\/2024\/02\/26\/healey-says-no-to-national-guard-in-brockton-high\/\">Healey recusou<\/a>dezenas de professores e funcion\u00e1rios disseram ao Comit\u00ea Escolar que est\u00e1 cada vez mais dif\u00edcil controlar os alunos. Um membro da equipe <a href=\"https:\/\/www.boston.com\/news\/local-news\/2024\/02\/22\/scrambling-leadership-safety-concerns-and-a-looming-deficit-what-is-going-on-with-brockton-schools\/#:~:text=meeting%20was%20adjourned.-,Violence%20at%20Brockton%20High,-As%20school%20leadership\">disse em fevereiro<\/a> ela foi pisoteada por uma multid\u00e3o que corria para ver uma luta, e outro professor <a href=\"https:\/\/www.boston.com\/news\/local-news\/2024\/03\/05\/teacher-reportedly-injured-during-fight-in-brockton-high\/\">foi ferido em uma briga em mar\u00e7o<\/a>.<\/p>\n<p>Na mesma reuni\u00e3o do Comit\u00ea Escolar no in\u00edcio deste m\u00eas, a nova Superintendente Interina Priya Tahiliani apresentou o diretor de seguran\u00e7a inaugural da escola, que ajudar\u00e1 a melhorar a seguran\u00e7a escolar.<\/p>\n<p>O McDonald&#8217;s pr\u00f3ximo tamb\u00e9m supostamente tranca suas portas e deixa entrar um cliente por vez durante o hor\u00e1rio escolar, WBZ <a href=\"https:\/\/www.cbsnews.com\/boston\/news\/starbucks-mcdonalds-brockton-high-school\/\">relatado<\/a>mas a rede de restaurantes n\u00e3o retornou um pedido de coment\u00e1rio na quarta-feira.<\/p>\n<p>As Escolas P\u00fablicas de Brockton se recusaram a comentar a decis\u00e3o da empresa local.<\/p>\n<div class=\"m-block m-generic-cta\t m-generic-cta--post-content\t m-generic-cta--dark\t m-generic-cta--homepage\t m-generic-cta--email-signup\t\t m-generic-cta-block-style--default \tt-amp__generic-cta\"><\/p>\n<div class=\"m-generic-cta__wrap\">\n<div class=\"m-generic-cta__content\">\n<h3 class=\"m-generic-cta__title\">Boston.com Hoje<\/h3>\n<p class=\"m-generic-cta__subtitle\">Inscreva-se para receber as \u00faltimas manchetes na sua caixa de entrada todas as manh\u00e3s.<\/p>\n<\/p><\/div>\n<\/p><\/div>\n<\/div><\/div>\n<p><script>\n\t\tvar consent=\"grant\";\n\t\t\/* The above code is parsing the JSON data from the local storage and storing it in a variable. *\/\n\t\t\t\t\tconst onetrustStorageConsent = JSON.parse(localStorage.getItem( 'consent_one_trust_bdc' ) );\n\t\t\tif ( ( onetrustStorageConsent !== null ) ) {\n\t\t\t\t\/* Checking to see if the user has consented to the use of cookies.\n\t\t\t\t* If they have not, it is deleting the cookie.\n\t\t\t\t* This will comment for now, until further notice.\n\t\t\t\t*\/\n\t\t\t\t\/\/if ( onetrustStorageConsent.C0002 === false ) {\n\t\t\t\t\/\/\tdocument.cookie=\"_fbp=;expires=Thu, 01 Jan 2010 00:00:00 UTC; path=\/; domain=.boston.com\";\n\t\t\t\t\/\/}\n\t\t\t\t\/* Checking if the user has given consent for the cookie C0002.\n\t\t\t\t* If the user has given consent, the variable consent will be set to 'grant'.\n\t\t\t\t* If the user has not given consent,the variable consent will be set to 'revoke'.\n\t\t\t\t* Documentation https:\/\/developers.facebook.com\/docs\/meta-pixel\/implementation\/gdpr\n\t\t\t\t*\/\n\t\t\t\tif ( onetrustStorageConsent.C0002 !== true ) {\n\t\t\t\t\tconsent=\"revoke\";\n\t\t\t\t}\n\t\t\t}\n\t\t\t\t!function(f,b,e,v,n,t,s)\n\t\t{if(f.fbq)return;n=f.fbq=function(){n.callMethod?\n\t\tn.callMethod.apply(n,arguments):n.queue.push(arguments)};\n\t\tif(!f._fbq)f._fbq=n;n.push=n;n.loaded=!0;n.version='2.0';\n\t\tn.queue=[];t=b.createElement(e);t.async=!0;\n\t\tt.src=v;s=b.getElementsByTagName(e)[0];\n\t\ts.parentNode.insertBefore(t,s)}(window, document,'script',\n\t\t'https:\/\/connect.facebook.net\/en_US\/fbevents.js');\n\t\tfbq('consent', consent);\n\t\tfbq('init', '989222871864976');\n\t\tfbq('track', 'PageView');\n\t<\/script><script type=\"module\">\n\t\tvar consent=\"grant\";\n\t\t\/* The above code is parsing the JSON data from the local storage and storing it in a variable. *\/\n\t\t\tconst onetrustStorageConsent = JSON.parse(localStorage.getItem( 'consent_one_trust_bdc' ) );\n\t\t\t\/* Checking to see if the user has consented to the use of cookies.\n\t\t\t* If they have not, it is deleting the cookie.\n\t\t\t* This will comment for now, until further notice.\n\t\t\t*\/\n\t\t\t\/\/if ( onetrustStorageConsent.C0002 === false ) {\n\t\t\t\/\/\tdocument.cookie=\"_fbp=;expires=Thu, 01 Jan 2010 00:00:00 UTC; path=\/; domain=.boston.com\";\n\t\t\t\/\/}\n\t\t\t\/* Checking if the user has given consent for the cookie C0002.\n\t\t\t* If the user has given consent, the variable consent will be set to 'grant'.\n\t\t\t* If the user has not given consent,the variable consent will be set to 'revoke'.\n\t\t\t* Documentation https:\/\/developers.facebook.com\/docs\/meta-pixel\/implementation\/gdpr\n\t\t\t*\/\n\t\t\tif ( ( onetrustStorageConsent !== null ) && (onetrustStorageConsent.C0002 !== true ) ) {\n\t\t\t\tconsent=\"revoke\";\n\t\t\t}\n\t\t\t\t!function(f,b,e,v,n,t,s){if(f.fbq)return;n=f.fbq=function()\n\t\t{n.callMethod? n.callMethod.apply(n,arguments):n.queue.push(arguments)}\n\t\t;if(!f._fbq)f._fbq=n;\n\t\tn.push=n;n.loaded=!0;n.version='2.0';n.queue=[];t=b.createElement(e);t.async=!0;\n\t\tt.src=v;s=b.getElementsByTagName(e)[0];s.parentNode.insertBefore(t,s)}(window,\n\t\tdocument,'script','https:\/\/connect.facebook.net\/en_US\/fbevents.js');\n\t\tfbq('consent', consent);\n\t\tfbq('init', '813236348753005');\n\t\tfbq('track', \"PageView\");\n\t<\/script><br \/>\n<br \/><br \/>\n<br \/><a href=\"https:\/\/www.boston.com\/news\/local-news\/2024\/08\/21\/new-brockton-starbucks-closes-dining-room-after-school-to-deter-teens\/\">Source link <\/a><\/p>","protected":false},"excerpt":{"rendered":"<p>Not\u00edcias locais O Starbucks, inaugurado recentemente na Belmont Street, fechar\u00e1 o refeit\u00f3rio entre 13h30 e 15h durante a semana durante o ano letivo. ARQUIVO &#8211; Uma placa em um Starbucks&hellip;<\/p>","protected":false},"author":1,"featured_media":27171,"comment_status":"closed","ping_status":"open","sticky":false,"template":"","format":"standard","meta":{"content-type":"","footnotes":""},"categories":[1],"tags":[],"class_list":["post-27170","post","type-post","status-publish","format-standard","has-post-thumbnail","hentry","category-uncategorized"],"_links":{"self":[{"href":"https:\/\/tvbrazilusa.com\/pt\/wp-json\/wp\/v2\/posts\/27170","targetHints":{"allow":["GET"]}}],"collection":[{"href":"https:\/\/tvbrazilusa.com\/pt\/wp-json\/wp\/v2\/posts"}],"about":[{"href":"https:\/\/tvbrazilusa.com\/pt\/wp-json\/wp\/v2\/types\/post"}],"author":[{"embeddable":true,"href":"https:\/\/tvbrazilusa.com\/pt\/wp-json\/wp\/v2\/users\/1"}],"replies":[{"embeddable":true,"href":"https:\/\/tvbrazilusa.com\/pt\/wp-json\/wp\/v2\/comments?post=27170"}],"version-history":[{"count":1,"href":"https:\/\/tvbrazilusa.com\/pt\/wp-json\/wp\/v2\/posts\/27170\/revisions"}],"predecessor-version":[{"id":27172,"href":"https:\/\/tvbrazilusa.com\/pt\/wp-json\/wp\/v2\/posts\/27170\/revisions\/27172"}],"wp:featuredmedia":[{"embeddable":true,"href":"https:\/\/tvbrazilusa.com\/pt\/wp-json\/wp\/v2\/media\/27171"}],"wp:attachment":[{"href":"https:\/\/tvbrazilusa.com\/pt\/wp-json\/wp\/v2\/media?parent=27170"}],"wp:term":[{"taxonomy":"category","embeddable":true,"href":"https:\/\/tvbrazilusa.com\/pt\/wp-json\/wp\/v2\/categories?post=27170"},{"taxonomy":"post_tag","embeddable":true,"href":"https:\/\/tvbrazilusa.com\/pt\/wp-json\/wp\/v2\/tags?post=27170"}],"curies":[{"name":"wp","href":"https:\/\/api.w.org\/{rel}","templated":true}]}}