{"id":2719,"date":"2024-01-26T23:30:07","date_gmt":"2024-01-26T23:30:07","guid":{"rendered":"https:\/\/tvbrazilusa.com\/2024\/01\/26\/sindrome-de-hulk-saude-mental-por-marcia-de-lana\/"},"modified":"2024-01-26T23:30:07","modified_gmt":"2024-01-26T23:30:07","slug":"sindrome-de-hulk-saude-mental-por-marcia-de-lana","status":"publish","type":"post","link":"https:\/\/tvbrazilusa.com\/pt\/2024\/01\/26\/sindrome-de-hulk-saude-mental-por-marcia-de-lana\/","title":{"rendered":"S\u00cdNDROME DE HULK &#8211; SA\u00daDE MENTAL POR MARCIA DE LANA"},"content":{"rendered":"<p><iframe  width=\"580\" height=\"385\" src=\"https:\/\/www.youtube.com\/embed\/oWvBL-NdTZ8?modestbranding=1\" frameborder=\"0\" allowfullscreen><\/iframe><br \/>\n<br \/>TV Florida USA \u00e9 uma TV Brasileira feita para brasileiros que vivem fora do Brasil. Aqui voc\u00ea vai encontrar de tudo um pouco.<br \/>\nV\u00eddeos produzidos pela TV Florida e tamb\u00e9m conte\u00fado de Youtubers, com grande visualiza\u00e7\u00e3o na internet.<\/p>\n<p>ASSISTA ESSE E OUTROS V\u00cdDEOS COMPLETOS, BAIXANDO NOSSO APP GRAT\u00daITO:<\/p>\n<p>Android e IOS<\/p>\n<p>Visite nosso site  e confira todos os v\u00eddeos em um \u00fanico lugar.<\/p>\n<p>Assista nossa programa\u00e7\u00e3o 24 horas por dia:<\/p>\n<p>Assista nossos v\u00eddeos tamb\u00e9m pelo Rumble.<\/p>\n<p><a href=\"https:\/\/www.youtube.com\/watch?v=oWvBL-NdTZ8\">source<\/a><\/p>","protected":false},"excerpt":{"rendered":"<p>TV Florida USA \u00e9 uma TV Brasileira feita para brasileiros que vivem fora do Brasil. Aqui voc\u00ea vai encontrar de tudo um pouco. V\u00eddeos produzidos pela TV Florida e tamb\u00e9m&hellip;<\/p>","protected":false},"author":1,"featured_media":2720,"comment_status":"","ping_status":"open","sticky":false,"template":"","format":"standard","meta":{"content-type":"","footnotes":""},"categories":[17],"tags":[321,110,109,107,108,106,102,222],"class_list":["post-2719","post","type-post","status-publish","format-standard","has-post-thumbnail","hentry","category-programas","tag-hulk","tag-lana","tag-marcia","tag-mental","tag-por","tag-saude","tag-saude-mental","tag-sindrome"],"_links":{"self":[{"href":"https:\/\/tvbrazilusa.com\/pt\/wp-json\/wp\/v2\/posts\/2719","targetHints":{"allow":["GET"]}}],"collection":[{"href":"https:\/\/tvbrazilusa.com\/pt\/wp-json\/wp\/v2\/posts"}],"about":[{"href":"https:\/\/tvbrazilusa.com\/pt\/wp-json\/wp\/v2\/types\/post"}],"author":[{"embeddable":true,"href":"https:\/\/tvbrazilusa.com\/pt\/wp-json\/wp\/v2\/users\/1"}],"replies":[{"embeddable":true,"href":"https:\/\/tvbrazilusa.com\/pt\/wp-json\/wp\/v2\/comments?post=2719"}],"version-history":[{"count":0,"href":"https:\/\/tvbrazilusa.com\/pt\/wp-json\/wp\/v2\/posts\/2719\/revisions"}],"wp:featuredmedia":[{"embeddable":true,"href":"https:\/\/tvbrazilusa.com\/pt\/wp-json\/wp\/v2\/media\/2720"}],"wp:attachment":[{"href":"https:\/\/tvbrazilusa.com\/pt\/wp-json\/wp\/v2\/media?parent=2719"}],"wp:term":[{"taxonomy":"category","embeddable":true,"href":"https:\/\/tvbrazilusa.com\/pt\/wp-json\/wp\/v2\/categories?post=2719"},{"taxonomy":"post_tag","embeddable":true,"href":"https:\/\/tvbrazilusa.com\/pt\/wp-json\/wp\/v2\/tags?post=2719"}],"curies":[{"name":"wp","href":"https:\/\/api.w.org\/{rel}","templated":true}]}}