{"id":27204,"date":"2024-08-22T00:38:31","date_gmt":"2024-08-22T00:38:31","guid":{"rendered":"https:\/\/tvbrazilusa.com\/2024\/08\/22\/eleitores-de-miami-dade-decidirao-o-confronto-do-xerife-de-novembro-entre-cordero-stutz-e-reyes-wsvn-7news-noticias-de-miami-clima-esportes-fort-lauderdale\/"},"modified":"2024-08-22T01:45:06","modified_gmt":"2024-08-22T01:45:06","slug":"eleitores-de-miami-dade-decidirao-o-confronto-do-xerife-de-novembro-entre-cordero-stutz-e-reyes-wsvn-7news-noticias-de-miami-clima-esportes-fort-lauderdale","status":"publish","type":"post","link":"https:\/\/tvbrazilusa.com\/pt\/2024\/08\/22\/eleitores-de-miami-dade-decidirao-o-confronto-do-xerife-de-novembro-entre-cordero-stutz-e-reyes-wsvn-7news-noticias-de-miami-clima-esportes-fort-lauderdale\/","title":{"rendered":"Eleitores de Miami-Dade decidir\u00e3o o confronto do xerife de novembro entre Cordero-Stutz e Reyes &#8211; WSVN 7News | Not\u00edcias de Miami, Clima, Esportes | Fort Lauderdale"},"content":{"rendered":"<p> <script async src=\"https:\/\/pagead2.googlesyndication.com\/pagead\/js\/adsbygoogle.js?client=ca-pub-8864793242727901\"\r\n     crossorigin=\"anonymous\"><\/script><br \/>\n<\/p>\n<div itemprop=\"articleBody\">\n<p>DORAL, FL. (WSVN) &#8211; A disputa pelo cargo de xerife de Miami-Dade est\u00e1 definida, j\u00e1 que o concorrido grupo de candidatos foi reduzido a dois nas elei\u00e7\u00f5es prim\u00e1rias desta semana.<\/p>\n<p>O democrata James Reyes e a republicana Rosanna Cordero-Stutz <a href=\"https:\/\/wsvn.com\/news\/local\/miami-dade\/miami-dade-results-mayor-levine-cava-wins-re-election-cordero-stutz-reyes-head-to-sheriff-runoff\/\">venceram suas respectivas prim\u00e1rias<\/a> na ter\u00e7a-feira \u00e0 noite para se tornar o candidato do partido para xerife. Ser\u00e1 a primeira vez em mais de 60 anos que Miami-Dade ter\u00e1 um xerife.<\/p>\n<p>Na ter\u00e7a-feira \u00e0 noite, Cordero-Stutz comemorou sua vit\u00f3ria em Coral Gables.<\/p>\n<p>\u201cE a\u00ed, Miami-Dade?\u201d, disse Cordero-Stutz em seu partido eleitoral.<\/p>\n<p>Cordero-Stutz correu um <a href=\"https:\/\/wsvn.com\/news\/local\/miami-dade\/miami-dade-police-department-to-transform-into-sheriffs-office\/\">corrida lotada mas saiu vitorioso<\/a> depois de receber apoios importantes do ex-presidente Donald Trump e de outros legisladores republicanos.<\/p>\n<p>\u201cA posi\u00e7\u00e3o de xerife neste condado \u00e9 sobre lei e ordem. \u00c9 sobre seguran\u00e7a. Todo mundo quer uma comunidade segura, e por 28 anos, esse tem sido meu trabalho, e \u00e9 isso que eu tenho feito\u201d, disse Cordero-Stutz.<\/p>\n<p>Ela trabalha no Departamento de Pol\u00edcia de Miami-Dade h\u00e1 quase tr\u00eas d\u00e9cadas e \u00e9 diretora assistente de servi\u00e7os investigativos.<\/p>\n<p>Do outro lado do corredor, Reyes, o atual chefe de seguran\u00e7a p\u00fablica do condado, <a href=\"https:\/\/wsvn.com\/news\/local\/miami-dade\/meet-the-democratic-candidates-for-miami-dade-sheriff\/\">venceu as prim\u00e1rias democratas com uma vit\u00f3ria esmagadora<\/a>. Ele venceu em um grupo de quatro pessoas ap\u00f3s ser apoiado pela prefeita de Miami-Dade, Daniella Levine Cava.<\/p>\n<p>Ap\u00f3s sua vit\u00f3ria, ele disse que seus anos de experi\u00eancia no Gabinete do Xerife de Broward, onde administrou o or\u00e7amento do condado, s\u00e3o essenciais para esta posi\u00e7\u00e3o.<\/p>\n<p>\u201cSer o \u00fanico candidato com experi\u00eancia em lideran\u00e7a executiva em um gabinete de xerife \u00e9 o que realmente marcou a diferen\u00e7a\u201d, disse Reyes. \u201cEu realmente acredito que \u00e9 por isso que recebemos tanto apoio.\u201d<\/p>\n<p>Ambos os candidatos disseram que esperam representar todos os cidad\u00e3os, independentemente do partido.<\/p>\n<p>Cordero-Stutz promete fazer com que a presen\u00e7a da pol\u00edcia seja sentida em todo o condado.<\/p>\n<p>\u201cPrecisamos colocar mais policiais de volta na patrulha para que possamos aumentar nossa presen\u00e7a nas ruas do Condado de Miami-Dade. Isso \u00e9 importante para esta comunidade, e eles v\u00eam pedindo isso h\u00e1 muito tempo\u201d, disse ela.<\/p>\n<p>Reyes disse que, se vencer, ganhar a confian\u00e7a da comunidade estar\u00e1 em sua lista de prioridades.<\/p>\n<p>\u201cToda a comunidade quer se sentir refletida, n\u00e3o apenas visivelmente, mas tamb\u00e9m em suas prioridades e em seus valores, no que ser\u00e1 o Gabinete do Xerife de Miami-Dade\u201d, disse ele.<\/p>\n<p>Reyes tamb\u00e9m prometeu trazer de volta a Unidade de Corrup\u00e7\u00e3o P\u00fablica de Miami-Dade, priorizar a seguran\u00e7a p\u00fablica e atualizar a tecnologia policial.<\/p>\n<p>Cordero-Stutz planeja ter uma pol\u00edtica de toler\u00e2ncia zero \u00e0 corrup\u00e7\u00e3o p\u00fablica e expandir os servi\u00e7os de sa\u00fade mental. Ela tamb\u00e9m prometeu priorizar a seguran\u00e7a p\u00fablica.<\/p>\n<p>Quem vencer em novembro liderar\u00e1 a transi\u00e7\u00e3o do governo do condado para o gabinete do xerife independente.<\/p>\n<p>Eles tamb\u00e9m poderiam supervisionar o sistema prisional, mas isso estaria sujeito \u00e0 vota\u00e7\u00e3o da comiss\u00e3o do condado.<\/p>\n<p><em>Copyright 2024 Sunbeam Television Corp. Todos os direitos reservados. Este material n\u00e3o pode ser publicado, transmitido, reescrito ou redistribu\u00eddo.<\/em><\/p>\n<div class=\"wp-block-newsletter\">\n\t<strong class=\"wp-block-newsletter__title\">Inscreva-se em nossa Newsletter para receber as \u00faltimas not\u00edcias diretamente na sua caixa de entrada<\/strong><\/p>\n<\/div><\/div>\n<p><br \/>\n<br \/><a href=\"https:\/\/wsvn.com\/news\/politics\/miami-dade-voters-to-decide-november-sheriff-showdown-between-cordero-stutz-and-reyes\/\">Source link <\/a><\/p>","protected":false},"excerpt":{"rendered":"<p>DORAL, FL. (WSVN) &#8211; A disputa pelo cargo de xerife de Miami-Dade est\u00e1 definida, j\u00e1 que o concorrido grupo de candidatos foi reduzido a dois nas elei\u00e7\u00f5es prim\u00e1rias desta semana.&hellip;<\/p>","protected":false},"author":1,"featured_media":27205,"comment_status":"closed","ping_status":"open","sticky":false,"template":"","format":"standard","meta":{"content-type":"","footnotes":""},"categories":[1],"tags":[],"class_list":["post-27204","post","type-post","status-publish","format-standard","has-post-thumbnail","hentry","category-uncategorized"],"_links":{"self":[{"href":"https:\/\/tvbrazilusa.com\/pt\/wp-json\/wp\/v2\/posts\/27204","targetHints":{"allow":["GET"]}}],"collection":[{"href":"https:\/\/tvbrazilusa.com\/pt\/wp-json\/wp\/v2\/posts"}],"about":[{"href":"https:\/\/tvbrazilusa.com\/pt\/wp-json\/wp\/v2\/types\/post"}],"author":[{"embeddable":true,"href":"https:\/\/tvbrazilusa.com\/pt\/wp-json\/wp\/v2\/users\/1"}],"replies":[{"embeddable":true,"href":"https:\/\/tvbrazilusa.com\/pt\/wp-json\/wp\/v2\/comments?post=27204"}],"version-history":[{"count":1,"href":"https:\/\/tvbrazilusa.com\/pt\/wp-json\/wp\/v2\/posts\/27204\/revisions"}],"predecessor-version":[{"id":27206,"href":"https:\/\/tvbrazilusa.com\/pt\/wp-json\/wp\/v2\/posts\/27204\/revisions\/27206"}],"wp:featuredmedia":[{"embeddable":true,"href":"https:\/\/tvbrazilusa.com\/pt\/wp-json\/wp\/v2\/media\/27205"}],"wp:attachment":[{"href":"https:\/\/tvbrazilusa.com\/pt\/wp-json\/wp\/v2\/media?parent=27204"}],"wp:term":[{"taxonomy":"category","embeddable":true,"href":"https:\/\/tvbrazilusa.com\/pt\/wp-json\/wp\/v2\/categories?post=27204"},{"taxonomy":"post_tag","embeddable":true,"href":"https:\/\/tvbrazilusa.com\/pt\/wp-json\/wp\/v2\/tags?post=27204"}],"curies":[{"name":"wp","href":"https:\/\/api.w.org\/{rel}","templated":true}]}}