{"id":27214,"date":"2024-08-22T02:16:02","date_gmt":"2024-08-22T02:16:02","guid":{"rendered":"https:\/\/tvbrazilusa.com\/2024\/08\/22\/conselho-de-saude-de-oxford-vota-para-limitar-o-uso-de-terras-ao-ar-livre-devido-ao-risco-de-eee\/"},"modified":"2024-08-22T02:24:59","modified_gmt":"2024-08-22T02:24:59","slug":"conselho-de-saude-de-oxford-vota-para-limitar-o-uso-de-terras-ao-ar-livre-devido-ao-risco-de-eee","status":"publish","type":"post","link":"https:\/\/tvbrazilusa.com\/pt\/2024\/08\/22\/conselho-de-saude-de-oxford-vota-para-limitar-o-uso-de-terras-ao-ar-livre-devido-ao-risco-de-eee\/","title":{"rendered":"Conselho de Sa\u00fade de Oxford vota para limitar o uso de terras ao ar livre devido ao risco de EEE"},"content":{"rendered":"<p> <script async src=\"https:\/\/pagead2.googlesyndication.com\/pagead\/js\/adsbygoogle.js?client=ca-pub-8864793242727901\"\r\n     crossorigin=\"anonymous\"><\/script><br \/>\n<\/p>\n<div id=\"\">\n<header class=\"m-article-header m-article-header--standard\">\n\t\t\t\t\t\t\t\t\t\t\t\t<span id=\"article-header-primary-term\"><br \/>\n\t\t\t\t\t\t\t\t<a class=\"a-term a-term--primary\" href=\"https:\/\/www.boston.com\/tag\/health\/\"><\/p>\n<p>\t\t\t\t\t\t\t\tSa\u00fade\t\t\t\t\t\t\t\t<\/a><br \/>\n\t\t\t\t\t\t\t<\/span><\/p>\n<h2 class=\"m-article-header__sub-headline\">O Conselho de Sa\u00fade votou pela proibi\u00e7\u00e3o de todas as atividades ao ar livre em propriedades da cidade depois das 18h at\u00e9 setembro, e depois das 17h em outubro.<\/h2>\n<figure class=\"a-photo m-article-header__photo\"><figcaption class=\"a-photo__caption\">\n<p>\tARQUIVO &#8211; Nesta imagem fornecida pelo Servi\u00e7o de Pesquisa Agr\u00edcola do USDA, um mosquito est\u00e1 sobre a pele humana.<em> Servi\u00e7o de Pesquisa Agr\u00edcola do USDA via AP, Arquivo<\/em>\t<\/figcaption><\/figure>\n<\/header>\n<p>O Conselho de Sa\u00fade P\u00fablica de Oxford votou em uma reuni\u00e3o na quarta-feira para limitar temporariamente o uso de terras p\u00fablicas ao ar livre. A decis\u00e3o vem em meio \u00e0 cidade <a href=\"https:\/\/www.mass.gov\/info-details\/massachusetts-arbovirus-update\">Designa\u00e7\u00e3o de \u201cRisco Cr\u00edtico\u201d<\/a> para os s\u00e9rios, transmitidos por mosquitos <a href=\"https:\/\/www.boston.com\/news\/health\/2024\/08\/04\/two-towns-south-of-boston-now-have-high-eee-risk-state-says\/\">Encefalite equina oriental (EEE)<\/a> doen\u00e7a.<\/p>\n<p>A recomenda\u00e7\u00e3o do Departamento de Sa\u00fade P\u00fablica de Oxford inclui terminar todas as atividades ao ar livre antes das 18h at\u00e9 setembro, e antes das 17h a partir de outubro e at\u00e9 a primeira geada forte.<\/p>\n<p>As Escolas P\u00fablicas de Oxford est\u00e3o de volta \u00e0s aulas em 27 de agosto, e com o in\u00edcio das aulas vem o in\u00edcio dos esportes ao ar livre. Muitos dos participantes da reuni\u00e3o eram pais, preocupados com a capacidade de seus filhos de irem a jogos e treinos ao ar livre ap\u00f3s o dia escolar.<\/p>\n<p>\u201cEstamos aqui, em \u00faltima an\u00e1lise, para garantir que todos voc\u00eas estejam seguros\u201d, disse Kerrie Singer, presidente do Conselho de Sa\u00fade P\u00fablica, na reuni\u00e3o de neg\u00f3cios. \u201cN\u00e3o estamos proibindo, estamos colocando medidas de seguran\u00e7a em pr\u00e1tica.\u201d<\/p>\n<p>Os participantes gritaram sobre Singer e outros membros do conselho \u00e0s vezes enquanto discutiam se aceitariam ou n\u00e3o as recomenda\u00e7\u00f5es. Esta n\u00e3o foi uma audi\u00eancia p\u00fablica com espa\u00e7o para coment\u00e1rios p\u00fablicos, mas sim uma reuni\u00e3o de neg\u00f3cios aberta ao p\u00fablico. No entanto, isso n\u00e3o impediu as pessoas de comparecerem \u00e0 reuni\u00e3o e expressarem preocupa\u00e7\u00f5es.<\/p>\n<p>O diretor de sa\u00fade p\u00fablica de Oxford, Rike Sterrett, observou que o superintendente das escolas p\u00fablicas de Oxford est\u00e1 trabalhando com centros comunit\u00e1rios locais para reprogramar ou mover as pr\u00e1ticas esportivas escolares para dentro quando poss\u00edvel. Sterrett confirmou que o superintendente est\u00e1 trabalhando dentro das recomenda\u00e7\u00f5es estabelecidas pelo BOH.<\/p>\n<h2 class=\"wp-block-heading\" id=\"h-what-are-the-recommendations\"><strong>Quais s\u00e3o as recomenda\u00e7\u00f5es?<\/strong><\/h2>\n<p>Sterret listou diversas recomenda\u00e7\u00f5es do Departamento de Sa\u00fade P\u00fablica na reuni\u00e3o, que incluem:<\/p>\n<ul class=\"wp-block-list\">\n<li>Usando repelente de mosquitos<\/li>\n<li>Usar roupas que reduzam o acesso \u00e0 pele, como mangas compridas e meias<\/li>\n<li>Removendo \u00e1gua parada de casas<\/li>\n<li>Reagendamento de atividades ao ar livre que ocorram ap\u00f3s as 18h em setembro e ap\u00f3s as 17h em outubro<\/li>\n<\/ul>\n<div class=\"m-block m-generic-cta\t m-generic-cta--post-content\t m-generic-cta--dark\t m-generic-cta--homepage\t m-generic-cta--email-signup\t\t m-generic-cta-block-style--default \tt-amp__generic-cta\"><\/p>\n<div class=\"m-generic-cta__wrap\">\n<div class=\"m-generic-cta__content\">\n<h3 class=\"m-generic-cta__title\">Boston.com Hoje<\/h3>\n<p class=\"m-generic-cta__subtitle\">Inscreva-se para receber as \u00faltimas manchetes na sua caixa de entrada todas as manh\u00e3s.<\/p>\n<\/p><\/div>\n<\/p><\/div>\n<\/div><\/div>\n<p><script>\n\t\tvar consent=\"grant\";\n\t\t\/* The above code is parsing the JSON data from the local storage and storing it in a variable. *\/\n\t\t\t\t\tconst onetrustStorageConsent = JSON.parse(localStorage.getItem( 'consent_one_trust_bdc' ) );\n\t\t\tif ( ( onetrustStorageConsent !== null ) ) {\n\t\t\t\t\/* Checking to see if the user has consented to the use of cookies.\n\t\t\t\t* If they have not, it is deleting the cookie.\n\t\t\t\t* This will comment for now, until further notice.\n\t\t\t\t*\/\n\t\t\t\t\/\/if ( onetrustStorageConsent.C0002 === false ) {\n\t\t\t\t\/\/\tdocument.cookie=\"_fbp=;expires=Thu, 01 Jan 2010 00:00:00 UTC; path=\/; domain=.boston.com\";\n\t\t\t\t\/\/}\n\t\t\t\t\/* Checking if the user has given consent for the cookie C0002.\n\t\t\t\t* If the user has given consent, the variable consent will be set to 'grant'.\n\t\t\t\t* If the user has not given consent,the variable consent will be set to 'revoke'.\n\t\t\t\t* Documentation https:\/\/developers.facebook.com\/docs\/meta-pixel\/implementation\/gdpr\n\t\t\t\t*\/\n\t\t\t\tif ( onetrustStorageConsent.C0002 !== true ) {\n\t\t\t\t\tconsent=\"revoke\";\n\t\t\t\t}\n\t\t\t}\n\t\t\t\t!function(f,b,e,v,n,t,s)\n\t\t{if(f.fbq)return;n=f.fbq=function(){n.callMethod?\n\t\tn.callMethod.apply(n,arguments):n.queue.push(arguments)};\n\t\tif(!f._fbq)f._fbq=n;n.push=n;n.loaded=!0;n.version='2.0';\n\t\tn.queue=[];t=b.createElement(e);t.async=!0;\n\t\tt.src=v;s=b.getElementsByTagName(e)[0];\n\t\ts.parentNode.insertBefore(t,s)}(window, document,'script',\n\t\t'https:\/\/connect.facebook.net\/en_US\/fbevents.js');\n\t\tfbq('consent', consent);\n\t\tfbq('init', '989222871864976');\n\t\tfbq('track', 'PageView');\n\t<\/script><script type=\"module\">\n\t\tvar consent=\"grant\";\n\t\t\/* The above code is parsing the JSON data from the local storage and storing it in a variable. *\/\n\t\t\tconst onetrustStorageConsent = JSON.parse(localStorage.getItem( 'consent_one_trust_bdc' ) );\n\t\t\t\/* Checking to see if the user has consented to the use of cookies.\n\t\t\t* If they have not, it is deleting the cookie.\n\t\t\t* This will comment for now, until further notice.\n\t\t\t*\/\n\t\t\t\/\/if ( onetrustStorageConsent.C0002 === false ) {\n\t\t\t\/\/\tdocument.cookie=\"_fbp=;expires=Thu, 01 Jan 2010 00:00:00 UTC; path=\/; domain=.boston.com\";\n\t\t\t\/\/}\n\t\t\t\/* Checking if the user has given consent for the cookie C0002.\n\t\t\t* If the user has given consent, the variable consent will be set to 'grant'.\n\t\t\t* If the user has not given consent,the variable consent will be set to 'revoke'.\n\t\t\t* Documentation https:\/\/developers.facebook.com\/docs\/meta-pixel\/implementation\/gdpr\n\t\t\t*\/\n\t\t\tif ( ( onetrustStorageConsent !== null ) && (onetrustStorageConsent.C0002 !== true ) ) {\n\t\t\t\tconsent=\"revoke\";\n\t\t\t}\n\t\t\t\t!function(f,b,e,v,n,t,s){if(f.fbq)return;n=f.fbq=function()\n\t\t{n.callMethod? n.callMethod.apply(n,arguments):n.queue.push(arguments)}\n\t\t;if(!f._fbq)f._fbq=n;\n\t\tn.push=n;n.loaded=!0;n.version='2.0';n.queue=[];t=b.createElement(e);t.async=!0;\n\t\tt.src=v;s=b.getElementsByTagName(e)[0];s.parentNode.insertBefore(t,s)}(window,\n\t\tdocument,'script','https:\/\/connect.facebook.net\/en_US\/fbevents.js');\n\t\tfbq('consent', consent);\n\t\tfbq('init', '813236348753005');\n\t\tfbq('track', \"PageView\");\n\t<\/script><br \/>\n<br \/><br \/>\n<br \/><a href=\"https:\/\/www.boston.com\/news\/health\/2024\/08\/21\/oxford-board-of-health-votes-to-limit-use-of-outdoor-land-due-eee-risk\/\">Source link <\/a><\/p>","protected":false},"excerpt":{"rendered":"<p>Sa\u00fade O Conselho de Sa\u00fade votou pela proibi\u00e7\u00e3o de todas as atividades ao ar livre em propriedades da cidade depois das 18h at\u00e9 setembro, e depois das 17h em outubro.&hellip;<\/p>","protected":false},"author":1,"featured_media":27215,"comment_status":"closed","ping_status":"open","sticky":false,"template":"","format":"standard","meta":{"content-type":"","footnotes":""},"categories":[1],"tags":[],"class_list":["post-27214","post","type-post","status-publish","format-standard","has-post-thumbnail","hentry","category-uncategorized"],"_links":{"self":[{"href":"https:\/\/tvbrazilusa.com\/pt\/wp-json\/wp\/v2\/posts\/27214","targetHints":{"allow":["GET"]}}],"collection":[{"href":"https:\/\/tvbrazilusa.com\/pt\/wp-json\/wp\/v2\/posts"}],"about":[{"href":"https:\/\/tvbrazilusa.com\/pt\/wp-json\/wp\/v2\/types\/post"}],"author":[{"embeddable":true,"href":"https:\/\/tvbrazilusa.com\/pt\/wp-json\/wp\/v2\/users\/1"}],"replies":[{"embeddable":true,"href":"https:\/\/tvbrazilusa.com\/pt\/wp-json\/wp\/v2\/comments?post=27214"}],"version-history":[{"count":1,"href":"https:\/\/tvbrazilusa.com\/pt\/wp-json\/wp\/v2\/posts\/27214\/revisions"}],"predecessor-version":[{"id":27216,"href":"https:\/\/tvbrazilusa.com\/pt\/wp-json\/wp\/v2\/posts\/27214\/revisions\/27216"}],"wp:featuredmedia":[{"embeddable":true,"href":"https:\/\/tvbrazilusa.com\/pt\/wp-json\/wp\/v2\/media\/27215"}],"wp:attachment":[{"href":"https:\/\/tvbrazilusa.com\/pt\/wp-json\/wp\/v2\/media?parent=27214"}],"wp:term":[{"taxonomy":"category","embeddable":true,"href":"https:\/\/tvbrazilusa.com\/pt\/wp-json\/wp\/v2\/categories?post=27214"},{"taxonomy":"post_tag","embeddable":true,"href":"https:\/\/tvbrazilusa.com\/pt\/wp-json\/wp\/v2\/tags?post=27214"}],"curies":[{"name":"wp","href":"https:\/\/api.w.org\/{rel}","templated":true}]}}