{"id":2734,"date":"2024-01-04T21:11:58","date_gmt":"2024-01-04T21:11:58","guid":{"rendered":"https:\/\/tvbrazilusa.com\/2024\/01\/04\/ministro-moraes-disse-que-havia-planos-para-enforca-lo\/"},"modified":"2024-01-04T21:11:58","modified_gmt":"2024-01-04T21:11:58","slug":"ministro-moraes-disse-que-havia-planos-para-enforca-lo","status":"publish","type":"post","link":"https:\/\/tvbrazilusa.com\/pt\/2024\/01\/04\/ministro-moraes-disse-que-havia-planos-para-enforca-lo\/","title":{"rendered":"Ministro Moraes disse que havia planos para enforc\u00e1-lo"},"content":{"rendered":"<p><iframe  width=\"580\" height=\"385\" src=\"https:\/\/www.youtube.com\/embed\/pgRiMCVumlw?modestbranding=1\" frameborder=\"0\" allowfullscreen><\/iframe><br \/>\n<br \/>Em entrevista ao jornal O Globo, Ministro Moraes afirma que havia um plano para assassin\u00e1-lo. Fa\u00e7o uma avalia\u00e7\u00e3o completa da entrevista. Confira.<br \/>\n<br \/><a href=\"https:\/\/www.youtube.com\/watch?v=pgRiMCVumlw\">source<\/a><\/p>","protected":false},"excerpt":{"rendered":"<p>Em entrevista ao jornal O Globo, Ministro Moraes afirma que havia um plano para assassin\u00e1-lo. Fa\u00e7o uma avalia\u00e7\u00e3o completa da entrevista. Confira. source<\/p>","protected":false},"author":1,"featured_media":2735,"comment_status":"","ping_status":"open","sticky":false,"template":"","format":"standard","meta":{"content-type":"","footnotes":""},"categories":[1],"tags":[],"class_list":["post-2734","post","type-post","status-publish","format-standard","has-post-thumbnail","hentry","category-uncategorized"],"_links":{"self":[{"href":"https:\/\/tvbrazilusa.com\/pt\/wp-json\/wp\/v2\/posts\/2734","targetHints":{"allow":["GET"]}}],"collection":[{"href":"https:\/\/tvbrazilusa.com\/pt\/wp-json\/wp\/v2\/posts"}],"about":[{"href":"https:\/\/tvbrazilusa.com\/pt\/wp-json\/wp\/v2\/types\/post"}],"author":[{"embeddable":true,"href":"https:\/\/tvbrazilusa.com\/pt\/wp-json\/wp\/v2\/users\/1"}],"replies":[{"embeddable":true,"href":"https:\/\/tvbrazilusa.com\/pt\/wp-json\/wp\/v2\/comments?post=2734"}],"version-history":[{"count":0,"href":"https:\/\/tvbrazilusa.com\/pt\/wp-json\/wp\/v2\/posts\/2734\/revisions"}],"wp:featuredmedia":[{"embeddable":true,"href":"https:\/\/tvbrazilusa.com\/pt\/wp-json\/wp\/v2\/media\/2735"}],"wp:attachment":[{"href":"https:\/\/tvbrazilusa.com\/pt\/wp-json\/wp\/v2\/media?parent=2734"}],"wp:term":[{"taxonomy":"category","embeddable":true,"href":"https:\/\/tvbrazilusa.com\/pt\/wp-json\/wp\/v2\/categories?post=2734"},{"taxonomy":"post_tag","embeddable":true,"href":"https:\/\/tvbrazilusa.com\/pt\/wp-json\/wp\/v2\/tags?post=2734"}],"curies":[{"name":"wp","href":"https:\/\/api.w.org\/{rel}","templated":true}]}}