{"id":27341,"date":"2024-08-22T14:36:43","date_gmt":"2024-08-22T14:36:43","guid":{"rendered":"https:\/\/tvbrazilusa.com\/2024\/08\/22\/homem-abre-porta-de-aviao-e-anda-sobre-asa-em-aeroporto-australiano-antes-de-ser-preso\/"},"modified":"2024-08-22T14:48:25","modified_gmt":"2024-08-22T14:48:25","slug":"homem-abre-porta-de-aviao-e-anda-sobre-asa-em-aeroporto-australiano-antes-de-ser-preso","status":"publish","type":"post","link":"https:\/\/tvbrazilusa.com\/pt\/2024\/08\/22\/homem-abre-porta-de-aviao-e-anda-sobre-asa-em-aeroporto-australiano-antes-de-ser-preso\/","title":{"rendered":"Homem abre porta de avi\u00e3o e anda sobre asa em aeroporto australiano antes de ser preso"},"content":{"rendered":"<p> <script async src=\"https:\/\/pagead2.googlesyndication.com\/pagead\/js\/adsbygoogle.js?client=ca-pub-8864793242727901\"\r\n     crossorigin=\"anonymous\"><\/script><br \/>\n<\/p>\n<div id=\"\">\n<header class=\"m-article-header m-article-header--standard\">\n\t\t\t\t\t\t\t\t\t\t\t\t<span id=\"article-header-primary-term\"><br \/>\n\t\t\t\t\t\t\t\t<a class=\"a-term a-term--primary\" href=\"https:\/\/www.boston.com\/tag\/world-news\/\"><\/p>\n<p>\t\t\t\t\t\t\t\tNot\u00edcias do mundo\t\t\t\t\t\t\t\t<\/a><br \/>\n\t\t\t\t\t\t\t<\/span><\/p>\n<h2 class=\"m-article-header__sub-headline\">\u201cO homem estava exibindo um comportamento bastante estranho.\u201d<\/h2>\n<figure class=\"a-photo m-article-header__photo\"><figcaption class=\"a-photo__caption\">\n\t<em>  Imagem de Julian Smith \/ AAP via AP, arquivo<\/em>\t<\/figcaption><\/figure>\n<div class=\"m-article-header__meta\">\n<div class=\"m-article-header__byline\">\n<p class=\"m-article-header__author\">\n<p>\t\t\t\t\t\t\t\tPor ROD McGUIRK, Associated Press\t\t\t\t\t\t\t<\/p>\n<p>\t\t\t\t\t\t    \t\t\t\t\t\t\t<time class=\"m-article-header__date\"><\/p>\n<p>        \t\t\t\t\t\t\tatualizado em 22 de agosto de 2024 | 10:36 AM    \t\t\t\t\t\t\t<\/time><\/p><\/div>\n<\/p><\/div>\n<\/header>\n<p>MELBOURNE, Austr\u00e1lia (AP) \u2014 Um passageiro foi preso em um aeroporto australiano ap\u00f3s sair de um avi\u00e3o parado por uma sa\u00edda de emerg\u00eancia, caminhar ao longo de uma asa e ent\u00e3o descer de um motor a jato at\u00e9 a pista na quinta-feira, disseram autoridades.<\/p>\n<p>O voo JQ507 da Jetstar chegou ao Aeroporto de Melbourne vindo de Sydney e estacionou no port\u00e3o do terminal quando o homem saiu do avi\u00e3o pela sa\u00edda do lado direito, disseram autoridades.<\/p>\n<p>Abrir a sa\u00edda automaticamente acionou um slide da parte de tr\u00e1s da asa na fuselagem para o ch\u00e3o, disse uma declara\u00e7\u00e3o da Jetstar. Mas o homem, em vez disso, andou pela asa e desceu de um dos dois motores do Airbus A320, disse um oficial.<\/p>\n<p>A passageira Audrey Varghese disse que os passageiros gritaram e berraram quando o homem come\u00e7ou a se comportar de forma &#8220;err\u00e1tica&#8221; pouco antes de abrir a escotilha.<\/p>\n<p>\u201cO homem estava exibindo um comportamento bastante estranho\u201d, disse Varghese \u00e0 R\u00e1dio 3AW de Melbourne.<\/p>\n<p>\u201cAssim que o avi\u00e3o come\u00e7ou a parar, ele imediatamente se levantou e basicamente correu para onde fica a fileira de sa\u00eddas de emerg\u00eancia, empurrando as pessoas no processo, causando um pouco de como\u00e7\u00e3o, (e) abriu a porta de emerg\u00eancia\u201d, disse Varghese.<\/p>\n<p>Outro passageiro, identificado como Maddison, disse \u00e0 televis\u00e3o Nine News que o homem estava fumando cigarro eletr\u00f4nico, o que n\u00e3o \u00e9 permitido, durante o voo de 90 minutos no meio da manh\u00e3 e exigiu, sem sucesso, que a tripula\u00e7\u00e3o lhe fornecesse \u00e1lcool.<\/p>\n<p>Policiais federais australianos foram alertados pela equipe da Jetstar e prenderam o homem por \u201csuposto comportamento agressivo e viola\u00e7\u00e3o de protocolos de seguran\u00e7a de aeronaves\u201d, disse um comunicado da pol\u00edcia.<\/p>\n<p>Ele foi avaliado por param\u00e9dicos e levado para um hospital, onde permanece para avalia\u00e7\u00e3o mais aprofundada, disse o comunicado da pol\u00edcia.<\/p>\n<p>A pol\u00edcia continua investigando e as acusa\u00e7\u00f5es provavelmente ser\u00e3o apresentadas posteriormente, disseram eles.<\/p>\n<p>O Aeroporto de Melbourne disse que o homem foi detido pela tripula\u00e7\u00e3o e pela equipe de solo antes que a pol\u00edcia o prendesse.<\/p>\n<p>Imagens nas redes sociais mostraram pelo menos tr\u00eas funcion\u00e1rios de terra segurando o homem na pista.<\/p>\n<p>\u201cO Aeroporto de Melbourne est\u00e1 orgulhoso da resposta excepcional da equipe de solo, o que significa que n\u00e3o houve perigo imediato para outros passageiros ou funcion\u00e1rios do aeroporto\u201d, disse um comunicado do aeroporto.<\/p>\n<p>Varghese falou da \u00e1rea de coleta de bagagem do aeroporto uma hora ap\u00f3s o pouso e disse que os passageiros foram informados de que o escorregador implantado atrasou o descarregamento de suas bagagens. O Nine News relatou que a bagagem foi liberada horas depois.<\/p>\n<\/p><\/div>\n<p><script>\n\t\tvar consent=\"grant\";\n\t\t\/* The above code is parsing the JSON data from the local storage and storing it in a variable. *\/\n\t\t\t\t\tconst onetrustStorageConsent = JSON.parse(localStorage.getItem( 'consent_one_trust_bdc' ) );\n\t\t\tif ( ( onetrustStorageConsent !== null ) ) {\n\t\t\t\t\/* Checking to see if the user has consented to the use of cookies.\n\t\t\t\t* If they have not, it is deleting the cookie.\n\t\t\t\t* This will comment for now, until further notice.\n\t\t\t\t*\/\n\t\t\t\t\/\/if ( onetrustStorageConsent.C0002 === false ) {\n\t\t\t\t\/\/\tdocument.cookie=\"_fbp=;expires=Thu, 01 Jan 2010 00:00:00 UTC; path=\/; domain=.boston.com\";\n\t\t\t\t\/\/}\n\t\t\t\t\/* Checking if the user has given consent for the cookie C0002.\n\t\t\t\t* If the user has given consent, the variable consent will be set to 'grant'.\n\t\t\t\t* If the user has not given consent,the variable consent will be set to 'revoke'.\n\t\t\t\t* Documentation https:\/\/developers.facebook.com\/docs\/meta-pixel\/implementation\/gdpr\n\t\t\t\t*\/\n\t\t\t\tif ( onetrustStorageConsent.C0002 !== true ) {\n\t\t\t\t\tconsent=\"revoke\";\n\t\t\t\t}\n\t\t\t}\n\t\t\t\t!function(f,b,e,v,n,t,s)\n\t\t{if(f.fbq)return;n=f.fbq=function(){n.callMethod?\n\t\tn.callMethod.apply(n,arguments):n.queue.push(arguments)};\n\t\tif(!f._fbq)f._fbq=n;n.push=n;n.loaded=!0;n.version='2.0';\n\t\tn.queue=[];t=b.createElement(e);t.async=!0;\n\t\tt.src=v;s=b.getElementsByTagName(e)[0];\n\t\ts.parentNode.insertBefore(t,s)}(window, document,'script',\n\t\t'https:\/\/connect.facebook.net\/en_US\/fbevents.js');\n\t\tfbq('consent', consent);\n\t\tfbq('init', '989222871864976');\n\t\tfbq('track', 'PageView');\n\t<\/script><script type=\"module\">\n\t\tvar consent=\"grant\";\n\t\t\/* The above code is parsing the JSON data from the local storage and storing it in a variable. *\/\n\t\t\tconst onetrustStorageConsent = JSON.parse(localStorage.getItem( 'consent_one_trust_bdc' ) );\n\t\t\t\/* Checking to see if the user has consented to the use of cookies.\n\t\t\t* If they have not, it is deleting the cookie.\n\t\t\t* This will comment for now, until further notice.\n\t\t\t*\/\n\t\t\t\/\/if ( onetrustStorageConsent.C0002 === false ) {\n\t\t\t\/\/\tdocument.cookie=\"_fbp=;expires=Thu, 01 Jan 2010 00:00:00 UTC; path=\/; domain=.boston.com\";\n\t\t\t\/\/}\n\t\t\t\/* Checking if the user has given consent for the cookie C0002.\n\t\t\t* If the user has given consent, the variable consent will be set to 'grant'.\n\t\t\t* If the user has not given consent,the variable consent will be set to 'revoke'.\n\t\t\t* Documentation https:\/\/developers.facebook.com\/docs\/meta-pixel\/implementation\/gdpr\n\t\t\t*\/\n\t\t\tif ( ( onetrustStorageConsent !== null ) && (onetrustStorageConsent.C0002 !== true ) ) {\n\t\t\t\tconsent=\"revoke\";\n\t\t\t}\n\t\t\t\t!function(f,b,e,v,n,t,s){if(f.fbq)return;n=f.fbq=function()\n\t\t{n.callMethod? n.callMethod.apply(n,arguments):n.queue.push(arguments)}\n\t\t;if(!f._fbq)f._fbq=n;\n\t\tn.push=n;n.loaded=!0;n.version='2.0';n.queue=[];t=b.createElement(e);t.async=!0;\n\t\tt.src=v;s=b.getElementsByTagName(e)[0];s.parentNode.insertBefore(t,s)}(window,\n\t\tdocument,'script','https:\/\/connect.facebook.net\/en_US\/fbevents.js');\n\t\tfbq('consent', consent);\n\t\tfbq('init', '813236348753005');\n\t\tfbq('track', \"PageView\");\n\t<\/script><br \/>\n<br \/><br \/>\n<br \/><a href=\"https:\/\/www.boston.com\/news\/world-news\/2024\/08\/22\/man-opens-planes-door-and-walks-on-wing-at-australian-airport-before-hes-arrested\/\">Source link <\/a><\/p>","protected":false},"excerpt":{"rendered":"<p>Not\u00edcias do mundo \u201cO homem estava exibindo um comportamento bastante estranho.\u201d Imagem de Julian Smith \/ AAP via AP, arquivo Por ROD McGUIRK, Associated Press atualizado em 22 de agosto&hellip;<\/p>","protected":false},"author":1,"featured_media":27342,"comment_status":"closed","ping_status":"open","sticky":false,"template":"","format":"standard","meta":{"content-type":"","footnotes":""},"categories":[1],"tags":[],"class_list":["post-27341","post","type-post","status-publish","format-standard","has-post-thumbnail","hentry","category-uncategorized"],"_links":{"self":[{"href":"https:\/\/tvbrazilusa.com\/pt\/wp-json\/wp\/v2\/posts\/27341","targetHints":{"allow":["GET"]}}],"collection":[{"href":"https:\/\/tvbrazilusa.com\/pt\/wp-json\/wp\/v2\/posts"}],"about":[{"href":"https:\/\/tvbrazilusa.com\/pt\/wp-json\/wp\/v2\/types\/post"}],"author":[{"embeddable":true,"href":"https:\/\/tvbrazilusa.com\/pt\/wp-json\/wp\/v2\/users\/1"}],"replies":[{"embeddable":true,"href":"https:\/\/tvbrazilusa.com\/pt\/wp-json\/wp\/v2\/comments?post=27341"}],"version-history":[{"count":1,"href":"https:\/\/tvbrazilusa.com\/pt\/wp-json\/wp\/v2\/posts\/27341\/revisions"}],"predecessor-version":[{"id":27343,"href":"https:\/\/tvbrazilusa.com\/pt\/wp-json\/wp\/v2\/posts\/27341\/revisions\/27343"}],"wp:featuredmedia":[{"embeddable":true,"href":"https:\/\/tvbrazilusa.com\/pt\/wp-json\/wp\/v2\/media\/27342"}],"wp:attachment":[{"href":"https:\/\/tvbrazilusa.com\/pt\/wp-json\/wp\/v2\/media?parent=27341"}],"wp:term":[{"taxonomy":"category","embeddable":true,"href":"https:\/\/tvbrazilusa.com\/pt\/wp-json\/wp\/v2\/categories?post=27341"},{"taxonomy":"post_tag","embeddable":true,"href":"https:\/\/tvbrazilusa.com\/pt\/wp-json\/wp\/v2\/tags?post=27341"}],"curies":[{"name":"wp","href":"https:\/\/api.w.org\/{rel}","templated":true}]}}