{"id":27347,"date":"2024-08-22T14:56:08","date_gmt":"2024-08-22T14:56:08","guid":{"rendered":"https:\/\/tvbrazilusa.com\/2024\/08\/22\/o-cara-do-cavalo-com-alcas-stephen-nedoroscik-estara-no-dancing-with-the-stars\/"},"modified":"2024-08-22T15:03:54","modified_gmt":"2024-08-22T15:03:54","slug":"o-cara-do-cavalo-com-alcas-stephen-nedoroscik-estara-no-dancing-with-the-stars","status":"publish","type":"post","link":"https:\/\/tvbrazilusa.com\/pt\/2024\/08\/22\/o-cara-do-cavalo-com-alcas-stephen-nedoroscik-estara-no-dancing-with-the-stars\/","title":{"rendered":"O cara do cavalo com al\u00e7as Stephen Nedoroscik estar\u00e1 no &#8216;Dancing with the Stars&#8217;"},"content":{"rendered":"<p> <script async src=\"https:\/\/pagead2.googlesyndication.com\/pagead\/js\/adsbygoogle.js?client=ca-pub-8864793242727901\"\r\n     crossorigin=\"anonymous\"><\/script><br \/>\n<\/p>\n<div id=\"\">\n<header class=\"m-article-header m-article-header--standard\">\n\t\t\t\t\t\t\t\t\t\t\t\t<span id=\"article-header-primary-term\"><br \/>\n\t\t\t\t\t\t\t\t<a class=\"a-term a-term--primary\" href=\"https:\/\/www.boston.com\/tag\/entertainment\/\"><\/p>\n<p>\t\t\t\t\t\t\t\tEntretenimento\t\t\t\t\t\t\t\t<\/a><br \/>\n\t\t\t\t\t\t\t<\/span><\/p>\n<h2 class=\"m-article-header__sub-headline\">O medalhista ol\u00edmpico e nativo de Worcester Stephen Nedoroscik estar\u00e1 na 33\u00aa temporada de &#8216;Dancing with the Stars&#8217; neste outono na ABC.<\/h2>\n<figure class=\"a-photo m-article-header__photo\"><figcaption class=\"a-photo__caption\">\n<p>\tO atleta ol\u00edmpico dos EUA Stephen Nedoroscik posa para uma foto na USA House em Paris 2024 em 4 de agosto de 2024 em Paris, Fran\u00e7a.<em> Joe Scarnici\/Getty Images para USOPC<\/em>\t<\/figcaption><\/figure>\n<\/header>\n<p>Depois de ajudar a liderar a equipe masculina de gin\u00e1stica dos EUA para sua primeira medalha em 16 anos no <a href=\"https:\/\/www.boston.com\/tag\/2024-olympics\/\">Olimp\u00edadas de 2024<\/a>nativo de Worcester <a href=\"https:\/\/www.boston.com\/sports\/sports-news\/2024\/07\/30\/stephen-nedoroscik-u-s-pommel-horse-specialist-gymnastics-olympics\/\">Stephen Nedoroscik<\/a> \u2014 conhecido por muitos simplesmente como <a href=\"https:\/\/www.boston.com\/sports\/sports-news\/2024\/07\/30\/viral-worcester-gymnast-stephen-nedoroscik\/\">\u201ccara do cavalo com al\u00e7as\u201d<\/a> \u2014 est\u00e1 se mantendo no centro das aten\u00e7\u00f5es.<\/p>\n<p>Nedoroscik, 25, mostrar\u00e1 seus movimentos mais uma vez neste outono, quando participar\u00e1 da 33\u00aa temporada da longa s\u00e9rie de competi\u00e7\u00e3o da ABC, &#8220;Dancing with the Stars&#8221;.<\/p>\n<p>Nedoroscik \u00e9 o primeiro concorrente anunciado pela ABC para sua programa\u00e7\u00e3o do outono de 2024, \u201cDWTS\u201d, antes da estreia do programa em 17 de setembro.<\/p>\n<blockquote class=\"instagram-media\" data-instgrm-captioned=\"\" data-instgrm-permalink=\"https:\/\/www.instagram.com\/p\/C--TOvOOVV1\/?utm_source=ig_embed&#038;utm_campaign=loading\" data-instgrm-version=\"14\" style=\" background:#FFF; border:0; border-radius:3px; box-shadow:0 0 1px 0 rgba(0,0,0,0.5),0 1px 10px 0 rgba(0,0,0,0.15); margin: 1px; max-width:540px; min-width:326px; padding:0; width:99.375%; width:-webkit-calc(100% - 2px); width:calc(100% - 2px);\"\/>\n<h3 class=\"wp-block-heading\" id=\"h-pommel-horse-guy-on-good-morning-america\">&#8216;Cara do Cavalo com Ar\u00e7\u00f5es&#8217; no &#8216;Good Morning America&#8217;<\/h3>\n<p>Nedoroscik fez o an\u00fancio do \u201cDancing with the Stars\u201d em grande estilo, aparecendo no \u201cGood Morning America\u201d e realizando uma varia\u00e7\u00e3o de sua rotina de cavalo com al\u00e7as no set do programa matinal. <\/p>\n<p>Nedoroscik disse ao apresentador Robin Roberts que os espectadores podem esperar o mesmo talento ol\u00edmpico que ele trouxe para o cavalo com al\u00e7as quando fizer sua estreia na pista de dan\u00e7a.<\/p>\n<p>\u201cQuero trazer um pouco dessa gin\u00e1stica\u201d, disse Nedoroscik. \u201cTalvez um mortal para tr\u00e1s ou parada de m\u00e3o. Quero me divertir com isso.\u201d<\/p>\n<figure class=\"wp-block-embed is-type-rich is-provider-twitter wp-block-embed-twitter\"\/>\n<h3 class=\"wp-block-heading\" id=\"h-stephen-nedoroscik-s-olympic-journey\">A jornada ol\u00edmpica de Stephen Nedoroscik<\/h3>\n<p>Nedoroscik, que treinou para as Olimp\u00edadas de 2024 na Sterling Academy of Gymnastics em Worcester, come\u00e7ou sua jornada na gin\u00e1stica em 2003. Depois de focar inicialmente em diversas disciplinas de gin\u00e1stica, Nedoroscik decidiu se tornar um especialista em cavalo com al\u00e7as ap\u00f3s vencer o Campeonato Ol\u00edmpico J\u00fanior em 2015 e 2016.<\/p>\n<p>Durante as Olimp\u00edadas de 2024 em Paris, Nedoroscik se tornou uma sensa\u00e7\u00e3o na internet gra\u00e7as \u00e0 sua apar\u00eancia modesta de &#8220;Clark Kent&#8221; e suas t\u00e9cnicas de relaxamento profundo (que o faziam parecer estar dormindo profundamente) durante a longa espera por sua vez no cavalo com al\u00e7as. <\/p>\n<p>Com <a href=\"https:\/\/www.bostonglobe.com\/2024\/08\/03\/sports\/stephen-nedoroscik-caps-unforgettable-games-with-bronze-medal-performance-pommel-horse\/\">a fam\u00edlia dele<\/a> e <a href=\"https:\/\/www.boston.com\/sports\/sports-news\/2024\/08\/08\/pommel-horse-guy-stephen-nedoroscik-girlfriend-tess-mccracken\/\">a namorada dele<\/a> torcendo por ele, Nedoroscik capturou um <a href=\"https:\/\/www.boston.com\/sports\/local-news\/2024\/08\/03\/worcester-stephen-nedoroscik-bronze-pommel-horse-olympics-gymnastics-usa\/\">bronze individual em cavalo com al\u00e7as<\/a> e ajudar a equipe masculina de gin\u00e1stica dos EUA a ganhar um bronze, a primeira medalha da equipe desde 2008.<\/p>\n<p>Nedoroscik disse ao apresentador do \u201cGood Morning America\u201d, George Stephanopoulos, que espera realizar uma t\u00e9cnica de relaxamento semelhante para ajudar a acalmar seus nervos antes de se apresentar no \u201cDancing with the Stars\u201d.<\/p>\n<p>\u201cEu acho que sim\u201d, disse Nedoroscik. \u201c\u00c9 meio que o que eu fa\u00e7o para me acalmar. Ent\u00e3o, provavelmente levarei isso para a pista de dan\u00e7a.\u201d<\/p>\n<h3 class=\"wp-block-heading\" id=\"h-how-to-watch-dancing-with-the-stars\">Como assistir \u201cDancing with the Stars\u201d<\/h3>\n<p>Voc\u00ea pode assistir Stephen Nedoroscik no epis\u00f3dio de estreia da Temporada 33 de \u201cDancing with the Stars\u201d na ter\u00e7a-feira, 17 de setembro, \u00e0s 20h na ABC e Disney Plus. Tamb\u00e9m estar\u00e1 dispon\u00edvel para transmiss\u00e3o no dia seguinte no Hulu.<\/p>\n<div class=\"m-block m-generic-cta\t m-generic-cta--post-content\t m-generic-cta--dark\t m-generic-cta--homepage\t m-generic-cta--email-signup\t\t m-generic-cta-block-style--default \tt-amp__generic-cta\"><\/p>\n<div class=\"m-generic-cta__wrap\">\n<div class=\"m-generic-cta__content\">\n<h3 class=\"m-generic-cta__title\">Boston.com Hoje<\/h3>\n<p class=\"m-generic-cta__subtitle\">Inscreva-se para receber as \u00faltimas manchetes na sua caixa de entrada todas as manh\u00e3s.<\/p>\n<\/p><\/div>\n<\/p><\/div>\n<\/div><\/div>\n<p><script>\n\t\tvar consent=\"grant\";\n\t\t\/* The above code is parsing the JSON data from the local storage and storing it in a variable. *\/\n\t\t\t\t\tconst onetrustStorageConsent = JSON.parse(localStorage.getItem( 'consent_one_trust_bdc' ) );\n\t\t\tif ( ( onetrustStorageConsent !== null ) ) {\n\t\t\t\t\/* Checking to see if the user has consented to the use of cookies.\n\t\t\t\t* If they have not, it is deleting the cookie.\n\t\t\t\t* This will comment for now, until further notice.\n\t\t\t\t*\/\n\t\t\t\t\/\/if ( onetrustStorageConsent.C0002 === false ) {\n\t\t\t\t\/\/\tdocument.cookie=\"_fbp=;expires=Thu, 01 Jan 2010 00:00:00 UTC; path=\/; domain=.boston.com\";\n\t\t\t\t\/\/}\n\t\t\t\t\/* Checking if the user has given consent for the cookie C0002.\n\t\t\t\t* If the user has given consent, the variable consent will be set to 'grant'.\n\t\t\t\t* If the user has not given consent,the variable consent will be set to 'revoke'.\n\t\t\t\t* Documentation https:\/\/developers.facebook.com\/docs\/meta-pixel\/implementation\/gdpr\n\t\t\t\t*\/\n\t\t\t\tif ( onetrustStorageConsent.C0002 !== true ) {\n\t\t\t\t\tconsent=\"revoke\";\n\t\t\t\t}\n\t\t\t}\n\t\t\t\t!function(f,b,e,v,n,t,s)\n\t\t{if(f.fbq)return;n=f.fbq=function(){n.callMethod?\n\t\tn.callMethod.apply(n,arguments):n.queue.push(arguments)};\n\t\tif(!f._fbq)f._fbq=n;n.push=n;n.loaded=!0;n.version='2.0';\n\t\tn.queue=[];t=b.createElement(e);t.async=!0;\n\t\tt.src=v;s=b.getElementsByTagName(e)[0];\n\t\ts.parentNode.insertBefore(t,s)}(window, document,'script',\n\t\t'https:\/\/connect.facebook.net\/en_US\/fbevents.js');\n\t\tfbq('consent', consent);\n\t\tfbq('init', '989222871864976');\n\t\tfbq('track', 'PageView');\n\t<\/script><script type=\"module\">\n\t\tvar consent=\"grant\";\n\t\t\/* The above code is parsing the JSON data from the local storage and storing it in a variable. *\/\n\t\t\tconst onetrustStorageConsent = JSON.parse(localStorage.getItem( 'consent_one_trust_bdc' ) );\n\t\t\t\/* Checking to see if the user has consented to the use of cookies.\n\t\t\t* If they have not, it is deleting the cookie.\n\t\t\t* This will comment for now, until further notice.\n\t\t\t*\/\n\t\t\t\/\/if ( onetrustStorageConsent.C0002 === false ) {\n\t\t\t\/\/\tdocument.cookie=\"_fbp=;expires=Thu, 01 Jan 2010 00:00:00 UTC; path=\/; domain=.boston.com\";\n\t\t\t\/\/}\n\t\t\t\/* Checking if the user has given consent for the cookie C0002.\n\t\t\t* If the user has given consent, the variable consent will be set to 'grant'.\n\t\t\t* If the user has not given consent,the variable consent will be set to 'revoke'.\n\t\t\t* Documentation https:\/\/developers.facebook.com\/docs\/meta-pixel\/implementation\/gdpr\n\t\t\t*\/\n\t\t\tif ( ( onetrustStorageConsent !== null ) && (onetrustStorageConsent.C0002 !== true ) ) {\n\t\t\t\tconsent=\"revoke\";\n\t\t\t}\n\t\t\t\t!function(f,b,e,v,n,t,s){if(f.fbq)return;n=f.fbq=function()\n\t\t{n.callMethod? n.callMethod.apply(n,arguments):n.queue.push(arguments)}\n\t\t;if(!f._fbq)f._fbq=n;\n\t\tn.push=n;n.loaded=!0;n.version='2.0';n.queue=[];t=b.createElement(e);t.async=!0;\n\t\tt.src=v;s=b.getElementsByTagName(e)[0];s.parentNode.insertBefore(t,s)}(window,\n\t\tdocument,'script','https:\/\/connect.facebook.net\/en_US\/fbevents.js');\n\t\tfbq('consent', consent);\n\t\tfbq('init', '813236348753005');\n\t\tfbq('track', \"PageView\");\n\t<\/script><script async src=\"\/\/www.instagram.com\/embed.js\"><\/script><br \/>\n<br \/><br \/>\n<br \/><a href=\"https:\/\/www.boston.com\/culture\/entertainment\/2024\/08\/22\/stephen-nedoroscik-pommel-horse-guy-dancing-with-the-stars\/\">Source link <\/a><\/p>","protected":false},"excerpt":{"rendered":"<p>Entretenimento O medalhista ol\u00edmpico e nativo de Worcester Stephen Nedoroscik estar\u00e1 na 33\u00aa temporada de &#8216;Dancing with the Stars&#8217; neste outono na ABC. O atleta ol\u00edmpico dos EUA Stephen Nedoroscik&hellip;<\/p>","protected":false},"author":1,"featured_media":27348,"comment_status":"closed","ping_status":"open","sticky":false,"template":"","format":"standard","meta":{"content-type":"","footnotes":""},"categories":[1],"tags":[],"class_list":["post-27347","post","type-post","status-publish","format-standard","has-post-thumbnail","hentry","category-uncategorized"],"_links":{"self":[{"href":"https:\/\/tvbrazilusa.com\/pt\/wp-json\/wp\/v2\/posts\/27347","targetHints":{"allow":["GET"]}}],"collection":[{"href":"https:\/\/tvbrazilusa.com\/pt\/wp-json\/wp\/v2\/posts"}],"about":[{"href":"https:\/\/tvbrazilusa.com\/pt\/wp-json\/wp\/v2\/types\/post"}],"author":[{"embeddable":true,"href":"https:\/\/tvbrazilusa.com\/pt\/wp-json\/wp\/v2\/users\/1"}],"replies":[{"embeddable":true,"href":"https:\/\/tvbrazilusa.com\/pt\/wp-json\/wp\/v2\/comments?post=27347"}],"version-history":[{"count":1,"href":"https:\/\/tvbrazilusa.com\/pt\/wp-json\/wp\/v2\/posts\/27347\/revisions"}],"predecessor-version":[{"id":27349,"href":"https:\/\/tvbrazilusa.com\/pt\/wp-json\/wp\/v2\/posts\/27347\/revisions\/27349"}],"wp:featuredmedia":[{"embeddable":true,"href":"https:\/\/tvbrazilusa.com\/pt\/wp-json\/wp\/v2\/media\/27348"}],"wp:attachment":[{"href":"https:\/\/tvbrazilusa.com\/pt\/wp-json\/wp\/v2\/media?parent=27347"}],"wp:term":[{"taxonomy":"category","embeddable":true,"href":"https:\/\/tvbrazilusa.com\/pt\/wp-json\/wp\/v2\/categories?post=27347"},{"taxonomy":"post_tag","embeddable":true,"href":"https:\/\/tvbrazilusa.com\/pt\/wp-json\/wp\/v2\/tags?post=27347"}],"curies":[{"name":"wp","href":"https:\/\/api.w.org\/{rel}","templated":true}]}}