{"id":27441,"date":"2024-08-22T17:57:45","date_gmt":"2024-08-22T17:57:45","guid":{"rendered":"https:\/\/tvbrazilusa.com\/2024\/08\/22\/quando-a-temporada-de-furacoes-voltara-a-vida\/"},"modified":"2024-08-22T19:00:55","modified_gmt":"2024-08-22T19:00:55","slug":"quando-a-temporada-de-furacoes-voltara-a-vida","status":"publish","type":"post","link":"https:\/\/tvbrazilusa.com\/pt\/2024\/08\/22\/quando-a-temporada-de-furacoes-voltara-a-vida\/","title":{"rendered":"Quando a temporada de furac\u00f5es voltar\u00e1 \u00e0 vida?"},"content":{"rendered":"<p> <script async src=\"https:\/\/pagead2.googlesyndication.com\/pagead\/js\/adsbygoogle.js?client=ca-pub-8864793242727901\"\r\n     crossorigin=\"anonymous\"><\/script><br \/>\n<\/p>\n<div id=\"\">\n<header class=\"m-article-header m-article-header--standard\">\n\t\t\t\t\t\t\t\t\t\t\t\t<span id=\"article-header-primary-term\"><br \/>\n\t\t\t\t\t\t\t\t<a class=\"a-term a-term--primary\" href=\"https:\/\/www.boston.com\/tag\/weather\/\"><\/p>\n<p>\t\t\t\t\t\t\t\tClima\t\t\t\t\t\t\t\t<\/a><br \/>\n\t\t\t\t\t\t\t<\/span><\/p>\n<h2 class=\"m-article-header__sub-headline\">Especialistas ainda preveem uma temporada de furac\u00f5es hiperativa, mas a bacia do Atl\u00e2ntico est\u00e1 assustadoramente silenciosa.<\/h2>\n<figure class=\"a-photo m-article-header__photo\"><figcaption class=\"a-photo__caption\">\n<p>\tA previs\u00e3o do Centro Nacional de Furac\u00f5es para a pr\u00f3xima semana no Atl\u00e2ntico n\u00e3o revela tempestades.<em> NOAA\/NHC<\/em>\t<\/figcaption><\/figure>\n<div class=\"m-article-header__meta\">\n<div class=\"m-article-header__byline\">\n<p class=\"m-article-header__author\">\n<p>\t\t\t\t\t\t\t\tPor Matthew Cappucci, Washington Post\t\t\t\t\t\t\t<\/p>\n<p>\t\t\t\t\t\t    \t\t\t\t\t\t\t<time class=\"m-article-header__date\"><\/p>\n<p>        \t\t\t\t\t\t\tatualizado em 22 de agosto de 2024 | 13h58    \t\t\t\t\t\t\t<\/time><\/p><\/div>\n<\/p><\/div>\n<\/header>\n<p>O pico t\u00edpico da temporada de furac\u00f5es chegou. Historicamente falando, cerca de dois ter\u00e7os da atividade de furac\u00f5es no Atl\u00e2ntico ocorrem entre 20 de agosto e 10 de outubro. O Golfo do M\u00e9xico cont\u00e9m combust\u00edvel recorde de furac\u00f5es, e as \u00e1guas do Atl\u00e2ntico est\u00e3o assustadoramente quentes. E, ainda assim, o Atl\u00e2ntico est\u00e1 silencioso.<\/p>\n<p>Nenhuma tempestade est\u00e1 prevista para breve. Na verdade, o resto de agosto pode passar sem que uma \u00fanica tempestade nomeada se forme. E, \u00e0 medida que setembro se aproxima, muitos est\u00e3o se perguntando quando \u2013 ou se \u2013 o Atl\u00e2ntico despertar\u00e1 novamente.<\/p>\n<p>Os meteorologistas est\u00e3o dobrando suas previs\u00f5es para uma temporada hiperativa, com tempestades nomeadas o suficiente para esgotar a lista de nomes convencionais usada pelo National Hurricane Center. Pesquisadores da Colorado State University est\u00e3o prevendo uma temporada quase duas vezes mais ativa que a m\u00e9dia, conforme medido por uma m\u00e9trica chamada ACE, ou Accumulated Cyclone Energy. Isso mede quanta energia as tempestades produzem ao longo de uma temporada.<\/p>\n<p>No curto prazo, parece que o calend\u00e1rio vai virar para setembro sem incidentes \u2013 mas ent\u00e3o o al\u00edvio tempor\u00e1rio vai parar bruscamente. A atividade de tempestades deve aumentar no in\u00edcio do pr\u00f3ximo m\u00eas, e uma onda de tempestades \u00e9 prov\u00e1vel mais para o final do m\u00eas.<\/p>\n<p>Veja aqui um resumo de como foi a temporada at\u00e9 agora e o que ainda est\u00e1 por vir.<\/p>\n<h2 class=\"wp-block-heading\" id=\"h-has-it-actually-been-a-slow-season-so-far\">Esta temporada tem sido realmente lenta at\u00e9 agora?<\/h2>\n<p>Acredite ou n\u00e3o, n\u00e3o. A temporada demorou um pouco para come\u00e7ar \u2013 a primeira tempestade nomeada, Alberto, n\u00e3o se formou at\u00e9 19 de junho. Essa \u00e9 a \u00faltima primeira tempestade a se formar desde 2014, quando Arthur n\u00e3o se formou at\u00e9 1\u00ba de julho.<\/p>\n<p>Alberto foi uma tempestade tropical passageira que atingiu Tamaulipas, no M\u00e9xico, com ventos de 80 km\/h entre 19 e 20 de junho.<\/p>\n<p>Mas ent\u00e3o veio Beryl, uma tempestade de categoria 5 que quebrou recordes e atingiu o pico de intensidade no Caribe em 1\u00ba de julho. Foi a categoria 4 mais ao sul j\u00e1 registrada no Atl\u00e2ntico e a categoria 5 mais precoce, al\u00e9m de ser a tempestade de intensidade mais r\u00e1pida j\u00e1 registrada antes do m\u00eas de setembro.<\/p>\n<p>Dada a for\u00e7a, o tamanho e a longevidade de Beryl, ele acumulou ACE suficiente para representar quase 29 por cento de uma temporada completa m\u00e9dia. Beryl atingiu Houston com ventos de 80 a 90 mph e 30 cent\u00edmetros de chuva em 8 de julho.<\/p>\n<figure class=\"wp-block-image size-full\"><img loading=\"lazy\" decoding=\"async\" width=\"916\" height=\"599\" src=\"https:\/\/bdc2020.o0bc.com\/wp-content\/uploads\/2024\/08\/imrs-1-66c77b865110f.avif\" alt=\"\" class=\"wp-image-31380143\"\/><figcaption class=\"wp-element-caption\">Uma compara\u00e7\u00e3o entre a ACE (Energia Cicl\u00f4nica Acumulada) da temporada at\u00e9 o momento e o que \u00e9 a m\u00e9dia.<i> \u2013 Universidade Estadual do Colorado<\/i><\/figcaption><\/figure>\n<p>Depois, Debby atingiu o Big Bend da Fl\u00f3rida como um furac\u00e3o de categoria 1 durante a noite de 4 a 5 de agosto, e Ernesto atingiu Bermudas como um furac\u00e3o de categoria 1 em 17 de agosto.<\/p>\n<p>Ao todo, as tempestades at\u00e9 agora em 2024 j\u00e1 foram respons\u00e1veis \u200b\u200bpor 45 por cento do valor normal de ACE de uma temporada. Isso est\u00e1, na verdade, bem \u00e0 frente do cronograma. Em m\u00e9dia, mal come\u00e7amos em 20 de agosto; historicamente falando, cerca de 83 por cento do ACE de uma temporada ocorre depois de 20 de agosto.<\/p>\n<p>Isso significa que, apesar do per\u00edodo tranquilo, estamos na nossa terceira temporada mais ativa j\u00e1 registrada. (Embora os registros de furac\u00f5es datem tecnicamente de 1800, os sat\u00e9lites meteorol\u00f3gicos s\u00f3 existem desde 1970.)<\/p>\n<h2 class=\"wp-block-heading\" id=\"h-why-is-there-no-atlantic-activity-right-now\">Por que n\u00e3o h\u00e1 atividade no Atl\u00e2ntico neste momento?<\/h2>\n<figure class=\"wp-block-image size-full\"><img loading=\"lazy\" decoding=\"async\" width=\"916\" height=\"487\" src=\"https:\/\/bdc2020.o0bc.com\/wp-content\/uploads\/2024\/08\/imrs-66c77bc73f413.jpeg\" alt=\"\" class=\"wp-image-31380186\" srcset=\"https:\/\/bdc2020.o0bc.com\/wp-content\/uploads\/2024\/08\/imrs-66c77bc73f413.jpeg?width=200 200w, https:\/\/bdc2020.o0bc.com\/wp-content\/uploads\/2024\/08\/imrs-66c77bc73f413.jpeg?width=300 300w, https:\/\/bdc2020.o0bc.com\/wp-content\/uploads\/2024\/08\/imrs-66c77bc73f413.jpeg?width=400 400w, https:\/\/bdc2020.o0bc.com\/wp-content\/uploads\/2024\/08\/imrs-66c77bc73f413.jpeg?width=500 500w, https:\/\/bdc2020.o0bc.com\/wp-content\/uploads\/2024\/08\/imrs-66c77bc73f413.jpeg?width=600 600w, https:\/\/bdc2020.o0bc.com\/wp-content\/uploads\/2024\/08\/imrs-66c77bc73f413.jpeg?width=700 700w, https:\/\/bdc2020.o0bc.com\/wp-content\/uploads\/2024\/08\/imrs-66c77bc73f413.jpeg?width=800 800w, https:\/\/bdc2020.o0bc.com\/wp-content\/uploads\/2024\/08\/imrs-66c77bc73f413.jpeg?width=900 900w\" sizes=\"auto, (max-width: 916px) 100vw, 916px\"\/><figcaption class=\"wp-element-caption\">Uma olhada na camada de ar do Saara flutuando atrav\u00e9s do Atl\u00e2ntico.<br \/><i>  \u2013 Universidade de Wisconsin<\/i><\/figcaption><\/figure>\n<p>O Atl\u00e2ntico est\u00e1 vazio no momento e, de acordo com o National Hurricane Center, \u201cn\u00e3o \u00e9 esperada atividade de ciclone tropical durante os pr\u00f3ximos 7 dias\u201d. Como isso \u00e9 poss\u00edvel na alta temporada?<\/p>\n<p>Uma s\u00e9rie de fatores limitantes reduziram a atividade das tempestades:<\/p>\n<ul class=\"wp-block-list\">\n<li>Poeira do Saara. A SAL, ou Camada de Ar Saariana, levou ao ar quente, seco e empoeirado flutuando sobre o Atl\u00e2ntico tropical oriental. Isso coloca uma tampa em tempestades incipientes e inibe o desenvolvimento.<\/li>\n<\/ul>\n<ul class=\"wp-block-list\">\n<li>Ondas tropicais mais ao norte. Ondas tropicais s\u00e3o as \u201csementes\u201d de tempestades tropicais e furac\u00f5es. Elas s\u00e3o complexos de tempestades extensas. Nesta \u00e9poca do ano, muitas ondas tropicais rolam pela costa da \u00c1frica e eventualmente se tornam sistemas nomeados. Ultimamente, o eixo ao longo do qual a linha de ondas tropicais se propaga foi deslocado mais ao norte. Isso significa que as ondas tropicais est\u00e3o rolando em uma massa de ar mais seca sobre \u00e1guas frias. \u00c9 por isso que as ondas tropicais n\u00e3o est\u00e3o realmente se desenvolvendo.<\/li>\n<\/ul>\n<ul class=\"wp-block-list\">\n<li>Ventos fortes de n\u00edvel superior. Os ventos sobre o centro-norte da \u00c1frica t\u00eam sido mais fortes vindos do leste do que o normal, contribuindo para uma mon\u00e7\u00e3o ativa (padr\u00e3o clim\u00e1tico \u00famido) l\u00e1. Enquanto a umidade das mon\u00e7\u00f5es est\u00e1 levando a mais convec\u00e7\u00e3o, ou atividade de tempestade, quaisquer ondas tropicais s\u00e3o despeda\u00e7adas pelos ventos fortes no alto. Isso deve mudar na pr\u00f3xima semana ou duas.<\/li>\n<\/ul>\n<h2 class=\"wp-block-heading\" id=\"h-what-to-expect-in-the-next-two-weeks\">O que esperar nas pr\u00f3ximas duas semanas<\/h2>\n<figure class=\"wp-block-embed is-type-rich is-provider-twitter wp-block-embed-twitter\">\n<\/figure>\n<p>Philip Klotzbach, pesquisador da Colorado State University, est\u00e1 prevendo atividade de furac\u00f5es quase normal no Atl\u00e2ntico nas pr\u00f3ximas duas semanas. Embora a pr\u00f3xima semana ou algo assim provavelmente n\u00e3o produza nada, as condi\u00e7\u00f5es se tornar\u00e3o mais favor\u00e1veis \u200b\u200bpara o desenvolvimento nos pr\u00f3ximos 10 dias.<\/p>\n<p>At\u00e9 l\u00e1, um pacote de tempestades em larga escala chamado MJO, ou Oscila\u00e7\u00e3o Madden-Julian, se deslocar\u00e1 do Oceano \u00cdndico para o leste, para perto da Indon\u00e9sia. Isso deve levar a um relaxamento dos ventos fortes de n\u00edvel superior sobre a \u00c1frica, permitindo que ondas tropicais mais bem organizadas cheguem mais a oeste atrav\u00e9s do Atl\u00e2ntico e estejam mais preparadas para se intensificar.<\/p>\n<h2 class=\"wp-block-heading\" id=\"h-what-to-know-ahead-including-some-activity-in-the-pacific\">O que saber com anteced\u00eancia, incluindo algumas atividades no Pac\u00edfico<\/h2>\n<p>De agora at\u00e9 o final de agosto, n\u00e3o vai acontecer muita coisa. Mas a atividade de furac\u00f5es deve aumentar consideravelmente na primeira semana de setembro. Ventos mais calmos de n\u00edvel superior facilitar\u00e3o a forma\u00e7\u00e3o de tempestades, e a poeira do Saara se tornar\u00e1 um problema menor.<\/p>\n<p>Al\u00e9m disso, por volta do final de agosto, algo chamado de Onda Kelvin Convectivamente Acoplada pode rolar pelo Atl\u00e2ntico. \u00c9 como uma ampla onda de reviravolta na atmosfera, com ar descendo de um lado e ar subindo do outro. \u00c0 medida que o ramo aprimorado, ou ascendente, da onda se move sobre o oceano, ele pode aumentar ainda mais o movimento ascendente necess\u00e1rio para que as ondas tropicais se transformem em tempestades nomeadas.<\/p>\n<p>No geral, per\u00edodos de calmaria devem acontecer, e embora este pare\u00e7a extra quieto, n\u00e3o \u00e9 terrivelmente incomum. Os sinais apontam para um in\u00edcio movimentado de setembro. E o Golfo do M\u00e9xico \u00e9 uma esp\u00e9cie de barril de p\u00f3lvora, o que significa que qualquer tempestade que se mova para o Golfo pode se fortalecer rapidamente com par\u00e2metros atmosf\u00e9ricos favor\u00e1veis.<\/p>\n<p>Em termos simples, setembro pode chegar suavemente, mas n\u00e3o vai acabar assim.<\/p>\n<p>Por enquanto, os \u00fanicos sistemas a serem rastreados est\u00e3o localizados no Pac\u00edfico. Uma tempestade em desenvolvimento pode impactar o Hava\u00ed no in\u00edcio da semana que vem.<\/p>\n<\/p><\/div>\n<p><script>\n\t\tvar consent=\"grant\";\n\t\t\/* The above code is parsing the JSON data from the local storage and storing it in a variable. *\/\n\t\t\t\t\tconst onetrustStorageConsent = JSON.parse(localStorage.getItem( 'consent_one_trust_bdc' ) );\n\t\t\tif ( ( onetrustStorageConsent !== null ) ) {\n\t\t\t\t\/* Checking to see if the user has consented to the use of cookies.\n\t\t\t\t* If they have not, it is deleting the cookie.\n\t\t\t\t* This will comment for now, until further notice.\n\t\t\t\t*\/\n\t\t\t\t\/\/if ( onetrustStorageConsent.C0002 === false ) {\n\t\t\t\t\/\/\tdocument.cookie=\"_fbp=;expires=Thu, 01 Jan 2010 00:00:00 UTC; path=\/; domain=.boston.com\";\n\t\t\t\t\/\/}\n\t\t\t\t\/* Checking if the user has given consent for the cookie C0002.\n\t\t\t\t* If the user has given consent, the variable consent will be set to 'grant'.\n\t\t\t\t* If the user has not given consent,the variable consent will be set to 'revoke'.\n\t\t\t\t* Documentation https:\/\/developers.facebook.com\/docs\/meta-pixel\/implementation\/gdpr\n\t\t\t\t*\/\n\t\t\t\tif ( onetrustStorageConsent.C0002 !== true ) {\n\t\t\t\t\tconsent=\"revoke\";\n\t\t\t\t}\n\t\t\t}\n\t\t\t\t!function(f,b,e,v,n,t,s)\n\t\t{if(f.fbq)return;n=f.fbq=function(){n.callMethod?\n\t\tn.callMethod.apply(n,arguments):n.queue.push(arguments)};\n\t\tif(!f._fbq)f._fbq=n;n.push=n;n.loaded=!0;n.version='2.0';\n\t\tn.queue=[];t=b.createElement(e);t.async=!0;\n\t\tt.src=v;s=b.getElementsByTagName(e)[0];\n\t\ts.parentNode.insertBefore(t,s)}(window, document,'script',\n\t\t'https:\/\/connect.facebook.net\/en_US\/fbevents.js');\n\t\tfbq('consent', consent);\n\t\tfbq('init', '989222871864976');\n\t\tfbq('track', 'PageView');\n\t<\/script><script type=\"module\">\n\t\tvar consent=\"grant\";\n\t\t\/* The above code is parsing the JSON data from the local storage and storing it in a variable. *\/\n\t\t\tconst onetrustStorageConsent = JSON.parse(localStorage.getItem( 'consent_one_trust_bdc' ) );\n\t\t\t\/* Checking to see if the user has consented to the use of cookies.\n\t\t\t* If they have not, it is deleting the cookie.\n\t\t\t* This will comment for now, until further notice.\n\t\t\t*\/\n\t\t\t\/\/if ( onetrustStorageConsent.C0002 === false ) {\n\t\t\t\/\/\tdocument.cookie=\"_fbp=;expires=Thu, 01 Jan 2010 00:00:00 UTC; path=\/; domain=.boston.com\";\n\t\t\t\/\/}\n\t\t\t\/* Checking if the user has given consent for the cookie C0002.\n\t\t\t* If the user has given consent, the variable consent will be set to 'grant'.\n\t\t\t* If the user has not given consent,the variable consent will be set to 'revoke'.\n\t\t\t* Documentation https:\/\/developers.facebook.com\/docs\/meta-pixel\/implementation\/gdpr\n\t\t\t*\/\n\t\t\tif ( ( onetrustStorageConsent !== null ) && (onetrustStorageConsent.C0002 !== true ) ) {\n\t\t\t\tconsent=\"revoke\";\n\t\t\t}\n\t\t\t\t!function(f,b,e,v,n,t,s){if(f.fbq)return;n=f.fbq=function()\n\t\t{n.callMethod? n.callMethod.apply(n,arguments):n.queue.push(arguments)}\n\t\t;if(!f._fbq)f._fbq=n;\n\t\tn.push=n;n.loaded=!0;n.version='2.0';n.queue=[];t=b.createElement(e);t.async=!0;\n\t\tt.src=v;s=b.getElementsByTagName(e)[0];s.parentNode.insertBefore(t,s)}(window,\n\t\tdocument,'script','https:\/\/connect.facebook.net\/en_US\/fbevents.js');\n\t\tfbq('consent', consent);\n\t\tfbq('init', '813236348753005');\n\t\tfbq('track', \"PageView\");\n\t<\/script><br \/>\n<br \/><br \/>\n<br \/><a href=\"https:\/\/www.boston.com\/weather\/weather\/2024\/08\/22\/when-will-hurricane-season-roar-back-to-life\/\">Source link <\/a><\/p>","protected":false},"excerpt":{"rendered":"<p>Clima Especialistas ainda preveem uma temporada de furac\u00f5es hiperativa, mas a bacia do Atl\u00e2ntico est\u00e1 assustadoramente silenciosa. A previs\u00e3o do Centro Nacional de Furac\u00f5es para a pr\u00f3xima semana no Atl\u00e2ntico&hellip;<\/p>","protected":false},"author":1,"featured_media":27442,"comment_status":"closed","ping_status":"open","sticky":false,"template":"","format":"standard","meta":{"content-type":"","footnotes":""},"categories":[1],"tags":[],"class_list":["post-27441","post","type-post","status-publish","format-standard","has-post-thumbnail","hentry","category-uncategorized"],"_links":{"self":[{"href":"https:\/\/tvbrazilusa.com\/pt\/wp-json\/wp\/v2\/posts\/27441","targetHints":{"allow":["GET"]}}],"collection":[{"href":"https:\/\/tvbrazilusa.com\/pt\/wp-json\/wp\/v2\/posts"}],"about":[{"href":"https:\/\/tvbrazilusa.com\/pt\/wp-json\/wp\/v2\/types\/post"}],"author":[{"embeddable":true,"href":"https:\/\/tvbrazilusa.com\/pt\/wp-json\/wp\/v2\/users\/1"}],"replies":[{"embeddable":true,"href":"https:\/\/tvbrazilusa.com\/pt\/wp-json\/wp\/v2\/comments?post=27441"}],"version-history":[{"count":1,"href":"https:\/\/tvbrazilusa.com\/pt\/wp-json\/wp\/v2\/posts\/27441\/revisions"}],"predecessor-version":[{"id":27443,"href":"https:\/\/tvbrazilusa.com\/pt\/wp-json\/wp\/v2\/posts\/27441\/revisions\/27443"}],"wp:featuredmedia":[{"embeddable":true,"href":"https:\/\/tvbrazilusa.com\/pt\/wp-json\/wp\/v2\/media\/27442"}],"wp:attachment":[{"href":"https:\/\/tvbrazilusa.com\/pt\/wp-json\/wp\/v2\/media?parent=27441"}],"wp:term":[{"taxonomy":"category","embeddable":true,"href":"https:\/\/tvbrazilusa.com\/pt\/wp-json\/wp\/v2\/categories?post=27441"},{"taxonomy":"post_tag","embeddable":true,"href":"https:\/\/tvbrazilusa.com\/pt\/wp-json\/wp\/v2\/tags?post=27441"}],"curies":[{"name":"wp","href":"https:\/\/api.w.org\/{rel}","templated":true}]}}