{"id":27450,"date":"2024-08-22T19:19:04","date_gmt":"2024-08-22T19:19:04","guid":{"rendered":"https:\/\/tvbrazilusa.com\/2024\/08\/22\/gillette-avanca-com-planos-para-refazer-seu-campus-em-south-boston\/"},"modified":"2024-08-22T19:27:19","modified_gmt":"2024-08-22T19:27:19","slug":"gillette-avanca-com-planos-para-refazer-seu-campus-em-south-boston","status":"publish","type":"post","link":"https:\/\/tvbrazilusa.com\/pt\/2024\/08\/22\/gillette-avanca-com-planos-para-refazer-seu-campus-em-south-boston\/","title":{"rendered":"Gillette avan\u00e7a com planos para refazer seu campus em South Boston"},"content":{"rendered":"<p> <script async src=\"https:\/\/pagead2.googlesyndication.com\/pagead\/js\/adsbygoogle.js?client=ca-pub-8864793242727901\"\r\n     crossorigin=\"anonymous\"><\/script><br \/>\n<\/p>\n<div id=\"\">\n<header class=\"m-article-header m-article-header--standard\">\n\t\t\t\t\t\t\t\t\t\t\t\t<span id=\"article-header-primary-term\"><br \/>\n\t\t\t\t\t\t\t\t<a class=\"a-term a-term--primary\" href=\"https:\/\/www.boston.com\/tag\/business\/\"><\/p>\n<p>\t\t\t\t\t\t\t\tNeg\u00f3cios\t\t\t\t\t\t\t\t<\/a><br \/>\n\t\t\t\t\t\t\t<\/span><\/p>\n<h2 class=\"m-article-header__sub-headline\">Os planos incluem transformar a propriedade comercial de 31 acres em um espa\u00e7o de uso misto.<\/h2>\n<figure class=\"a-photo m-article-header__photo\"><figcaption class=\"a-photo__caption\">\n<p>\tA sede da Gillette World Shaving est\u00e1 localizada em 1 Gillette Park.<em> Nathan Klima para o Boston Globe<\/em>\t<\/figcaption><\/figure>\n<\/header>\n<p>A P&#038;G Gillette est\u00e1 avan\u00e7ando com seus planos de remodelar seu atual campus de fabrica\u00e7\u00e3o em South Boston em um espa\u00e7o de uso misto e acess\u00edvel ao p\u00fablico. <\/p>\n<p>A empresa protocolou sua Carta de Inten\u00e7\u00f5es no Departamento de Planejamento da Cidade de Boston na quarta-feira. Ela planeja reconstruir o local de 31 acres entre os bairros de South Boston e Fort Point. <\/p>\n<p>Os planos incluem adicionar um parque \u00e0 beira-mar aberto ao p\u00fablico, al\u00e9m de \u00e1reas residenciais, de laborat\u00f3rio, de escrit\u00f3rios e de varejo ao local. <\/p>\n<p>A transforma\u00e7\u00e3o mudar\u00e1 significativamente o que agora \u00e9 principalmente um espa\u00e7o comercial e de engenharia para Gillette, que fica isolado dos bairros pr\u00f3ximos.<\/p>\n<p>A Gillette manter\u00e1 sua sede e centro de inova\u00e7\u00e3o t\u00e9cnica em South Boston. No entanto, a empresa mudar\u00e1 sua <a href=\"https:\/\/www.boston.com\/news\/business\/2023\/10\/24\/procter-gamble-move-gillette-razor-production-south-boston-andover-site-redevelopment-and-sale\/\">opera\u00e7\u00f5es de fabrica\u00e7\u00e3o<\/a> para um campus de 150 acres em Andover e planeja construir um novo centro de fabrica\u00e7\u00e3o no local onde j\u00e1 opera. <\/p>\n<p>\u201cEste \u00e9 um momento importante para o nosso neg\u00f3cio e para Boston\u201d, disse Kara Buckley, vice-presidente de assuntos comunit\u00e1rios da Gillette, em uma declara\u00e7\u00e3o. \u201cNossas primeiras conversas com a comunidade foram \u00fateis para nos orientar; esperamos desenvolver um projeto que abordar\u00e1 algumas das necessidades mais cr\u00edticas de Boston \u2014 de resili\u00eancia e espa\u00e7o aberto a moradia e oportunidade econ\u00f4mica \u2014 refletindo tanto as prioridades da cidade quanto os interesses da comunidade de South Boston.\u201d<\/p>\n<p>No outono de 2023, a empresa organizou uma reuni\u00e3o p\u00fablica virtual para compartilhar ideias iniciais e ouvir as opini\u00f5es dos moradores. <\/p>\n<p>A partir de setembro, a Gillette realizar\u00e1 visitas no local e diversas reuni\u00f5es para compartilhar conceitos de planejamento e solicitar feedback. <\/p>\n<p>De acordo com Tom Ready, presidente da Fort Point Neighborhood Association, em um e-mail ao Boston.com, a \u00faltima conversa que a associa\u00e7\u00e3o teve com a equipe da P&#038;G foi em janeiro passado. <\/p>\n<p>Embora a associa\u00e7\u00e3o continue preocupada com a perda de empregos na ind\u00fastria do bairro, ela tamb\u00e9m reconhece a oportunidade que os planos representam. <\/p>\n<p>\u201cEstamos ansiosos para nos reencontrar com a P&#038;G Gillette, a Cidade e o Estado em um processo inclusivo que realmente transformar\u00e1 nossa \u00e1rea de South Boston\u201d, escreveu Ready. \u201cEssa transforma\u00e7\u00e3o deve fornecer n\u00e3o apenas oportunidades de emprego de substitui\u00e7\u00e3o, mas tamb\u00e9m moradia, grandes parques e espa\u00e7os c\u00edvicos significativos.\u201d <\/p>\n<p>A South Boston Neighborhood Development Corporation n\u00e3o respondeu imediatamente aos coment\u00e1rios sobre os planos. <\/p>\n<p>A Gillette, que fabrica produtos para barbear e corpo, usa o local de South Boston para fabrica\u00e7\u00e3o de produtos h\u00e1 mais de 100 anos. A instala\u00e7\u00e3o ser\u00e1 a base para 750 funcion\u00e1rios em fun\u00e7\u00f5es de lideran\u00e7a, pesquisa e desenvolvimento e engenharia. <\/p>\n<p>A empresa global P&#038;G adquiriu a Gillette em 2005, o que colocou o futuro da empresa no desconhecido. <\/p>\n<p>No entanto, as mudan\u00e7as delineadas nos planos para a cidade resultam de <a href=\"https:\/\/www.bostonglobe.com\/business\/2019\/11\/07\/gillette-rethinking-its-boston-andover-properties\/pohxCpmeYWQgor7Sf5HLFK\/story.html?p1=Article_Inline_Text_Link\">Avalia\u00e7\u00e3o da P&#038;G<\/a> das instala\u00e7\u00f5es de Massachusetts, que come\u00e7aram em 2019. <\/p>\n<p>\u201c\u00c9 importante para n\u00f3s que a Gillette sirva como uma administradora do futuro do lugar que chamamos de lar h\u00e1 mais de um s\u00e9culo\u201d, disse Buckley. \u201cEsta \u00e9 uma oportunidade geracional para fortalecer os neg\u00f3cios da Gillette e estabelecer uma base para o sucesso cont\u00ednuo como uma orgulhosa empresa sediada em South Boston.\u201d<\/p>\n<div class=\"m-block m-generic-cta\t m-generic-cta--post-content\t m-generic-cta--dark\t m-generic-cta--homepage\t m-generic-cta--email-signup\t\t m-generic-cta-block-style--default \tt-amp__generic-cta\"><\/p>\n<div class=\"m-generic-cta__wrap\">\n<div class=\"m-generic-cta__content\">\n<h3 class=\"m-generic-cta__title\">Boston.com Hoje<\/h3>\n<p class=\"m-generic-cta__subtitle\">Inscreva-se para receber as \u00faltimas manchetes na sua caixa de entrada todas as manh\u00e3s.<\/p>\n<\/p><\/div>\n<\/p><\/div>\n<\/div><\/div>\n<p><script>\n\t\tvar consent=\"grant\";\n\t\t\/* The above code is parsing the JSON data from the local storage and storing it in a variable. *\/\n\t\t\t\t\tconst onetrustStorageConsent = JSON.parse(localStorage.getItem( 'consent_one_trust_bdc' ) );\n\t\t\tif ( ( onetrustStorageConsent !== null ) ) {\n\t\t\t\t\/* Checking to see if the user has consented to the use of cookies.\n\t\t\t\t* If they have not, it is deleting the cookie.\n\t\t\t\t* This will comment for now, until further notice.\n\t\t\t\t*\/\n\t\t\t\t\/\/if ( onetrustStorageConsent.C0002 === false ) {\n\t\t\t\t\/\/\tdocument.cookie=\"_fbp=;expires=Thu, 01 Jan 2010 00:00:00 UTC; path=\/; domain=.boston.com\";\n\t\t\t\t\/\/}\n\t\t\t\t\/* Checking if the user has given consent for the cookie C0002.\n\t\t\t\t* If the user has given consent, the variable consent will be set to 'grant'.\n\t\t\t\t* If the user has not given consent,the variable consent will be set to 'revoke'.\n\t\t\t\t* Documentation https:\/\/developers.facebook.com\/docs\/meta-pixel\/implementation\/gdpr\n\t\t\t\t*\/\n\t\t\t\tif ( onetrustStorageConsent.C0002 !== true ) {\n\t\t\t\t\tconsent=\"revoke\";\n\t\t\t\t}\n\t\t\t}\n\t\t\t\t!function(f,b,e,v,n,t,s)\n\t\t{if(f.fbq)return;n=f.fbq=function(){n.callMethod?\n\t\tn.callMethod.apply(n,arguments):n.queue.push(arguments)};\n\t\tif(!f._fbq)f._fbq=n;n.push=n;n.loaded=!0;n.version='2.0';\n\t\tn.queue=[];t=b.createElement(e);t.async=!0;\n\t\tt.src=v;s=b.getElementsByTagName(e)[0];\n\t\ts.parentNode.insertBefore(t,s)}(window, document,'script',\n\t\t'https:\/\/connect.facebook.net\/en_US\/fbevents.js');\n\t\tfbq('consent', consent);\n\t\tfbq('init', '989222871864976');\n\t\tfbq('track', 'PageView');\n\t<\/script><script type=\"module\">\n\t\tvar consent=\"grant\";\n\t\t\/* The above code is parsing the JSON data from the local storage and storing it in a variable. *\/\n\t\t\tconst onetrustStorageConsent = JSON.parse(localStorage.getItem( 'consent_one_trust_bdc' ) );\n\t\t\t\/* Checking to see if the user has consented to the use of cookies.\n\t\t\t* If they have not, it is deleting the cookie.\n\t\t\t* This will comment for now, until further notice.\n\t\t\t*\/\n\t\t\t\/\/if ( onetrustStorageConsent.C0002 === false ) {\n\t\t\t\/\/\tdocument.cookie=\"_fbp=;expires=Thu, 01 Jan 2010 00:00:00 UTC; path=\/; domain=.boston.com\";\n\t\t\t\/\/}\n\t\t\t\/* Checking if the user has given consent for the cookie C0002.\n\t\t\t* If the user has given consent, the variable consent will be set to 'grant'.\n\t\t\t* If the user has not given consent,the variable consent will be set to 'revoke'.\n\t\t\t* Documentation https:\/\/developers.facebook.com\/docs\/meta-pixel\/implementation\/gdpr\n\t\t\t*\/\n\t\t\tif ( ( onetrustStorageConsent !== null ) && (onetrustStorageConsent.C0002 !== true ) ) {\n\t\t\t\tconsent=\"revoke\";\n\t\t\t}\n\t\t\t\t!function(f,b,e,v,n,t,s){if(f.fbq)return;n=f.fbq=function()\n\t\t{n.callMethod? n.callMethod.apply(n,arguments):n.queue.push(arguments)}\n\t\t;if(!f._fbq)f._fbq=n;\n\t\tn.push=n;n.loaded=!0;n.version='2.0';n.queue=[];t=b.createElement(e);t.async=!0;\n\t\tt.src=v;s=b.getElementsByTagName(e)[0];s.parentNode.insertBefore(t,s)}(window,\n\t\tdocument,'script','https:\/\/connect.facebook.net\/en_US\/fbevents.js');\n\t\tfbq('consent', consent);\n\t\tfbq('init', '813236348753005');\n\t\tfbq('track', \"PageView\");\n\t<\/script><br \/>\n<br \/><br \/>\n<br \/><a href=\"https:\/\/www.boston.com\/news\/business\/2024\/08\/22\/gillette-moves-forward-with-plans-to-redo-its-south-boston-campus\/\">Source link <\/a><\/p>","protected":false},"excerpt":{"rendered":"<p>Neg\u00f3cios Os planos incluem transformar a propriedade comercial de 31 acres em um espa\u00e7o de uso misto. A sede da Gillette World Shaving est\u00e1 localizada em 1 Gillette Park. Nathan&hellip;<\/p>","protected":false},"author":1,"featured_media":27451,"comment_status":"closed","ping_status":"open","sticky":false,"template":"","format":"standard","meta":{"content-type":"","footnotes":""},"categories":[1],"tags":[],"class_list":["post-27450","post","type-post","status-publish","format-standard","has-post-thumbnail","hentry","category-uncategorized"],"_links":{"self":[{"href":"https:\/\/tvbrazilusa.com\/pt\/wp-json\/wp\/v2\/posts\/27450","targetHints":{"allow":["GET"]}}],"collection":[{"href":"https:\/\/tvbrazilusa.com\/pt\/wp-json\/wp\/v2\/posts"}],"about":[{"href":"https:\/\/tvbrazilusa.com\/pt\/wp-json\/wp\/v2\/types\/post"}],"author":[{"embeddable":true,"href":"https:\/\/tvbrazilusa.com\/pt\/wp-json\/wp\/v2\/users\/1"}],"replies":[{"embeddable":true,"href":"https:\/\/tvbrazilusa.com\/pt\/wp-json\/wp\/v2\/comments?post=27450"}],"version-history":[{"count":1,"href":"https:\/\/tvbrazilusa.com\/pt\/wp-json\/wp\/v2\/posts\/27450\/revisions"}],"predecessor-version":[{"id":27452,"href":"https:\/\/tvbrazilusa.com\/pt\/wp-json\/wp\/v2\/posts\/27450\/revisions\/27452"}],"wp:featuredmedia":[{"embeddable":true,"href":"https:\/\/tvbrazilusa.com\/pt\/wp-json\/wp\/v2\/media\/27451"}],"wp:attachment":[{"href":"https:\/\/tvbrazilusa.com\/pt\/wp-json\/wp\/v2\/media?parent=27450"}],"wp:term":[{"taxonomy":"category","embeddable":true,"href":"https:\/\/tvbrazilusa.com\/pt\/wp-json\/wp\/v2\/categories?post=27450"},{"taxonomy":"post_tag","embeddable":true,"href":"https:\/\/tvbrazilusa.com\/pt\/wp-json\/wp\/v2\/tags?post=27450"}],"curies":[{"name":"wp","href":"https:\/\/api.w.org\/{rel}","templated":true}]}}