{"id":27456,"date":"2024-08-22T19:37:39","date_gmt":"2024-08-22T19:37:39","guid":{"rendered":"https:\/\/tvbrazilusa.com\/2024\/08\/22\/fda-aprova-vacinas-atualizadas-contra-a-covid-19-da-moderna-e-pfizer-biontech-wsvn-7news-noticias-de-miami-clima-esportes-fort-lauderdale\/"},"modified":"2024-08-22T19:40:11","modified_gmt":"2024-08-22T19:40:11","slug":"fda-aprova-vacinas-atualizadas-contra-a-covid-19-da-moderna-e-pfizer-biontech-wsvn-7news-noticias-de-miami-clima-esportes-fort-lauderdale","status":"publish","type":"post","link":"https:\/\/tvbrazilusa.com\/pt\/2024\/08\/22\/fda-aprova-vacinas-atualizadas-contra-a-covid-19-da-moderna-e-pfizer-biontech-wsvn-7news-noticias-de-miami-clima-esportes-fort-lauderdale\/","title":{"rendered":"FDA aprova vacinas atualizadas contra a Covid-19 da Moderna e Pfizer\/BioNTech &#8211; WSVN 7News | Not\u00edcias de Miami, Clima, Esportes | Fort Lauderdale"},"content":{"rendered":"<p> <script async src=\"https:\/\/pagead2.googlesyndication.com\/pagead\/js\/adsbygoogle.js?client=ca-pub-8864793242727901\"\r\n     crossorigin=\"anonymous\"><\/script><br \/>\n<\/p>\n<div itemprop=\"articleBody\">\n<p><strong>(CNN) \u2014 <\/strong>\u00c0 medida que uma onda de ver\u00e3o de Covid-19 continua a atingir os Estados Unidos, a Food and Drug Administration dos EUA aprovou na quinta-feira vacinas atualizadas contra a Covid-19 da Moderna e da Pfizer\/BioNTech.<\/p>\n<p>A Moderna e a Pfizer disseram que vacinas de mRNA atualizadas estar\u00e3o dispon\u00edveis em farm\u00e1cias e cl\u00ednicas nos pr\u00f3ximos dias.<\/p>\n<p>\u201cA vacina\u00e7\u00e3o continua a ser a pedra angular da preven\u00e7\u00e3o da COVID-19\u201d, disse o Dr. Peter Marks, diretor do Centro de Avalia\u00e7\u00e3o e Pesquisa Biol\u00f3gica da FDA, em uma declara\u00e7\u00e3o. \u201cEssas vacinas atualizadas atendem aos rigorosos padr\u00f5es cient\u00edficos da ag\u00eancia para seguran\u00e7a, efic\u00e1cia e qualidade de fabrica\u00e7\u00e3o. Dada a imunidade decrescente da popula\u00e7\u00e3o devido \u00e0 exposi\u00e7\u00e3o anterior ao v\u00edrus e \u00e0 vacina\u00e7\u00e3o anterior, encorajamos fortemente aqueles que s\u00e3o eleg\u00edveis a considerar receber uma vacina atualizada contra a COVID-19 para fornecer melhor prote\u00e7\u00e3o contra as variantes que circulam atualmente.\u201d<\/p>\n<p>Os n\u00edveis do v\u00edrus SARS-CoV-2, que causa a Covid-19, medidos em \u00e1guas residuais est\u00e3o em n\u00edveis &#8220;muito altos&#8221; nacionalmente, de acordo com dados do CDC, provocando o maior pico de ver\u00e3o nos EUA desde julho de 2022. O monitoramento dos n\u00edveis virais em \u00e1guas residuais pode dar uma imagem de qu\u00e3o disseminado o v\u00edrus est\u00e1, j\u00e1 que os testes e outras formas de monitoramento ca\u00edram.<\/p>\n<p>De acordo com o CDC, medidas de doen\u00e7as graves, incluindo taxas de hospitaliza\u00e7\u00e3o e morte, t\u00eam aumentado, mas n\u00e3o chegam nem perto dos n\u00edveis observados em anos anteriores.<\/p>\n<p>A cepa prevalente nos EUA agora \u00e9 a KP.3.1.1, de acordo com dados do CDC, estimada em 37% dos casos nas \u00faltimas duas semanas. Isso \u00e9 o triplo do n\u00edvel de um m\u00eas atr\u00e1s.<\/p>\n<p>KP.3.1.1 e KP.2 \u2013 a cepa inclu\u00edda nas vacinas de mRNA atualizadas \u2013 s\u00e3o ambas ramifica\u00e7\u00f5es da JN.1, que ser\u00e1 o alvo de uma vacina atualizada baseada em prote\u00edna da Novavax. Todas s\u00e3o vers\u00f5es da variante \u00d4micron.<\/p>\n<p>Os Centros de Controle e Preven\u00e7\u00e3o de Doen\u00e7as dos EUA recomendaram em junho que todos com mais de 6 meses de idade recebessem uma vacina atualizada contra a Covid-19 e uma vacina contra a gripe neste ano.<\/p>\n<p>A FDA disse na quinta-feira que pessoas com 5 anos ou mais s\u00e3o eleg\u00edveis para receber uma vacina atualizada da Pfizer ou Moderna contra a Covid-19, desde que tenham se passado pelo menos dois meses desde a \u00faltima dose.<\/p>\n<p>Pessoas n\u00e3o vacinadas de 6 meses a 4 anos podem receber tr\u00eas doses da vacina atualizada da Pfizer ou duas doses da vacina atualizada da Moderna. Pessoas nessa faixa et\u00e1ria que foram vacinadas anteriormente podem receber de uma a duas doses das vacinas atualizadas, dependendo do momento e do n\u00famero de doses que receberam anteriormente. Certas pessoas de 6 meses a 11 anos que t\u00eam sistemas imunol\u00f3gicos enfraquecidos podem ser eleg\u00edveis para doses adicionais.<\/p>\n<p><em>The-CNN-Wire\u2122 &#038; \u00a9 2024 Cable News Network, Inc., uma empresa Time Warner. Todos os direitos reservados.<\/em><\/p>\n<div class=\"wp-block-newsletter\">\n\t<strong class=\"wp-block-newsletter__title\">Inscreva-se em nossa Newsletter para receber as \u00faltimas not\u00edcias diretamente na sua caixa de entrada<\/strong><\/p>\n<\/div><\/div>\n<p><br \/>\n<br \/><a href=\"https:\/\/wsvn.com\/news\/us-world\/fda-signs-off-on-updated-covid-19-vaccines-from-moderna-and-pfizer-biontech\/\">Source link <\/a><\/p>","protected":false},"excerpt":{"rendered":"<p>(CNN) \u2014 \u00c0 medida que uma onda de ver\u00e3o de Covid-19 continua a atingir os Estados Unidos, a Food and Drug Administration dos EUA aprovou na quinta-feira vacinas atualizadas contra&hellip;<\/p>","protected":false},"author":1,"featured_media":27457,"comment_status":"closed","ping_status":"open","sticky":false,"template":"","format":"standard","meta":{"content-type":"","footnotes":""},"categories":[1],"tags":[],"class_list":["post-27456","post","type-post","status-publish","format-standard","has-post-thumbnail","hentry","category-uncategorized"],"_links":{"self":[{"href":"https:\/\/tvbrazilusa.com\/pt\/wp-json\/wp\/v2\/posts\/27456","targetHints":{"allow":["GET"]}}],"collection":[{"href":"https:\/\/tvbrazilusa.com\/pt\/wp-json\/wp\/v2\/posts"}],"about":[{"href":"https:\/\/tvbrazilusa.com\/pt\/wp-json\/wp\/v2\/types\/post"}],"author":[{"embeddable":true,"href":"https:\/\/tvbrazilusa.com\/pt\/wp-json\/wp\/v2\/users\/1"}],"replies":[{"embeddable":true,"href":"https:\/\/tvbrazilusa.com\/pt\/wp-json\/wp\/v2\/comments?post=27456"}],"version-history":[{"count":1,"href":"https:\/\/tvbrazilusa.com\/pt\/wp-json\/wp\/v2\/posts\/27456\/revisions"}],"predecessor-version":[{"id":27458,"href":"https:\/\/tvbrazilusa.com\/pt\/wp-json\/wp\/v2\/posts\/27456\/revisions\/27458"}],"wp:featuredmedia":[{"embeddable":true,"href":"https:\/\/tvbrazilusa.com\/pt\/wp-json\/wp\/v2\/media\/27457"}],"wp:attachment":[{"href":"https:\/\/tvbrazilusa.com\/pt\/wp-json\/wp\/v2\/media?parent=27456"}],"wp:term":[{"taxonomy":"category","embeddable":true,"href":"https:\/\/tvbrazilusa.com\/pt\/wp-json\/wp\/v2\/categories?post=27456"},{"taxonomy":"post_tag","embeddable":true,"href":"https:\/\/tvbrazilusa.com\/pt\/wp-json\/wp\/v2\/tags?post=27456"}],"curies":[{"name":"wp","href":"https:\/\/api.w.org\/{rel}","templated":true}]}}