{"id":27465,"date":"2024-08-22T20:02:15","date_gmt":"2024-08-22T20:02:15","guid":{"rendered":"https:\/\/tvbrazilusa.com\/2024\/08\/22\/homem-com-a-cabeca-ensanguentada-e-preso-apos-se-recusar-a-sair-de-um-aviao-no-aeroporto-de-miami-diz-a-policia-wsvn-7news-noticias-de-miami-clima-esportes-fort-lauderdale\/"},"modified":"2024-08-22T20:04:04","modified_gmt":"2024-08-22T20:04:04","slug":"homem-com-a-cabeca-ensanguentada-e-preso-apos-se-recusar-a-sair-de-um-aviao-no-aeroporto-de-miami-diz-a-policia-wsvn-7news-noticias-de-miami-clima-esportes-fort-lauderdale","status":"publish","type":"post","link":"https:\/\/tvbrazilusa.com\/pt\/2024\/08\/22\/homem-com-a-cabeca-ensanguentada-e-preso-apos-se-recusar-a-sair-de-um-aviao-no-aeroporto-de-miami-diz-a-policia-wsvn-7news-noticias-de-miami-clima-esportes-fort-lauderdale\/","title":{"rendered":"Homem com a cabe\u00e7a ensanguentada \u00e9 preso ap\u00f3s se recusar a sair de um avi\u00e3o no aeroporto de Miami, diz a pol\u00edcia &#8211; WSVN 7News | Not\u00edcias de Miami, Clima, Esportes | Fort Lauderdale"},"content":{"rendered":"<p> <script async src=\"https:\/\/pagead2.googlesyndication.com\/pagead\/js\/adsbygoogle.js?client=ca-pub-8864793242727901\"\r\n     crossorigin=\"anonymous\"><\/script><br \/>\n<\/p>\n<div itemprop=\"articleBody\">\n<p>AEROPORTO INTERNACIONAL DE MIAMI, FL\u00d3RIDA (WSVN) &#8211; MIAMI (AP) \u2014 Um casal de Las Vegas foi retirado de um avi\u00e3o e preso no Aeroporto Internacional de Miami depois que outros passageiros reclamaram do sangramento na cabe\u00e7a do homem ap\u00f3s uma cirurgia de transplante capilar, disse o casal.<\/p>\n<p>O homem de 27 anos e a mulher de 32 anos j\u00e1 haviam embarcado em um voo da American Airlines para Las Vegas na ter\u00e7a-feira quando a equipe de bordo notou a cabe\u00e7a sangrando do homem, de acordo com um relat\u00f3rio da pol\u00edcia de Miami-Dade.<\/p>\n<p>Um comiss\u00e1rio de bordo disse ao homem que ele precisaria limpar o sangue e trocar o curativo, mas ele disse que n\u00e3o tinha nenhum curativo limpo, disseram autoridades. A equipe de voo ent\u00e3o disse ao homem que ele precisaria deixar o avi\u00e3o por preocupa\u00e7\u00e3o com sua condi\u00e7\u00e3o m\u00e9dica e poss\u00edvel contamina\u00e7\u00e3o por fluidos corporais.<\/p>\n<p>O homem e a mulher se recusaram a sair, disseram as autoridades. A pol\u00edcia foi chamada ao avi\u00e3o, e o casal novamente se recusou a sair. A pol\u00edcia disse que os policiais retiraram o casal do avi\u00e3o e os acusaram de invas\u00e3o de propriedade e resist\u00eancia \u00e0 pris\u00e3o.<\/p>\n<p>O advogado do casal, Michael Inglesia, disse que o casal foi discriminado por causa de sua apar\u00eancia ap\u00f3s um procedimento m\u00e9dico, apesar de terem autoriza\u00e7\u00e3o de um m\u00e9dico.<\/p>\n<p>A American Airlines divulgou um comunicado dizendo que dois clientes se mostraram inconvenientes e n\u00e3o obedeceram \u00e0s normas no voo de ter\u00e7a-feira e agradeceu aos tripulantes pelo profissionalismo.<\/p>\n<p><em>Copyright 2024 The Associated Press. Todos os direitos reservados. Este material n\u00e3o pode ser publicado, transmitido, reescrito ou redistribu\u00eddo.<\/em><\/p>\n<div class=\"wp-block-newsletter\">\n\t<strong class=\"wp-block-newsletter__title\">Inscreva-se em nossa Newsletter para receber as \u00faltimas not\u00edcias diretamente na sua caixa de entrada<\/strong><\/p>\n<\/div><\/div>\n<p><br \/>\n<br \/><a href=\"https:\/\/wsvn.com\/news\/local\/miami-dade\/man-with-a-bloody-head-arrested-after-refusing-to-exit-a-plane-at-miami-airport-police-say\/\">Source link <\/a><\/p>","protected":false},"excerpt":{"rendered":"<p>AEROPORTO INTERNACIONAL DE MIAMI, FL\u00d3RIDA (WSVN) &#8211; MIAMI (AP) \u2014 Um casal de Las Vegas foi retirado de um avi\u00e3o e preso no Aeroporto Internacional de Miami depois que outros&hellip;<\/p>","protected":false},"author":1,"featured_media":27466,"comment_status":"closed","ping_status":"open","sticky":false,"template":"","format":"standard","meta":{"content-type":"","footnotes":""},"categories":[1],"tags":[],"class_list":["post-27465","post","type-post","status-publish","format-standard","has-post-thumbnail","hentry","category-uncategorized"],"_links":{"self":[{"href":"https:\/\/tvbrazilusa.com\/pt\/wp-json\/wp\/v2\/posts\/27465","targetHints":{"allow":["GET"]}}],"collection":[{"href":"https:\/\/tvbrazilusa.com\/pt\/wp-json\/wp\/v2\/posts"}],"about":[{"href":"https:\/\/tvbrazilusa.com\/pt\/wp-json\/wp\/v2\/types\/post"}],"author":[{"embeddable":true,"href":"https:\/\/tvbrazilusa.com\/pt\/wp-json\/wp\/v2\/users\/1"}],"replies":[{"embeddable":true,"href":"https:\/\/tvbrazilusa.com\/pt\/wp-json\/wp\/v2\/comments?post=27465"}],"version-history":[{"count":1,"href":"https:\/\/tvbrazilusa.com\/pt\/wp-json\/wp\/v2\/posts\/27465\/revisions"}],"predecessor-version":[{"id":27467,"href":"https:\/\/tvbrazilusa.com\/pt\/wp-json\/wp\/v2\/posts\/27465\/revisions\/27467"}],"wp:featuredmedia":[{"embeddable":true,"href":"https:\/\/tvbrazilusa.com\/pt\/wp-json\/wp\/v2\/media\/27466"}],"wp:attachment":[{"href":"https:\/\/tvbrazilusa.com\/pt\/wp-json\/wp\/v2\/media?parent=27465"}],"wp:term":[{"taxonomy":"category","embeddable":true,"href":"https:\/\/tvbrazilusa.com\/pt\/wp-json\/wp\/v2\/categories?post=27465"},{"taxonomy":"post_tag","embeddable":true,"href":"https:\/\/tvbrazilusa.com\/pt\/wp-json\/wp\/v2\/tags?post=27465"}],"curies":[{"name":"wp","href":"https:\/\/api.w.org\/{rel}","templated":true}]}}