{"id":27478,"date":"2024-08-22T20:30:07","date_gmt":"2024-08-22T20:30:07","guid":{"rendered":"https:\/\/tvbrazilusa.com\/2024\/08\/22\/apos-dnc-inovador-candidato-ao-senado-de-nj-espera-fazer-historia\/"},"modified":"2024-08-22T20:38:20","modified_gmt":"2024-08-22T20:38:20","slug":"apos-dnc-inovador-candidato-ao-senado-de-nj-espera-fazer-historia","status":"publish","type":"post","link":"https:\/\/tvbrazilusa.com\/pt\/2024\/08\/22\/apos-dnc-inovador-candidato-ao-senado-de-nj-espera-fazer-historia\/","title":{"rendered":"Ap\u00f3s DNC inovador, candidato ao Senado de NJ espera fazer hist\u00f3ria"},"content":{"rendered":"<p> <script async src=\"https:\/\/pagead2.googlesyndication.com\/pagead\/js\/adsbygoogle.js?client=ca-pub-8864793242727901\"\r\n     crossorigin=\"anonymous\"><\/script><br \/>\n<\/p>\n<div>\n<p class=\"article__paragraph article__paragraph--left\" id=\"XO27ERZBGRCNVDC7OCHCP277MM\">Apesar de estar na pol\u00edtica h\u00e1 muitos anos, esta \u00e9 a primeira vez que o deputado dos EUA&#8230; <a href=\"https:\/\/nj.com\/topic\/andy-kim\" target=\"_blank\" rel=\"nofollow sponsored noopener\" title=\"https:\/\/nj.com\/topic\/andy-kim\">Andy Kim<\/a> foi a uma Conven\u00e7\u00e3o Nacional Democrata. E \u00e9 uma conven\u00e7\u00e3o inovadora, celebrando a primeira mulher negra indicada \u00e0 presid\u00eancia por um grande partido pol\u00edtico. <\/p>\n<p class=\"article__paragraph article__paragraph--left\" id=\"WEMYZHG4TZENJB36WUDZJM5AYY\">Em alguns meses, Kim, 42, espera fazer um pouco de hist\u00f3ria. <\/p>\n<p class=\"article__paragraph article__paragraph--left\" id=\"S3ZOZJRWH5FCNOLFEDTNSIOW7Q\">Se eleito, ele se tornaria o primeiro senador asi\u00e1tico-americano de Nova Jersey e o primeiro coreano-americano da na\u00e7\u00e3o. Ele observou esta semana que 2024 marca 50 anos desde que seus pais vieram da Coreia do Sul para a Am\u00e9rica. <\/p>\n<p class=\"article__paragraph article__paragraph--left\" id=\"3USFXOSQFRHKNLH6QC6NBRVVWY\">\u201cN\u00e3o pensem que sou apenas uma voz para os asi\u00e1tico-americanos\u201d, Kim disse aos membros do Asian American and Pacific Islander Caucus. \u201cN\u00e3o pensem que s\u00f3 posso falar sobre essas quest\u00f5es. N\u00e3o nos encurralem. Temos algo a dizer sobre tudo.\u201d <\/p>\n<p class=\"article__paragraph article__paragraph--left\" id=\"322EVO4IB5ALVI4AFPT4RLH7NQ\">Kim foi um dos palestrantes de destaque na conven\u00e7\u00e3o na quarta-feira \u00e0 noite porque ele \u00e9 conhecido em todo o pa\u00eds pelo que fez depois de outro tipo de momento hist\u00f3rico: a insurrei\u00e7\u00e3o de 6 de janeiro no Capit\u00f3lio. <\/p>\n<p class=\"article__paragraph article__paragraph--left\" id=\"KHHIUTBYP5A7PCTOQJMO4SE7VM\">\u201cNaquela noite, entrei na rotunda e o ch\u00e3o estava coberto de cacos de vidro e lixo, espalhados pelo caos desencadeado por Donald Trump\u201d, Kim disse aos delegados. \u201cEnt\u00e3o, fiz a \u00fanica coisa que consegui pensar. Peguei um saco de lixo e comecei a limpar.\u201d<\/p>\n<p class=\"article__paragraph article__paragraph--left\" id=\"7XJM3I3F6NC57B4HQG6UCCDSKI\">Depois do <a href=\"https:\/\/www.nj.com\/news\/2021\/01\/rep-andy-kim-on-going-viral-for-picking-up-trash-at-capitol-if-something-is-broken-we-can-work-to-fix-it.html\" target=\"_blank\" rel=\"noopener\" title=\"https:\/\/www.nj.com\/news\/2021\/01\/rep-andy-kim-on-going-viral-for-picking-up-trash-at-capitol-if-something-is-broken-we-can-work-to-fix-it.html\">foto ic\u00f4nica<\/a> de Kim de joelhos se tornou viral, ele recebeu milhares de cart\u00f5es postais e cartas escritas \u00e0 m\u00e3o. E quando o <a href=\"https:\/\/www.nj.com\/politics\/2021\/07\/the-suit-njs-andy-kim-wore-to-clean-up-capitol-after-pro-trump-siege-is-now-at-smithsonian.html\" target=\"_blank\" rel=\"noopener\" title=\"https:\/\/www.nj.com\/politics\/2021\/07\/the-suit-njs-andy-kim-wore-to-clean-up-capitol-after-pro-trump-siege-is-now-at-smithsonian.html\">Museu Smithsoniano<\/a> pediu que ele doasse o terno azul que ele usava naquele dia, Kim disse que sim.<\/p>\n<p class=\"article__paragraph article__paragraph--left\" id=\"BZICYTZUWJAWTEGYJ5S2CSREB4\">Em seu discurso na quarta-feira \u00e0 noite, Kim relembrou como ele orgulhosamente levou seus filhos pequenos para visitar o Capit\u00f3lio.<\/p>\n<p class=\"article__paragraph article__paragraph--left\" id=\"S5D7YHWLCBD77CISZIFUJFJUWY\">\u201cComo pai, eu me recuso a acreditar que nossos filhos est\u00e3o condenados a crescer em uma Am\u00e9rica quebrada\u201d, disse ele. <\/p>\n<p class=\"article__paragraph article__paragraph--left\" id=\"ZEDGDP6ODBBZVPZ3TVMW43CCHM\">Kim est\u00e1 concorrendo \u00e0 vaga deixada pelo senador dos EUA. <a href=\"https:\/\/nj.com\/topic\/robert-menendez\" target=\"_blank\" rel=\"nofollow sponsored noopener\" title=\"https:\/\/nj.com\/topic\/robert-menendez\">Roberto Men\u00e9ndez<\/a>Quem <a href=\"https:\/\/www.nj.com\/politics\/2024\/08\/and-now-the-end-is-here-for-convicted-menendezs-us-senate-career.html\" target=\"_blank\" rel=\"nofollow sponsored noopener\" title=\"https:\/\/www.nj.com\/politics\/2024\/08\/and-now-the-end-is-here-for-convicted-menendezs-us-senate-career.html\">renunciou no in\u00edcio desta semana<\/a> ap\u00f3s suas condena\u00e7\u00f5es por crimes graves. Ele entrou na disputa depois que Menendez foi indiciado h\u00e1 um ano. Mais tarde, ele venceu uma disputa judicial que encerrou o controle de votos pelos chefes do partido que ajudaram a convencer a primeira-dama <a href=\"https:\/\/nj.com\/topic\/tammy-murphy\" target=\"_blank\" rel=\"nofollow sponsored noopener\" title=\"https:\/\/nj.com\/topic\/tammy-murphy\">Tammy Murphy<\/a> para encerrar sua campanha. <\/p>\n<p class=\"article__paragraph article__paragraph--left\" id=\"2KGI5Y6A6VE5PKGIV7HLCRCEIA\">\u201c\u00c9 importante para n\u00f3s tentarmos restaurar um senso de confian\u00e7a e integridade\u201d, disse Kim, referindo-se \u00e0s condena\u00e7\u00f5es por corrup\u00e7\u00e3o de Menendez. \u201cIsso realmente abalou a confian\u00e7a de muitas pessoas em Nova Jersey que est\u00e3o cansadas de sentir que a pol\u00edtica est\u00e1 cheia de corrup\u00e7\u00e3o e outros problemas, ent\u00e3o espero tentar mudar isso.\u201d<\/p>\n<p class=\"article__paragraph article__paragraph--left\" id=\"CFQAHKX5BFHXLJKEEG7HRM2FTM\">Kim est\u00e1 competindo contra o republicano <a href=\"https:\/\/nj.com\/topic\/curtis-bashaw\" target=\"_blank\" rel=\"nofollow sponsored noopener\" title=\"https:\/\/nj.com\/topic\/curtis-bashaw\">Curtis Bashaw<\/a>64, um empres\u00e1rio de Cape May que se refere a si mesmo como um \u201coutsider pol\u00edtico\u201d e \u201cn\u00e3o um republicano comum\u201d e diz que os democratas representam o estado h\u00e1 \u201cmuito tempo em Washington, DC\u201d<\/p>\n<p class=\"article__paragraph article__paragraph--left\" id=\"RTKV7YCC7NCHJGJFKCOYIYCHHQ\">Como democrata, Kim entra na disputa com uma vantagem hist\u00f3rica. Nenhum republicano venceu uma disputa pelo Senado dos EUA no estado desde 1972, e espera-se que Nova Jersey permane\u00e7a azul neste ano de elei\u00e7\u00e3o presidencial. <\/p>\n<p class=\"article__paragraph article__paragraph--left\" id=\"ARNKNLE6IFBI3FR23N6S7TV3ZQ\">Em 2018, Kim foi eleito para representar o 3\u00ba Distrito ap\u00f3s derrotar o titular Tom MacArthur. Ele est\u00e1 em seu terceiro mandato. <\/p>\n<p class=\"article__paragraph article__paragraph--left\" id=\"NC7CNZ72TNHJPHAH34YHHYYYZU\">\u201cSou um democrata que ganhou um distrito que Trump ganhou duas vezes\u201d, disse Kim.<\/p>\n<p class=\"article__paragraph article__paragraph--left\" id=\"PNX5FWNPINDXNHSHXAAWGEA5HY\">Como congressista, Kim lutou pela classe trabalhadora votando para aprovar a Lei de Prote\u00e7\u00e3o ao Direito de Organiza\u00e7\u00e3o (PRO) de 2021, que ajuda os trabalhadores a terem acesso a melhores sal\u00e1rios e condi\u00e7\u00f5es de trabalho.<\/p>\n<p class=\"article__paragraph article__paragraph--left\" id=\"GPNZRGAFYNCIRM23UPR7IOTRXI\">Como senador, ele quer proteger os direitos reprodutivos das mulheres, contrastando isso com a plataforma do Partido Republicano. E ele enfatiza quest\u00f5es econ\u00f4micas: reduzir os custos de medicamentos prescritos, assist\u00eancia m\u00e9dica e moradia.<\/p>\n<p class=\"article__paragraph article__paragraph--left\" id=\"NFCXBFC3HNAL5AIW4E7Q6OYY4Y\">\u201cEst\u00e1 claro que a economia n\u00e3o est\u00e1 funcionando para todos. Voc\u00ea tem bilion\u00e1rios construindo foguetes\u2026 Mas voc\u00ea tem tanto desafio e pobreza\u201d, disse Kim, acrescentando que ele quer \u201cuma pol\u00edtica que possa unir as pessoas\u201d. <\/p>\n<p class=\"article__paragraph article__paragraph--left\" id=\"N3YSIAB6XBAGFA43WT2BBDCXKA\">Antes de concorrer ao Congresso, Kim trabalhou para democratas e republicanos, servindo na Ag\u00eancia dos Estados Unidos para o Desenvolvimento Internacional, no Pent\u00e1gono, no Departamento de Estado, no Conselho de Seguran\u00e7a Nacional da Casa Branca e como conselheiro estrat\u00e9gico civil de generais no Afeganist\u00e3o.<\/p>\n<p class=\"article__paragraph article__paragraph--left\" id=\"BOX52QMCTNHLZAIRDYIMIXG26A\">Apesar de toda essa experi\u00eancia, Kim expressou um sentimento de admira\u00e7\u00e3o ao participar de sua primeira conven\u00e7\u00e3o. <\/p>\n<p class=\"article__paragraph article__paragraph--left\" id=\"23QFAOYEKNBSBMBI3PT4B32GVI\">\u201c\u00c9 realmente diferente de tudo que eu poderia ter imaginado\u201d, ele disse. \u201cVoc\u00ea v\u00ea na TV, mas n\u00e3o se conecta muito bem com a sensa\u00e7\u00e3o real de estar na sala.\u201d <\/p>\n<p class=\"article__paragraph article__paragraph--left\" id=\"L7MZCOFIBRHYLNYSLQPXLL7ZJI\"><i>Adyana Trudel<\/i> <i>\u00e9 aluno da Escola de Comunica\u00e7\u00e3o P\u00fablica SI Newhouse da Universidade de Syracuse.<\/i><\/p>\n<figure class=\"article__image\">\n<div class=\"article__image-wrapper\"><picture><source media=\"(max-width: 500px)\" srcset=\"https:\/\/www.nj.com\/resizer\/v2\/4SBSKHXDUFCF5LIYUDYXQ4ARF4.jpeg?auth=e90d78f7d50263256cf4085ea4fa487023bcf3a594518742945648e01cbc71c2&#038;width=500&#038;quality=90 500w\"\/><source media=\"(max-width: 800px)\" srcset=\"https:\/\/www.nj.com\/resizer\/v2\/4SBSKHXDUFCF5LIYUDYXQ4ARF4.jpeg?auth=e90d78f7d50263256cf4085ea4fa487023bcf3a594518742945648e01cbc71c2&#038;width=800&#038;quality=90 800w\"\/><source srcset=\"https:\/\/www.nj.com\/resizer\/v2\/4SBSKHXDUFCF5LIYUDYXQ4ARF4.jpeg?auth=e90d78f7d50263256cf4085ea4fa487023bcf3a594518742945648e01cbc71c2&#038;width=1280&#038;quality=90 1280w\"\/><\/picture><figcaption class=\"article__image-caption\">\n<p class=\"article__mm-image-caption-text\">O deputado Andy Kim, DN.J., do lado de fora do evento Asian American Pacific Islander Caucus na Conven\u00e7\u00e3o Nacional Democrata em Chicago em 21 de agosto de 2024.<span class=\"article__mm-image-credit\">Adyana Trudel<\/span><\/p>\n<\/figcaption><\/div>\n<\/figure>\n<\/div>\n<p><br \/>\n<br \/><a href=\"https:\/\/www.nj.com\/politics\/2024\/08\/after-groundbreaking-dnc-nj-senate-candidate-hopes-to-make-history-of-his-own.html\">Source link <\/a><\/p>","protected":false},"excerpt":{"rendered":"<p>Apesar de estar na pol\u00edtica h\u00e1 muitos anos, esta \u00e9 a primeira vez que o deputado dos EUA&#8230; Andy Kim foi a uma Conven\u00e7\u00e3o Nacional Democrata. E \u00e9 uma conven\u00e7\u00e3o&hellip;<\/p>","protected":false},"author":1,"featured_media":27479,"comment_status":"closed","ping_status":"open","sticky":false,"template":"","format":"standard","meta":{"content-type":"","footnotes":""},"categories":[1],"tags":[],"class_list":["post-27478","post","type-post","status-publish","format-standard","has-post-thumbnail","hentry","category-uncategorized"],"_links":{"self":[{"href":"https:\/\/tvbrazilusa.com\/pt\/wp-json\/wp\/v2\/posts\/27478","targetHints":{"allow":["GET"]}}],"collection":[{"href":"https:\/\/tvbrazilusa.com\/pt\/wp-json\/wp\/v2\/posts"}],"about":[{"href":"https:\/\/tvbrazilusa.com\/pt\/wp-json\/wp\/v2\/types\/post"}],"author":[{"embeddable":true,"href":"https:\/\/tvbrazilusa.com\/pt\/wp-json\/wp\/v2\/users\/1"}],"replies":[{"embeddable":true,"href":"https:\/\/tvbrazilusa.com\/pt\/wp-json\/wp\/v2\/comments?post=27478"}],"version-history":[{"count":1,"href":"https:\/\/tvbrazilusa.com\/pt\/wp-json\/wp\/v2\/posts\/27478\/revisions"}],"predecessor-version":[{"id":27480,"href":"https:\/\/tvbrazilusa.com\/pt\/wp-json\/wp\/v2\/posts\/27478\/revisions\/27480"}],"wp:featuredmedia":[{"embeddable":true,"href":"https:\/\/tvbrazilusa.com\/pt\/wp-json\/wp\/v2\/media\/27479"}],"wp:attachment":[{"href":"https:\/\/tvbrazilusa.com\/pt\/wp-json\/wp\/v2\/media?parent=27478"}],"wp:term":[{"taxonomy":"category","embeddable":true,"href":"https:\/\/tvbrazilusa.com\/pt\/wp-json\/wp\/v2\/categories?post=27478"},{"taxonomy":"post_tag","embeddable":true,"href":"https:\/\/tvbrazilusa.com\/pt\/wp-json\/wp\/v2\/tags?post=27478"}],"curies":[{"name":"wp","href":"https:\/\/api.w.org\/{rel}","templated":true}]}}