{"id":27519,"date":"2024-08-22T21:56:04","date_gmt":"2024-08-22T21:56:04","guid":{"rendered":"https:\/\/tvbrazilusa.com\/2024\/08\/22\/terance-mann-da-nba-trouxe-seu-senso-de-moda-e-basquete-para-sua-cidade-natal-lowell\/"},"modified":"2024-08-22T22:04:55","modified_gmt":"2024-08-22T22:04:55","slug":"terance-mann-da-nba-trouxe-seu-senso-de-moda-e-basquete-para-sua-cidade-natal-lowell","status":"publish","type":"post","link":"https:\/\/tvbrazilusa.com\/pt\/2024\/08\/22\/terance-mann-da-nba-trouxe-seu-senso-de-moda-e-basquete-para-sua-cidade-natal-lowell\/","title":{"rendered":"Terance Mann, da NBA, trouxe seu senso de moda (e basquete) para sua cidade natal, Lowell"},"content":{"rendered":"<p> <script async src=\"https:\/\/pagead2.googlesyndication.com\/pagead\/js\/adsbygoogle.js?client=ca-pub-8864793242727901\"\r\n     crossorigin=\"anonymous\"><\/script><br \/>\n<\/p>\n<div id=\"\">\n<header class=\"m-article-header m-article-header--standard\">\n\t\t\t\t\t\t\t\t\t\t\t\t<span id=\"article-header-primary-term\"><br \/>\n\t\t\t\t\t\t\t\t<a class=\"a-term a-term--primary\" href=\"https:\/\/www.boston.com\/tag\/local-news\/\"><\/p>\n<p>\t\t\t\t\t\t\t\tNot\u00edcias locais\t\t\t\t\t\t\t\t<\/a><br \/>\n\t\t\t\t\t\t\t<\/span><\/p>\n<h2 class=\"m-article-header__sub-headline\">\u201cH\u00e1 muito talento aqui, ent\u00e3o estou animado para traz\u00ea-lo \u00e0 tona.\u201d<\/h2>\n<figure class=\"a-photo m-article-header__photo\"><figcaption class=\"a-photo__caption\">\n<p>\tTerance Mann, do Los Angeles Clippers, tenta fazer um passe durante uma partida contra o Dallas Mavericks.<em> AP Photo \/ Tony Gutierrez<\/em>\t<\/figcaption><\/figure>\n<\/header>\n<p>L\u00e1 fora, \u00e9 uma noite de quinta-feira aparentemente tranquila em Lowell. Um carro ocasional passa lentamente, e o ar est\u00e1 \u00famido e sonolento de uma chuva torrencial que acabou de terminar.<\/p>\n<p>Mas dentro do Lowell Memorial Auditorium, os bastidores est\u00e3o longe de ser mon\u00f3tonos.<\/p>\n<p>O espa\u00e7o est\u00e1 agitado com atividade, dezenas de pessoas correndo para os preparativos de \u00faltima hora para o in\u00edcio iminente de um desfile de moda. Alguns correm segurando montes de roupas nos bra\u00e7os, outros carregam equipamentos caros de c\u00e2mera nos ombros. Enquanto a m\u00fasica explode nos alto-falantes, um zumbido de antecipa\u00e7\u00e3o enche o ar. H\u00e1 modelos, maquiadores, fot\u00f3grafos, designers e, no centro de tudo, um <a href=\"https:\/\/www.boston.com\/tag\/nba\/\">NBA<\/a> jogador?<\/p>\n<p>Vestido com um moletom Skechers sem mangas, Terance Mann est\u00e1 com luzes e c\u00e2meras apontadas para ele. Ele \u00e9 um <a href=\"https:\/\/www.boston.com\/sports\/nba\/2021\/06\/19\/lowell-terance-mann-clippers-first-conference-finals\/\">guarda do LA Clippers<\/a>e a funda\u00e7\u00e3o de Mann \u2014 a \u201c<a href=\"https:\/\/hoo.be\/terancemanncpf\">Terance Mann Complete Player Foundation<\/a>\u201d \u2014 organizou e levou toda essa produ\u00e7\u00e3o para Lowell, cidade natal do atleta.<\/p>\n<p>A funda\u00e7\u00e3o vem sediando uma s\u00e9rie de eventos de caridade na semana passada, de um torneio de basquete a uma campanha de mochilas e muito mais. Mas o programa come\u00e7ou em 15 de agosto com o desfile de moda &#8216;No Limits&#8217;, destacando estudantes locais da Lasell University.<\/p>\n<p>Os tr\u00eas principais designers do desfile de moda foram Taylor Lane e Lauren Swift, que se formaram na Lasell na primavera passada, e Hazel Nichol, uma veterana em ascens\u00e3o. Uma delas seria selecionada para criar uma pe\u00e7a que Mann usar\u00e1 no t\u00fanel durante a pr\u00f3xima temporada da NBA.<\/p>\n<p>\u201cA moda \u00e9 importante na minha vida\u201d, disse Mann, que falou com <a href=\"https:\/\/www.esquire.com\/style\/mens-fashion\/a46075109\/terance-mann-nba-los-angeles-clippers-five-fits-with\/\">Escudeiro<\/a> em dezembro para discutir seu interesse em roupas, sua carreira no basquete e suas opini\u00f5es sobre estilo em diferentes partes do pa\u00eds, incluindo Boston. \u201cQuando todo mundo me v\u00ea agora, eles meio que olham para mim tipo, o que ele est\u00e1 vestindo? Ent\u00e3o eu me sinto como se fosse um outdoor ambulante quase metade do tempo.\u201d<\/p>\n<figure class=\"wp-block-image size-full\"><img loading=\"lazy\" decoding=\"async\" width=\"2560\" height=\"1963\" src=\"https:\/\/bdc2020.o0bc.com\/wp-content\/uploads\/2024\/08\/CK_IMG_8284-1-66c7626f59781-scaled.jpg\" alt=\"\" class=\"wp-image-31378137\" srcset=\"https:\/\/bdc2020.o0bc.com\/wp-content\/uploads\/2024\/08\/CK_IMG_8284-1-66c7626f59781-scaled.jpg?width=200 200w, https:\/\/bdc2020.o0bc.com\/wp-content\/uploads\/2024\/08\/CK_IMG_8284-1-66c7626f59781-scaled.jpg?width=300 300w, https:\/\/bdc2020.o0bc.com\/wp-content\/uploads\/2024\/08\/CK_IMG_8284-1-66c7626f59781-scaled.jpg?width=400 400w, https:\/\/bdc2020.o0bc.com\/wp-content\/uploads\/2024\/08\/CK_IMG_8284-1-66c7626f59781-scaled.jpg?width=500 500w, https:\/\/bdc2020.o0bc.com\/wp-content\/uploads\/2024\/08\/CK_IMG_8284-1-66c7626f59781-scaled.jpg?width=600 600w, https:\/\/bdc2020.o0bc.com\/wp-content\/uploads\/2024\/08\/CK_IMG_8284-1-66c7626f59781-scaled.jpg?width=700 700w, https:\/\/bdc2020.o0bc.com\/wp-content\/uploads\/2024\/08\/CK_IMG_8284-1-66c7626f59781-scaled.jpg?width=800 800w, https:\/\/bdc2020.o0bc.com\/wp-content\/uploads\/2024\/08\/CK_IMG_8284-1-66c7626f59781-scaled.jpg?width=900 900w\" sizes=\"auto, (max-width: 2560px) 100vw, 2560px\"\/><figcaption class=\"wp-element-caption\">Uma pe\u00e7a criada por Lauren Swift, formada em Lasell em 2024. <em>Foto cortesia da Universidade Lasell<\/em><\/figcaption><\/figure>\n<p>A parceria da funda\u00e7\u00e3o com Lasell come\u00e7ou meses atr\u00e1s, quando um amigo em comum apresentou a diretora executiva \u2014 e m\u00e3e de Terance \u2014 Daynia La-Force \u00e0 administra\u00e7\u00e3o do programa. Em abril, La-Force e sua equipe compareceram ao desfile anual de moda da universidade, Runway. Eles chegaram &#8220;muito s\u00e9rios com seus blocos de notas&#8221; e sentaram-se na primeira fila, observando designers estudantes que criaram pe\u00e7as vers\u00e1teis que pareciam combinar melhor com seu tema, disse Ken Calhoun, reitor assistente da Lasell School of Fashion.<\/p>\n<blockquote class=\"instagram-media\" data-instgrm-captioned=\"\" data-instgrm-permalink=\"https:\/\/www.instagram.com\/p\/C-yxRYSu5iH\/?utm_source=ig_embed&#038;utm_campaign=loading\" data-instgrm-version=\"14\" style=\" background:#FFF; border:0; border-radius:3px; box-shadow:0 0 1px 0 rgba(0,0,0,0.5),0 1px 10px 0 rgba(0,0,0,0.15); margin: 1px; max-width:540px; min-width:326px; padding:0; width:99.375%; width:-webkit-calc(100% - 2px); width:calc(100% - 2px);\"\/>\n<p>Foi dif\u00edcil escolher apenas tr\u00eas para participar do desfile de moda, disse La-Force, ent\u00e3o eles acabaram selecionando mais 10 alunos para as instala\u00e7\u00f5es.<\/p>\n<p>\u201cH\u00e1 muito talento aqui, ent\u00e3o estou animado para trazer isso \u00e0 tona e dar vida a isso\u201d, disse Mann, que, hoje mais cedo, <a href=\"https:\/\/www.instagram.com\/p\/C--al4FJ-Ez\/?hl=en\">anunciou Lauren Swift<\/a> como o vencedor.<\/p>\n<p>\u201cEstou muito animada para aprender mais sobre ele e seu senso de moda\u201d, disse Swift.<\/p>\n<p>Sua cole\u00e7\u00e3o, que foi amplamente influenciada por sua viagem a Paris, consistia em pe\u00e7as que podiam ser misturadas, combinadas e reusadas de v\u00e1rias maneiras, ela disse. Mann gostou de seus designs e se conectou com seu estilo.<\/p>\n<p>\u201cEsta \u00e9 uma oportunidade para os alunos n\u00e3o apenas mostrarem seu trabalho e serem designers de moda, mas tamb\u00e9m serem imersos em uma cultura que quer retribuir\u201d, disse Calhoun. \u201cA li\u00e7\u00e3o aqui n\u00e3o \u00e9 apenas, &#8216;celebridade est\u00e1 ajudando os alunos a atingirem um n\u00edvel de visibilidade que eles querem.&#8217; \u00c9 tamb\u00e9m que aqui est\u00e1 uma pessoa que est\u00e1 gastando sua energia, tempo, dinheiro, aten\u00e7\u00e3o em ajudar os outros.\u201d<\/p>\n<figure class=\"wp-block-image size-full\"><img loading=\"lazy\" decoding=\"async\" width=\"1920\" height=\"1080\" src=\"https:\/\/bdc2020.o0bc.com\/wp-content\/uploads\/2024\/08\/Lauren-Swift_1-66c76343ed1b9.jpg\" alt=\"\" class=\"wp-image-31378227\" srcset=\"https:\/\/bdc2020.o0bc.com\/wp-content\/uploads\/2024\/08\/Lauren-Swift_1-66c76343ed1b9.jpg?width=200 200w, https:\/\/bdc2020.o0bc.com\/wp-content\/uploads\/2024\/08\/Lauren-Swift_1-66c76343ed1b9.jpg?width=300 300w, https:\/\/bdc2020.o0bc.com\/wp-content\/uploads\/2024\/08\/Lauren-Swift_1-66c76343ed1b9.jpg?width=400 400w, https:\/\/bdc2020.o0bc.com\/wp-content\/uploads\/2024\/08\/Lauren-Swift_1-66c76343ed1b9.jpg?width=500 500w, https:\/\/bdc2020.o0bc.com\/wp-content\/uploads\/2024\/08\/Lauren-Swift_1-66c76343ed1b9.jpg?width=600 600w, https:\/\/bdc2020.o0bc.com\/wp-content\/uploads\/2024\/08\/Lauren-Swift_1-66c76343ed1b9.jpg?width=700 700w, https:\/\/bdc2020.o0bc.com\/wp-content\/uploads\/2024\/08\/Lauren-Swift_1-66c76343ed1b9.jpg?width=800 800w, https:\/\/bdc2020.o0bc.com\/wp-content\/uploads\/2024\/08\/Lauren-Swift_1-66c76343ed1b9.jpg?width=900 900w\" sizes=\"auto, (max-width: 1920px) 100vw, 1920px\"\/><figcaption class=\"wp-element-caption\">A designer Lauren Swift na passarela. <em>Foto cortesia da Universidade Lasell<\/em><\/figcaption><\/figure>\n<p>Meses de prepara\u00e7\u00e3o foram dedicados ao show. Isso incluiu garantir um local, contratar modelos, encontrar pessoal para regular as opera\u00e7\u00f5es de bastidores e muito mais, disse Darran Matthews da ADMP Events em LA, que ajudou a organizar o desfile de moda. Mas foi incr\u00edvel ver a vis\u00e3o deles finalmente ganhar vida.<\/p>\n<p>\u201cSim, ele \u00e9 um LA Clipper\u201d, disse Matthews. \u201cMas \u00e9 aqui que ele foi criado, ent\u00e3o \u00e9 aqui que seu cora\u00e7\u00e3o est\u00e1.\u201d<\/p>\n<p>O programa da funda\u00e7\u00e3o continuou nos pr\u00f3ximos dias. De 16 a 18 de agosto, eles sediaram o Billy G Classic, um torneio de basquete com um pr\u00eamio em dinheiro de $ 20.000 em homenagem a Billy Gilmore, que era diretor do Boys &#038; Girls Club local e mentor de Mann. No torneio, eles realizaram uma campanha de mochilas e doaram materiais escolares para alunos locais. Eles tamb\u00e9m realizaram um acampamento de basquete de 19 a 22 de agosto no Mill Works em Westford, com uma feira acad\u00eamica na quarta-feira, onde as fam\u00edlias puderam se encontrar e falar com mais de 60 escolas preparat\u00f3rias.<\/p>\n<figure class=\"wp-block-image size-full\"><img loading=\"lazy\" decoding=\"async\" width=\"2048\" height=\"1536\" src=\"https:\/\/bdc2020.o0bc.com\/wp-content\/uploads\/2024\/08\/Terancemanncamp-66c763877b6b5.jpg\" alt=\"\" class=\"wp-image-31378250\" srcset=\"https:\/\/bdc2020.o0bc.com\/wp-content\/uploads\/2024\/08\/Terancemanncamp-66c763877b6b5.jpg?width=200 200w, https:\/\/bdc2020.o0bc.com\/wp-content\/uploads\/2024\/08\/Terancemanncamp-66c763877b6b5.jpg?width=300 300w, https:\/\/bdc2020.o0bc.com\/wp-content\/uploads\/2024\/08\/Terancemanncamp-66c763877b6b5.jpg?width=400 400w, https:\/\/bdc2020.o0bc.com\/wp-content\/uploads\/2024\/08\/Terancemanncamp-66c763877b6b5.jpg?width=500 500w, https:\/\/bdc2020.o0bc.com\/wp-content\/uploads\/2024\/08\/Terancemanncamp-66c763877b6b5.jpg?width=600 600w, https:\/\/bdc2020.o0bc.com\/wp-content\/uploads\/2024\/08\/Terancemanncamp-66c763877b6b5.jpg?width=700 700w, https:\/\/bdc2020.o0bc.com\/wp-content\/uploads\/2024\/08\/Terancemanncamp-66c763877b6b5.jpg?width=800 800w, https:\/\/bdc2020.o0bc.com\/wp-content\/uploads\/2024\/08\/Terancemanncamp-66c763877b6b5.jpg?width=900 900w\" sizes=\"auto, (max-width: 2048px) 100vw, 2048px\"\/><figcaption class=\"wp-element-caption\">Terance Mann em um acampamento de basquete. <em>Foto cortesia da Terance Mann Complete Player Foundation<\/em><\/figcaption><\/figure>\n<p>Mann recentemente se tornou um embaixador da marca Skechers, que doou 175 pares de t\u00eanis de basquete Skechers, camisetas de marca, pinnies personalizados e uniformes para apoiar o programa de uma semana da funda\u00e7\u00e3o. Mann \u00e9 o primeiro jogador da NBA a estrear sua linha de t\u00eanis de basquete.<\/p>\n<p>O <a href=\"https:\/\/tmcpf.org\/\">Terance Mann Complete Player Foundation<\/a> visa ajudar comunidades carentes em todo o pa\u00eds, particularmente estudantes de minorias, a acessar oportunidades acad\u00eamicas. Em parceria com a organiza\u00e7\u00e3o educacional Inspiring Young Minds para ajudar a colocar estudantes de minorias no sistema de escolas preparat\u00f3rias, eles oferecem ajuda com inscri\u00e7\u00f5es e reda\u00e7\u00f5es, o exame de admiss\u00e3o SSAT e financiamento para mensalidades.<\/p>\n<p>\u201cQueremos apenas dar \u00e0s crian\u00e7as uma oportunidade de se envolverem em atividades positivas e evitar que tomem decis\u00f5es ruins e acabem nas ruas\u201d, disse La-Force.<\/p>\n<p>A funda\u00e7\u00e3o tamb\u00e9m enfatiza a import\u00e2ncia dos esportes, organizando acampamentos e cl\u00ednicas esportivas em todo o pa\u00eds, onde escolas preparat\u00f3rias tamb\u00e9m se re\u00fanem com as fam\u00edlias para promover seus programas exclusivos.<\/p>\n<p>\u201cOs esportes podem ser um ve\u00edculo muito importante para que as crian\u00e7as n\u00e3o apenas aprendam trabalho em equipe e resili\u00eancia, como falhar e se levantar, mas tamb\u00e9m ensin\u00e1-las a realmente aprimorar seus talentos e realmente se concentrar nas coisas importantes da vida\u201d, disse La-Force.<\/p>\n<p>No in\u00edcio deste ano, o armador do Clippers recebeu o pr\u00eamio NBA Cares Award por seu trabalho em mentoria juvenil. N\u00e3o foi um pr\u00eamio s\u00f3 para ele, disse Mann, mas tamb\u00e9m para sua m\u00e3e e todos nos bastidores que organizam os eventos da funda\u00e7\u00e3o.<\/p>\n<p>E agora, com esta plataforma, eles querem retribuir \u00e0 comunidade de Lowell.<\/p>\n<p>\u201cRealmente foi preciso uma aldeia para me ajudar a criar Martin e Terance\u201d, disse La-Force sobre seus filhos. Como ex-t\u00e9cnica de basquete da Divis\u00e3o I, seu trabalho exigia que ela viajasse com frequ\u00eancia enquanto seus filhos cresciam. Se n\u00e3o fosse pela comunidade de Lowell, com amigos que podiam busc\u00e1-los na escola e nos treinos ou lev\u00e1-los aos jogos nos fins de semana, disse La-Force, \u201cmeus meninos n\u00e3o estariam onde est\u00e3o hoje\u201d.<\/p>\n<p>\u00c9 por isso que \u00e9 t\u00e3o importante para ele retribuir \u00e0 comunidade, disse Mann, que queria come\u00e7ar esta funda\u00e7\u00e3o desde que estava no ensino m\u00e9dio. Ao longo dos anos, ele manteve amizades pr\u00f3ximas com aqueles que o ajudaram quando crian\u00e7a, e apontou um homem por tr\u00e1s das c\u00e2meras que ele conhece desde os 12 ou 13 anos de idade.<\/p>\n<p>\u201cQueremos ter certeza de que faremos o mesmo pelos outros\u201d, disse La-Force. \u201c\u00c9 muito, muito importante quando voc\u00ea chega a esse n\u00edvel de vida que voc\u00ea estenda a m\u00e3o e apoie aqueles que est\u00e3o vindo atr\u00e1s de voc\u00ea.\u201d<\/p>\n<div class=\"m-block m-generic-cta\t m-generic-cta--post-content\t m-generic-cta--dark\t m-generic-cta--homepage\t m-generic-cta--email-signup\t\t m-generic-cta-block-style--default \tt-amp__generic-cta\"><\/p>\n<div class=\"m-generic-cta__wrap\">\n<div class=\"m-generic-cta__content\">\n<h3 class=\"m-generic-cta__title\">Receba as \u00faltimas not\u00edcias esportivas de Boston<\/h3>\n<p class=\"m-generic-cta__subtitle\">Receba atualiza\u00e7\u00f5es sobre seus times favoritos de Boston, diretamente da nossa reda\u00e7\u00e3o para sua caixa de entrada.<\/p>\n<\/p><\/div>\n<\/p><\/div>\n<\/div><\/div>\n<p><script>\n\t\tvar consent=\"grant\";\n\t\t\/* The above code is parsing the JSON data from the local storage and storing it in a variable. *\/\n\t\t\t\t\tconst onetrustStorageConsent = JSON.parse(localStorage.getItem( 'consent_one_trust_bdc' ) );\n\t\t\tif ( ( onetrustStorageConsent !== null ) ) {\n\t\t\t\t\/* Checking to see if the user has consented to the use of cookies.\n\t\t\t\t* If they have not, it is deleting the cookie.\n\t\t\t\t* This will comment for now, until further notice.\n\t\t\t\t*\/\n\t\t\t\t\/\/if ( onetrustStorageConsent.C0002 === false ) {\n\t\t\t\t\/\/\tdocument.cookie=\"_fbp=;expires=Thu, 01 Jan 2010 00:00:00 UTC; path=\/; domain=.boston.com\";\n\t\t\t\t\/\/}\n\t\t\t\t\/* Checking if the user has given consent for the cookie C0002.\n\t\t\t\t* If the user has given consent, the variable consent will be set to 'grant'.\n\t\t\t\t* If the user has not given consent,the variable consent will be set to 'revoke'.\n\t\t\t\t* Documentation https:\/\/developers.facebook.com\/docs\/meta-pixel\/implementation\/gdpr\n\t\t\t\t*\/\n\t\t\t\tif ( onetrustStorageConsent.C0002 !== true ) {\n\t\t\t\t\tconsent=\"revoke\";\n\t\t\t\t}\n\t\t\t}\n\t\t\t\t!function(f,b,e,v,n,t,s)\n\t\t{if(f.fbq)return;n=f.fbq=function(){n.callMethod?\n\t\tn.callMethod.apply(n,arguments):n.queue.push(arguments)};\n\t\tif(!f._fbq)f._fbq=n;n.push=n;n.loaded=!0;n.version='2.0';\n\t\tn.queue=[];t=b.createElement(e);t.async=!0;\n\t\tt.src=v;s=b.getElementsByTagName(e)[0];\n\t\ts.parentNode.insertBefore(t,s)}(window, document,'script',\n\t\t'https:\/\/connect.facebook.net\/en_US\/fbevents.js');\n\t\tfbq('consent', consent);\n\t\tfbq('init', '989222871864976');\n\t\tfbq('track', 'PageView');\n\t<\/script><script type=\"module\">\n\t\tvar consent=\"grant\";\n\t\t\/* The above code is parsing the JSON data from the local storage and storing it in a variable. *\/\n\t\t\tconst onetrustStorageConsent = JSON.parse(localStorage.getItem( 'consent_one_trust_bdc' ) );\n\t\t\t\/* Checking to see if the user has consented to the use of cookies.\n\t\t\t* If they have not, it is deleting the cookie.\n\t\t\t* This will comment for now, until further notice.\n\t\t\t*\/\n\t\t\t\/\/if ( onetrustStorageConsent.C0002 === false ) {\n\t\t\t\/\/\tdocument.cookie=\"_fbp=;expires=Thu, 01 Jan 2010 00:00:00 UTC; path=\/; domain=.boston.com\";\n\t\t\t\/\/}\n\t\t\t\/* Checking if the user has given consent for the cookie C0002.\n\t\t\t* If the user has given consent, the variable consent will be set to 'grant'.\n\t\t\t* If the user has not given consent,the variable consent will be set to 'revoke'.\n\t\t\t* Documentation https:\/\/developers.facebook.com\/docs\/meta-pixel\/implementation\/gdpr\n\t\t\t*\/\n\t\t\tif ( ( onetrustStorageConsent !== null ) && (onetrustStorageConsent.C0002 !== true ) ) {\n\t\t\t\tconsent=\"revoke\";\n\t\t\t}\n\t\t\t\t!function(f,b,e,v,n,t,s){if(f.fbq)return;n=f.fbq=function()\n\t\t{n.callMethod? n.callMethod.apply(n,arguments):n.queue.push(arguments)}\n\t\t;if(!f._fbq)f._fbq=n;\n\t\tn.push=n;n.loaded=!0;n.version='2.0';n.queue=[];t=b.createElement(e);t.async=!0;\n\t\tt.src=v;s=b.getElementsByTagName(e)[0];s.parentNode.insertBefore(t,s)}(window,\n\t\tdocument,'script','https:\/\/connect.facebook.net\/en_US\/fbevents.js');\n\t\tfbq('consent', consent);\n\t\tfbq('init', '813236348753005');\n\t\tfbq('track', \"PageView\");\n\t<\/script><script async src=\"\/\/www.instagram.com\/embed.js\"><\/script><br \/>\n<br \/><br \/>\n<br \/><a href=\"https:\/\/www.boston.com\/sports\/local-news\/2024\/08\/22\/terance-mann-foundation-fashion-show-lowell-clippers-nba\/\">Source link <\/a><\/p>","protected":false},"excerpt":{"rendered":"<p>Not\u00edcias locais \u201cH\u00e1 muito talento aqui, ent\u00e3o estou animado para traz\u00ea-lo \u00e0 tona.\u201d Terance Mann, do Los Angeles Clippers, tenta fazer um passe durante uma partida contra o Dallas Mavericks.&hellip;<\/p>","protected":false},"author":1,"featured_media":27520,"comment_status":"closed","ping_status":"open","sticky":false,"template":"","format":"standard","meta":{"content-type":"","footnotes":""},"categories":[1],"tags":[],"class_list":["post-27519","post","type-post","status-publish","format-standard","has-post-thumbnail","hentry","category-uncategorized"],"_links":{"self":[{"href":"https:\/\/tvbrazilusa.com\/pt\/wp-json\/wp\/v2\/posts\/27519","targetHints":{"allow":["GET"]}}],"collection":[{"href":"https:\/\/tvbrazilusa.com\/pt\/wp-json\/wp\/v2\/posts"}],"about":[{"href":"https:\/\/tvbrazilusa.com\/pt\/wp-json\/wp\/v2\/types\/post"}],"author":[{"embeddable":true,"href":"https:\/\/tvbrazilusa.com\/pt\/wp-json\/wp\/v2\/users\/1"}],"replies":[{"embeddable":true,"href":"https:\/\/tvbrazilusa.com\/pt\/wp-json\/wp\/v2\/comments?post=27519"}],"version-history":[{"count":1,"href":"https:\/\/tvbrazilusa.com\/pt\/wp-json\/wp\/v2\/posts\/27519\/revisions"}],"predecessor-version":[{"id":27521,"href":"https:\/\/tvbrazilusa.com\/pt\/wp-json\/wp\/v2\/posts\/27519\/revisions\/27521"}],"wp:featuredmedia":[{"embeddable":true,"href":"https:\/\/tvbrazilusa.com\/pt\/wp-json\/wp\/v2\/media\/27520"}],"wp:attachment":[{"href":"https:\/\/tvbrazilusa.com\/pt\/wp-json\/wp\/v2\/media?parent=27519"}],"wp:term":[{"taxonomy":"category","embeddable":true,"href":"https:\/\/tvbrazilusa.com\/pt\/wp-json\/wp\/v2\/categories?post=27519"},{"taxonomy":"post_tag","embeddable":true,"href":"https:\/\/tvbrazilusa.com\/pt\/wp-json\/wp\/v2\/tags?post=27519"}],"curies":[{"name":"wp","href":"https:\/\/api.w.org\/{rel}","templated":true}]}}