{"id":2752,"date":"2023-01-11T15:13:50","date_gmt":"2023-01-11T15:13:50","guid":{"rendered":"https:\/\/tvbrazilusa.com\/2023\/01\/11\/e-foi-assim-que-eu-cheguei-na-america\/"},"modified":"2023-01-11T15:13:50","modified_gmt":"2023-01-11T15:13:50","slug":"e-foi-assim-que-eu-cheguei-na-america","status":"publish","type":"post","link":"https:\/\/tvbrazilusa.com\/pt\/2023\/01\/11\/e-foi-assim-que-eu-cheguei-na-america\/","title":{"rendered":"E FOI ASSIM QUE EU CHEGUEI NA AMERICA &#8230;"},"content":{"rendered":"<p><iframe  width=\"580\" height=\"385\" src=\"https:\/\/www.youtube.com\/embed\/CHKtabxeKec?modestbranding=1\" frameborder=\"0\" allowfullscreen><\/iframe><br \/>\n<br \/>Renato Tex, conta da sua decis\u00e3o de imigrar pra os Estados Unidos, na d\u00e9cada de 90, e o que te fez trazer toda a fam\u00edlia pra os USA&#8230;<\/p>\n<p>__________________________________________________________________<br \/>\nNo Ar , O Fala Brazuca<br \/>\nO PodCast da Comunidade Brasileira , Gilson Trindade,<br \/>\nO Jornalista que trocou o Microfone pelo Martelo, recebe os Brasileiros que vieram para os Estados Unidos em busca do sonho Americano, num bate papo descontra\u00eddo e informativo.<br \/>\nSiga o @Fala.Brazuca no Instagram e Facebook e n\u00e3o deixe de se inscrever no canal do YouTube.<\/p>\n<p>Acesse nosso website: <\/p>\n<p>Nosso Instagram:<\/p>\n<p>Nossa p\u00e1gina no Facebook:<\/p>\n<p>FALA BRAZUCA<br \/>\nO Podcast da Comunidade Brasileira !<\/p>\n<p>O Fala Brazuca vai ao vivo tamb\u00e9m pelo canal da @tvfloridausa<br \/>\nAproveitem para se inscreverem e acompanhar a TV Brasileira nos Estados Unidos.<\/p>\n<p><a href=\"https:\/\/www.youtube.com\/watch?v=CHKtabxeKec\">source<\/a><\/p>","protected":false},"excerpt":{"rendered":"<p>Renato Tex, conta da sua decis\u00e3o de imigrar pra os Estados Unidos, na d\u00e9cada de 90, e o que te fez trazer toda a fam\u00edlia pra os USA&#8230; __________________________________________________________________ No&hellip;<\/p>","protected":false},"author":1,"featured_media":2753,"comment_status":"","ping_status":"open","sticky":false,"template":"","format":"standard","meta":{"content-type":"","footnotes":""},"categories":[17],"tags":[],"class_list":["post-2752","post","type-post","status-publish","format-standard","has-post-thumbnail","hentry","category-programas"],"_links":{"self":[{"href":"https:\/\/tvbrazilusa.com\/pt\/wp-json\/wp\/v2\/posts\/2752","targetHints":{"allow":["GET"]}}],"collection":[{"href":"https:\/\/tvbrazilusa.com\/pt\/wp-json\/wp\/v2\/posts"}],"about":[{"href":"https:\/\/tvbrazilusa.com\/pt\/wp-json\/wp\/v2\/types\/post"}],"author":[{"embeddable":true,"href":"https:\/\/tvbrazilusa.com\/pt\/wp-json\/wp\/v2\/users\/1"}],"replies":[{"embeddable":true,"href":"https:\/\/tvbrazilusa.com\/pt\/wp-json\/wp\/v2\/comments?post=2752"}],"version-history":[{"count":0,"href":"https:\/\/tvbrazilusa.com\/pt\/wp-json\/wp\/v2\/posts\/2752\/revisions"}],"wp:featuredmedia":[{"embeddable":true,"href":"https:\/\/tvbrazilusa.com\/pt\/wp-json\/wp\/v2\/media\/2753"}],"wp:attachment":[{"href":"https:\/\/tvbrazilusa.com\/pt\/wp-json\/wp\/v2\/media?parent=2752"}],"wp:term":[{"taxonomy":"category","embeddable":true,"href":"https:\/\/tvbrazilusa.com\/pt\/wp-json\/wp\/v2\/categories?post=2752"},{"taxonomy":"post_tag","embeddable":true,"href":"https:\/\/tvbrazilusa.com\/pt\/wp-json\/wp\/v2\/tags?post=2752"}],"curies":[{"name":"wp","href":"https:\/\/api.w.org\/{rel}","templated":true}]}}