{"id":27527,"date":"2024-08-22T22:09:02","date_gmt":"2024-08-22T22:09:02","guid":{"rendered":"https:\/\/tvbrazilusa.com\/2024\/08\/22\/mulher-e-acusada-de-agressao-e-violencia-fisica-apos-homem-sem-teto-de-new-bedford-supostamente-ser-morto-a-chutes\/"},"modified":"2024-08-22T22:16:43","modified_gmt":"2024-08-22T22:16:43","slug":"mulher-e-acusada-de-agressao-e-violencia-fisica-apos-homem-sem-teto-de-new-bedford-supostamente-ser-morto-a-chutes","status":"publish","type":"post","link":"https:\/\/tvbrazilusa.com\/pt\/2024\/08\/22\/mulher-e-acusada-de-agressao-e-violencia-fisica-apos-homem-sem-teto-de-new-bedford-supostamente-ser-morto-a-chutes\/","title":{"rendered":"Mulher \u00e9 acusada de agress\u00e3o e viol\u00eancia f\u00edsica ap\u00f3s homem sem-teto de New Bedford supostamente ser morto a chutes"},"content":{"rendered":"<p> <script async src=\"https:\/\/pagead2.googlesyndication.com\/pagead\/js\/adsbygoogle.js?client=ca-pub-8864793242727901\"\r\n     crossorigin=\"anonymous\"><\/script><br \/>\n<\/p>\n<div id=\"\">\n<header class=\"m-article-header m-article-header--standard\">\n\t\t\t\t\t\t\t\t\t\t\t\t<span id=\"article-header-primary-term\"><br \/>\n\t\t\t\t\t\t\t\t<a class=\"a-term a-term--primary\" href=\"https:\/\/www.boston.com\/tag\/local-news\/\"><\/p>\n<p>\t\t\t\t\t\t\t\tNot\u00edcias locais\t\t\t\t\t\t\t\t<\/a><br \/>\n\t\t\t\t\t\t\t<\/span><\/p>\n<h2 class=\"m-article-header__sub-headline\">Nina Busnengo, que estava dormindo em um lava-jato local, teria dito aos investigadores que chutou a v\u00edtima na cabe\u00e7a duas vezes quando a encontrou dormindo com seu cobertor.<\/h2>\n<figure class=\"a-photo m-article-header__photo\"><figcaption class=\"a-photo__caption\">\n\t<em> <\/em>\t<\/figcaption><\/figure>\n<\/header>\n<p>Horas antes de um homem morrer em New Bedford, uma mulher de Mattapoisett supostamente pisou em sua cabe\u00e7a repetidamente depois de encontr\u00e1-lo dormindo com um cobertor que ela havia deixado em um lava-jato em New Bedford na noite de segunda-feira, dizem os promotores.<\/p>\n<p>Stephen Oswald, 58, <a href=\"https:\/\/www.boston.com\/news\/crime\/2024\/08\/20\/man-found-dead-outside-new-bedford-supermarket-was-murdered-authorities-say\/\">morreu ter\u00e7a-feira<\/a> depois que a pol\u00edcia e os servi\u00e7os m\u00e9dicos de emerg\u00eancia responderam a um relato do homem ferido por volta das 3h40 da manh\u00e3 em frente \u00e0 Seabra Foods na Rockdale Avenue, de acordo com os registros do tribunal. Oswald teve uma lacera\u00e7\u00e3o na cabe\u00e7a; ele foi declarado morto 15 minutos depois.<\/p>\n<p>Nina Busnengo, 31, \u00e9 acusada de agress\u00e3o e agress\u00e3o com arma perigosa e roubo desarmado. Ela se declarou inocente na quarta-feira e foi detida sem fian\u00e7a na Bristol County House of Correction na quinta-feira, mostram os registros do tribunal.<\/p>\n<h2 class=\"wp-block-heading\" id=\"h-the-incident-on-monday-night\">O incidente na noite de segunda-feira<\/h2>\n<p>Os investigadores disseram que o incidente ocorreu atr\u00e1s de um lava-jato na esquina da Rockdale Avenue com a Orchard Street, em New Bedford, onde localizaram uma mancha vermelha perto de uma escada na parte externa de um pr\u00e9dio adjacente.<\/p>\n<p>Registros judiciais disseram que a pol\u00edcia encontrou um rastro de manchas vermelhas que levavam ao banco onde Oswald morreu.<\/p>\n<p>Uma testemunha disse \u00e0 pol\u00edcia que uma mulher mais tarde identificada como Busnengo teve uma discuss\u00e3o com Oswald pouco antes das 22h de segunda-feira \u00e0 noite. Ela foi localizada e interrogada pela pol\u00edcia, onde admitiu ter dormido no lava-jato, de acordo com uma queixa policial registrada no tribunal.<\/p>\n<p>Busnengo disse \u00e0 pol\u00edcia que havia deixado todos os seus pertences no lava-jato na segunda-feira e, quando voltou naquela noite, encontrou Oswald dormindo com seu cobertor. <\/p>\n<p>\u201cBusnengo declarou que chutou Oswald na cabe\u00e7a duas vezes, pegou o cobertor e foi embora. Mais tarde, Nina notou que havia sangue em seu corpo e retornou \u00e0 escada de inc\u00eandio e descobriu que Oswald n\u00e3o estava mais l\u00e1\u201d, diz a den\u00fancia policial.<\/p>\n<p>Ela ent\u00e3o o encontrou no banco do lado de fora da Seabra Foods e supostamente roubou seu celular para fazer uma liga\u00e7\u00e3o pedindo uma carona, Busnengo disse \u00e0 pol\u00edcia. <\/p>\n<p>Busnengo disse \u00e0 pol\u00edcia que o viu inconsciente com sangue nas m\u00e3os e no rosto, mas disse &#8220;que suas coisas n\u00e3o tinham nada a ver com o sangramento de Oswald e que ela n\u00e3o estava tentando matar ningu\u00e9m&#8221;, de acordo com o relat\u00f3rio policial.<\/p>\n<p>Busnengo comparecer\u00e1 ao tribunal na semana que vem. Um advogado dela se recusou a comentar o caso.<\/p>\n<div class=\"m-block m-generic-cta\t m-generic-cta--post-content\t m-generic-cta--dark\t m-generic-cta--homepage\t m-generic-cta--email-signup\t\t m-generic-cta-block-style--default \tt-amp__generic-cta\"><\/p>\n<div class=\"m-generic-cta__wrap\">\n<div class=\"m-generic-cta__content\">\n<h3 class=\"m-generic-cta__title\">Boston.com Hoje<\/h3>\n<p class=\"m-generic-cta__subtitle\">Inscreva-se para receber as \u00faltimas manchetes na sua caixa de entrada todas as manh\u00e3s.<\/p>\n<\/p><\/div>\n<\/p><\/div>\n<\/div><\/div>\n<p><script>\n\t\tvar consent=\"grant\";\n\t\t\/* The above code is parsing the JSON data from the local storage and storing it in a variable. *\/\n\t\t\t\t\tconst onetrustStorageConsent = JSON.parse(localStorage.getItem( 'consent_one_trust_bdc' ) );\n\t\t\tif ( ( onetrustStorageConsent !== null ) ) {\n\t\t\t\t\/* Checking to see if the user has consented to the use of cookies.\n\t\t\t\t* If they have not, it is deleting the cookie.\n\t\t\t\t* This will comment for now, until further notice.\n\t\t\t\t*\/\n\t\t\t\t\/\/if ( onetrustStorageConsent.C0002 === false ) {\n\t\t\t\t\/\/\tdocument.cookie=\"_fbp=;expires=Thu, 01 Jan 2010 00:00:00 UTC; path=\/; domain=.boston.com\";\n\t\t\t\t\/\/}\n\t\t\t\t\/* Checking if the user has given consent for the cookie C0002.\n\t\t\t\t* If the user has given consent, the variable consent will be set to 'grant'.\n\t\t\t\t* If the user has not given consent,the variable consent will be set to 'revoke'.\n\t\t\t\t* Documentation https:\/\/developers.facebook.com\/docs\/meta-pixel\/implementation\/gdpr\n\t\t\t\t*\/\n\t\t\t\tif ( onetrustStorageConsent.C0002 !== true ) {\n\t\t\t\t\tconsent=\"revoke\";\n\t\t\t\t}\n\t\t\t}\n\t\t\t\t!function(f,b,e,v,n,t,s)\n\t\t{if(f.fbq)return;n=f.fbq=function(){n.callMethod?\n\t\tn.callMethod.apply(n,arguments):n.queue.push(arguments)};\n\t\tif(!f._fbq)f._fbq=n;n.push=n;n.loaded=!0;n.version='2.0';\n\t\tn.queue=[];t=b.createElement(e);t.async=!0;\n\t\tt.src=v;s=b.getElementsByTagName(e)[0];\n\t\ts.parentNode.insertBefore(t,s)}(window, document,'script',\n\t\t'https:\/\/connect.facebook.net\/en_US\/fbevents.js');\n\t\tfbq('consent', consent);\n\t\tfbq('init', '989222871864976');\n\t\tfbq('track', 'PageView');\n\t<\/script><script type=\"module\">\n\t\tvar consent=\"grant\";\n\t\t\/* The above code is parsing the JSON data from the local storage and storing it in a variable. *\/\n\t\t\tconst onetrustStorageConsent = JSON.parse(localStorage.getItem( 'consent_one_trust_bdc' ) );\n\t\t\t\/* Checking to see if the user has consented to the use of cookies.\n\t\t\t* If they have not, it is deleting the cookie.\n\t\t\t* This will comment for now, until further notice.\n\t\t\t*\/\n\t\t\t\/\/if ( onetrustStorageConsent.C0002 === false ) {\n\t\t\t\/\/\tdocument.cookie=\"_fbp=;expires=Thu, 01 Jan 2010 00:00:00 UTC; path=\/; domain=.boston.com\";\n\t\t\t\/\/}\n\t\t\t\/* Checking if the user has given consent for the cookie C0002.\n\t\t\t* If the user has given consent, the variable consent will be set to 'grant'.\n\t\t\t* If the user has not given consent,the variable consent will be set to 'revoke'.\n\t\t\t* Documentation https:\/\/developers.facebook.com\/docs\/meta-pixel\/implementation\/gdpr\n\t\t\t*\/\n\t\t\tif ( ( onetrustStorageConsent !== null ) && (onetrustStorageConsent.C0002 !== true ) ) {\n\t\t\t\tconsent=\"revoke\";\n\t\t\t}\n\t\t\t\t!function(f,b,e,v,n,t,s){if(f.fbq)return;n=f.fbq=function()\n\t\t{n.callMethod? n.callMethod.apply(n,arguments):n.queue.push(arguments)}\n\t\t;if(!f._fbq)f._fbq=n;\n\t\tn.push=n;n.loaded=!0;n.version='2.0';n.queue=[];t=b.createElement(e);t.async=!0;\n\t\tt.src=v;s=b.getElementsByTagName(e)[0];s.parentNode.insertBefore(t,s)}(window,\n\t\tdocument,'script','https:\/\/connect.facebook.net\/en_US\/fbevents.js');\n\t\tfbq('consent', consent);\n\t\tfbq('init', '813236348753005');\n\t\tfbq('track', \"PageView\");\n\t<\/script><br \/>\n<br \/><br \/>\n<br \/><a href=\"https:\/\/www.boston.com\/news\/local-news\/2024\/08\/22\/woman-charged-with-assault-and-battery-after-new-bedford-homeless-man-allegedly-kicked-to-death\/\">Source link <\/a><\/p>","protected":false},"excerpt":{"rendered":"<p>Not\u00edcias locais Nina Busnengo, que estava dormindo em um lava-jato local, teria dito aos investigadores que chutou a v\u00edtima na cabe\u00e7a duas vezes quando a encontrou dormindo com seu cobertor.&hellip;<\/p>","protected":false},"author":1,"featured_media":7825,"comment_status":"closed","ping_status":"open","sticky":false,"template":"","format":"standard","meta":{"content-type":"","footnotes":""},"categories":[1],"tags":[],"class_list":["post-27527","post","type-post","status-publish","format-standard","has-post-thumbnail","hentry","category-uncategorized"],"_links":{"self":[{"href":"https:\/\/tvbrazilusa.com\/pt\/wp-json\/wp\/v2\/posts\/27527","targetHints":{"allow":["GET"]}}],"collection":[{"href":"https:\/\/tvbrazilusa.com\/pt\/wp-json\/wp\/v2\/posts"}],"about":[{"href":"https:\/\/tvbrazilusa.com\/pt\/wp-json\/wp\/v2\/types\/post"}],"author":[{"embeddable":true,"href":"https:\/\/tvbrazilusa.com\/pt\/wp-json\/wp\/v2\/users\/1"}],"replies":[{"embeddable":true,"href":"https:\/\/tvbrazilusa.com\/pt\/wp-json\/wp\/v2\/comments?post=27527"}],"version-history":[{"count":1,"href":"https:\/\/tvbrazilusa.com\/pt\/wp-json\/wp\/v2\/posts\/27527\/revisions"}],"predecessor-version":[{"id":27528,"href":"https:\/\/tvbrazilusa.com\/pt\/wp-json\/wp\/v2\/posts\/27527\/revisions\/27528"}],"wp:featuredmedia":[{"embeddable":true,"href":"https:\/\/tvbrazilusa.com\/pt\/wp-json\/wp\/v2\/media\/7825"}],"wp:attachment":[{"href":"https:\/\/tvbrazilusa.com\/pt\/wp-json\/wp\/v2\/media?parent=27527"}],"wp:term":[{"taxonomy":"category","embeddable":true,"href":"https:\/\/tvbrazilusa.com\/pt\/wp-json\/wp\/v2\/categories?post=27527"},{"taxonomy":"post_tag","embeddable":true,"href":"https:\/\/tvbrazilusa.com\/pt\/wp-json\/wp\/v2\/tags?post=27527"}],"curies":[{"name":"wp","href":"https:\/\/api.w.org\/{rel}","templated":true}]}}