{"id":27603,"date":"2024-08-23T01:57:13","date_gmt":"2024-08-23T01:57:13","guid":{"rendered":"https:\/\/tvbrazilusa.com\/2024\/08\/23\/drew-bledsoe-critica-tom-brady-enquanto-fala-sobre-a-carreira-de-transmissao-do-ex-companheiro-de-equipe\/"},"modified":"2024-08-23T04:34:48","modified_gmt":"2024-08-23T04:34:48","slug":"drew-bledsoe-critica-tom-brady-enquanto-fala-sobre-a-carreira-de-transmissao-do-ex-companheiro-de-equipe","status":"publish","type":"post","link":"https:\/\/tvbrazilusa.com\/pt\/2024\/08\/23\/drew-bledsoe-critica-tom-brady-enquanto-fala-sobre-a-carreira-de-transmissao-do-ex-companheiro-de-equipe\/","title":{"rendered":"Drew Bledsoe critica Tom Brady enquanto fala sobre a carreira de transmiss\u00e3o do ex-companheiro de equipe"},"content":{"rendered":"<p> <script async src=\"https:\/\/pagead2.googlesyndication.com\/pagead\/js\/adsbygoogle.js?client=ca-pub-8864793242727901\"\r\n     crossorigin=\"anonymous\"><\/script><br \/>\n<\/p>\n<div id=\"\">\n<header class=\"m-article-header m-article-header--standard\">\n\t\t\t\t\t\t\t\t\t\t\t\t<span id=\"article-header-primary-term\"><br \/>\n\t\t\t\t\t\t\t\t<a class=\"a-term a-term--primary\" href=\"https:\/\/www.boston.com\/tag\/new-england-patriots\/\"><\/p>\n<p>\t\t\t\t\t\t\t\tPatriotas\t\t\t\t\t\t\t\t<\/a><br \/>\n\t\t\t\t\t\t\t<\/span><\/p>\n<h2 class=\"m-article-header__sub-headline\">&#8220;Eu sei que Tommy vai trabalhar at\u00e9 a morte.&#8221;<\/h2>\n<figure class=\"a-photo m-article-header__photo\"><figcaption class=\"a-photo__caption\">\n<p>\tTom Brady e Drew Bledsoe est\u00e3o ligados para sempre na Nova Inglaterra. <em> Foto de Elsa\/Getty Images)<\/em>\t<\/figcaption><\/figure>\n<\/header>\n<p>Drew Bledsoe tem estado ocupado neste ver\u00e3o quando se trata de acertar jabs e destruir seu antigo companheiro de equipe dos Patriots, Tom Brady.<\/p>\n<p>O ex-zagueiro dos Patriots (que foi substitu\u00eddo por Brady como o chamador de sinais da Nova Inglaterra durante a temporada de 2001) tinha<a href=\"https:\/\/www.boston.com\/culture\/entertainment\/2024\/05\/06\/tom-brady-roast-netflix-best-jokes\/\" target=\"_blank\" rel=\"noreferrer noopener\"> muita divers\u00e3o \u00e0s custas de Brady durante o assado da Netflix deste \u00faltimo em maio <\/a>\u2014 enquanto tamb\u00e9m arrancava algumas risadas por chamar seu ex-companheiro de equipe de \u201cpior quarterback reserva da hist\u00f3ria da NFL\u201d <a href=\"https:\/\/www.bostonglobe.com\/2024\/06\/13\/sports\/tom-brady-patriots-hall-of-fame\/\" target=\"_blank\" rel=\"noreferrer noopener\">durante a introdu\u00e7\u00e3o de Brady no Hall da Fama dos Patriots em junho. <\/a><\/p>\n<figure class=\"wp-block-embed is-type-rich is-provider-twitter wp-block-embed-twitter\"\/>\n<p>Claro, as piadas de Bledose foram todas divertidas \u2014 com o ex-n\u00famero 1 geral mais uma vez provocando Brady durante uma entrevista no &#8220;Good Morning Football&#8221; da NFL Network na quarta-feira. <\/p>\n<p>\u201cEu sei que Tommy vai trabalhar duro\u201d, disse Bledsoe quando perguntado sobre o futuro papel de Brady como analista chefe da NFL na Fox durante as transmiss\u00f5es. \u201cEu vou ficar meio cansado da voz estridente dele, mas sei que ele vai fazer um \u00f3timo trabalho narrando o jogo.\u201d<\/p>\n<figure class=\"wp-block-embed is-type-rich is-provider-twitter wp-block-embed-twitter\"\/>\n<p>A essa altura, Bledsoe n\u00e3o \u00e9 estranho a fazer piadas sobre o jogador que o substituiu em Foxborough. Bledsoe, agora com 52 anos, foi questionado sobre participar do Brady&#8217;s Netflix roast, observando que ele n\u00e3o era o \u00fanico estressado com seu roteiro que levava ao especial.<\/p>\n<p>\u201cEssa foi provavelmente a primeira vez que estive t\u00e3o preparado publicamente, porque tive que passar por isso com minha esposa e meus filhos, porque eles estavam muito nervosos\u201d,<a target=\"_blank\" href=\"https:\/\/x.com\/gmfb\/status\/1826262521629888572\" rel=\"noreferrer noopener\"> Bledsoe disse<\/a>. \u201cMeus filhos me ligaram individualmente e disseram: &#8216;Tudo bem, pai, o que voc\u00ea vai dizer?&#8217; porque estavam muito nervosos. &#8216;Tudo o que ou\u00e7o de voc\u00ea s\u00e3o piadas ruins de pai e coisas super inapropriadas em momentos inapropriados.\u201d<\/p>\n<p>Brady come\u00e7ar\u00e1 oficialmente sua carreira de transmiss\u00e3o na Fox em 8 de setembro, quando o Dallas Cowboys abrir\u00e1 a temporada contra o Cleveland Browns. <\/p>\n<div class=\"m-block m-generic-cta\t m-generic-cta--post-content\t m-generic-cta--dark\t m-generic-cta--homepage\t m-generic-cta--email-signup\t\t m-generic-cta-block-style--default \tt-amp__generic-cta\"><\/p>\n<div class=\"m-generic-cta__wrap\">\n<div class=\"m-generic-cta__content\">\n<h3 class=\"m-generic-cta__title\">Inscreva-se para receber atualiza\u00e7\u00f5es dos Patriots\ud83c\udfc8<\/h3>\n<p class=\"m-generic-cta__subtitle\">Receba not\u00edcias de \u00faltima hora e an\u00e1lises na sua caixa de entrada durante a temporada de futebol.<\/p>\n<\/p><\/div>\n<\/p><\/div>\n<\/div><\/div>\n<p><script>\n\t\tvar consent=\"grant\";\n\t\t\/* The above code is parsing the JSON data from the local storage and storing it in a variable. *\/\n\t\t\t\t\tconst onetrustStorageConsent = JSON.parse(localStorage.getItem( 'consent_one_trust_bdc' ) );\n\t\t\tif ( ( onetrustStorageConsent !== null ) ) {\n\t\t\t\t\/* Checking to see if the user has consented to the use of cookies.\n\t\t\t\t* If they have not, it is deleting the cookie.\n\t\t\t\t* This will comment for now, until further notice.\n\t\t\t\t*\/\n\t\t\t\t\/\/if ( onetrustStorageConsent.C0002 === false ) {\n\t\t\t\t\/\/\tdocument.cookie=\"_fbp=;expires=Thu, 01 Jan 2010 00:00:00 UTC; path=\/; domain=.boston.com\";\n\t\t\t\t\/\/}\n\t\t\t\t\/* Checking if the user has given consent for the cookie C0002.\n\t\t\t\t* If the user has given consent, the variable consent will be set to 'grant'.\n\t\t\t\t* If the user has not given consent,the variable consent will be set to 'revoke'.\n\t\t\t\t* Documentation https:\/\/developers.facebook.com\/docs\/meta-pixel\/implementation\/gdpr\n\t\t\t\t*\/\n\t\t\t\tif ( onetrustStorageConsent.C0002 !== true ) {\n\t\t\t\t\tconsent=\"revoke\";\n\t\t\t\t}\n\t\t\t}\n\t\t\t\t!function(f,b,e,v,n,t,s)\n\t\t{if(f.fbq)return;n=f.fbq=function(){n.callMethod?\n\t\tn.callMethod.apply(n,arguments):n.queue.push(arguments)};\n\t\tif(!f._fbq)f._fbq=n;n.push=n;n.loaded=!0;n.version='2.0';\n\t\tn.queue=[];t=b.createElement(e);t.async=!0;\n\t\tt.src=v;s=b.getElementsByTagName(e)[0];\n\t\ts.parentNode.insertBefore(t,s)}(window, document,'script',\n\t\t'https:\/\/connect.facebook.net\/en_US\/fbevents.js');\n\t\tfbq('consent', consent);\n\t\tfbq('init', '989222871864976');\n\t\tfbq('track', 'PageView');\n\t<\/script><script type=\"module\">\n\t\tvar consent=\"grant\";\n\t\t\/* The above code is parsing the JSON data from the local storage and storing it in a variable. *\/\n\t\t\tconst onetrustStorageConsent = JSON.parse(localStorage.getItem( 'consent_one_trust_bdc' ) );\n\t\t\t\/* Checking to see if the user has consented to the use of cookies.\n\t\t\t* If they have not, it is deleting the cookie.\n\t\t\t* This will comment for now, until further notice.\n\t\t\t*\/\n\t\t\t\/\/if ( onetrustStorageConsent.C0002 === false ) {\n\t\t\t\/\/\tdocument.cookie=\"_fbp=;expires=Thu, 01 Jan 2010 00:00:00 UTC; path=\/; domain=.boston.com\";\n\t\t\t\/\/}\n\t\t\t\/* Checking if the user has given consent for the cookie C0002.\n\t\t\t* If the user has given consent, the variable consent will be set to 'grant'.\n\t\t\t* If the user has not given consent,the variable consent will be set to 'revoke'.\n\t\t\t* Documentation https:\/\/developers.facebook.com\/docs\/meta-pixel\/implementation\/gdpr\n\t\t\t*\/\n\t\t\tif ( ( onetrustStorageConsent !== null ) && (onetrustStorageConsent.C0002 !== true ) ) {\n\t\t\t\tconsent=\"revoke\";\n\t\t\t}\n\t\t\t\t!function(f,b,e,v,n,t,s){if(f.fbq)return;n=f.fbq=function()\n\t\t{n.callMethod? n.callMethod.apply(n,arguments):n.queue.push(arguments)}\n\t\t;if(!f._fbq)f._fbq=n;\n\t\tn.push=n;n.loaded=!0;n.version='2.0';n.queue=[];t=b.createElement(e);t.async=!0;\n\t\tt.src=v;s=b.getElementsByTagName(e)[0];s.parentNode.insertBefore(t,s)}(window,\n\t\tdocument,'script','https:\/\/connect.facebook.net\/en_US\/fbevents.js');\n\t\tfbq('consent', consent);\n\t\tfbq('init', '813236348753005');\n\t\tfbq('track', \"PageView\");\n\t<\/script><br \/>\n<br \/><br \/>\n<br \/><a href=\"https:\/\/www.boston.com\/sports\/new-england-patriots\/2024\/08\/22\/drew-bledsoe-roasts-tom-brady-while-talking-about-ex-teammates-broadcasting-career\/\">Source link <\/a><\/p>","protected":false},"excerpt":{"rendered":"<p>Patriotas &#8220;Eu sei que Tommy vai trabalhar at\u00e9 a morte.&#8221; Tom Brady e Drew Bledsoe est\u00e3o ligados para sempre na Nova Inglaterra. Foto de Elsa\/Getty Images) Drew Bledsoe tem estado&hellip;<\/p>","protected":false},"author":1,"featured_media":27604,"comment_status":"closed","ping_status":"open","sticky":false,"template":"","format":"standard","meta":{"content-type":"","footnotes":""},"categories":[1],"tags":[],"class_list":["post-27603","post","type-post","status-publish","format-standard","has-post-thumbnail","hentry","category-uncategorized"],"_links":{"self":[{"href":"https:\/\/tvbrazilusa.com\/pt\/wp-json\/wp\/v2\/posts\/27603","targetHints":{"allow":["GET"]}}],"collection":[{"href":"https:\/\/tvbrazilusa.com\/pt\/wp-json\/wp\/v2\/posts"}],"about":[{"href":"https:\/\/tvbrazilusa.com\/pt\/wp-json\/wp\/v2\/types\/post"}],"author":[{"embeddable":true,"href":"https:\/\/tvbrazilusa.com\/pt\/wp-json\/wp\/v2\/users\/1"}],"replies":[{"embeddable":true,"href":"https:\/\/tvbrazilusa.com\/pt\/wp-json\/wp\/v2\/comments?post=27603"}],"version-history":[{"count":1,"href":"https:\/\/tvbrazilusa.com\/pt\/wp-json\/wp\/v2\/posts\/27603\/revisions"}],"predecessor-version":[{"id":27605,"href":"https:\/\/tvbrazilusa.com\/pt\/wp-json\/wp\/v2\/posts\/27603\/revisions\/27605"}],"wp:featuredmedia":[{"embeddable":true,"href":"https:\/\/tvbrazilusa.com\/pt\/wp-json\/wp\/v2\/media\/27604"}],"wp:attachment":[{"href":"https:\/\/tvbrazilusa.com\/pt\/wp-json\/wp\/v2\/media?parent=27603"}],"wp:term":[{"taxonomy":"category","embeddable":true,"href":"https:\/\/tvbrazilusa.com\/pt\/wp-json\/wp\/v2\/categories?post=27603"},{"taxonomy":"post_tag","embeddable":true,"href":"https:\/\/tvbrazilusa.com\/pt\/wp-json\/wp\/v2\/tags?post=27603"}],"curies":[{"name":"wp","href":"https:\/\/api.w.org\/{rel}","templated":true}]}}