{"id":27680,"date":"2024-08-23T13:12:55","date_gmt":"2024-08-23T13:12:55","guid":{"rendered":"https:\/\/tvbrazilusa.com\/2024\/08\/23\/caso-karen-read-juiz-nega-pedido-de-arquivamento-de-duas-das-acusacoes\/"},"modified":"2024-08-23T13:29:48","modified_gmt":"2024-08-23T13:29:48","slug":"caso-karen-read-juiz-nega-pedido-de-arquivamento-de-duas-das-acusacoes","status":"publish","type":"post","link":"https:\/\/tvbrazilusa.com\/pt\/2024\/08\/23\/caso-karen-read-juiz-nega-pedido-de-arquivamento-de-duas-das-acusacoes\/","title":{"rendered":"Caso Karen Read: Juiz nega pedido de arquivamento de duas das acusa\u00e7\u00f5es"},"content":{"rendered":"<p> <script async src=\"https:\/\/pagead2.googlesyndication.com\/pagead\/js\/adsbygoogle.js?client=ca-pub-8864793242727901\"\r\n     crossorigin=\"anonymous\"><\/script><br \/>\n<\/p>\n<div id=\"\">\n<header class=\"m-article-header m-article-header--standard\">\n\t\t\t\t\t\t\t\t\t\t\t\t<span id=\"article-header-primary-term\"><br \/>\n\t\t\t\t\t\t\t\t<a class=\"a-term a-term--primary\" href=\"https:\/\/www.boston.com\/tag\/crime\/\"><\/p>\n<p>\t\t\t\t\t\t\t\tCrime\t\t\t\t\t\t\t\t<\/a><br \/>\n\t\t\t\t\t\t\t<\/span><\/p>\n<h2 class=\"m-article-header__sub-headline\">O caso de grande repercuss\u00e3o resultou em anula\u00e7\u00e3o do julgamento em 1\u00ba de julho, e o novo julgamento de Read est\u00e1 previsto para come\u00e7ar em janeiro.<\/h2>\n<figure class=\"a-photo m-article-header__photo\"><figcaption class=\"a-photo__caption\">\n<p>\tKaren Read chega ao Tribunal Superior de Norfolk em 9 de agosto de 2024 para uma audi\u00eancia.<em> John Tlumacki \/ The Boston Globe<\/em>\t<\/figcaption><\/figure>\n<\/header>\n<p>O juiz que preside <a href=\"https:\/\/www.boston.com\/tag\/karen-read\/\" target=\"_blank\" rel=\"noreferrer noopener\">Karen Leu<\/a>O caso de assassinato de &#8216;s negou uma mo\u00e7\u00e3o da defesa para rejeitar duas das tr\u00eas acusa\u00e7\u00f5es que Read enfrenta pela morte do policial de Boston John O&#8217;Keefe, incluindo homic\u00eddio de segundo grau. <\/p>\n<p>Citando informa\u00e7\u00f5es que eles <a href=\"https:\/\/www.boston.com\/news\/crime\/2024\/07\/19\/karen-reads-lawyers-say-a-fifth-juror-has-confirmed-the-jury-was-a-unanimous-not-guilty-on-murder-charge\/\" target=\"_blank\" rel=\"noreferrer noopener\">recebido de cinco jurados<\/a>advogados da mulher de Mansfield disseram que o j\u00fari supostamente empatado no primeiro julgamento de Read concordou internamente que ela n\u00e3o era culpada de assassinato e fuga da cena de um acidente fatal. A defesa afirmou que os jurados s\u00f3 chegaram a um impasse na acusa\u00e7\u00e3o de homic\u00eddio culposo ao dirigir um ve\u00edculo motorizado sob influ\u00eancia de \u00e1lcool, o que levou a crimes menores, incluindo homic\u00eddio culposo involunt\u00e1rio e homic\u00eddio culposo. <\/p>\n<p>Read \u00e9 acusada de, b\u00eabada e intencionalmente, bater seu SUV em O&#8217;Keefe, seu namorado, ap\u00f3s uma noite de bar em Canton em janeiro de 2022. O caso de grande repercuss\u00e3o resultou em um julgamento nulo em 1\u00ba de julho, e o novo julgamento de Read est\u00e1 programado para come\u00e7ar em janeiro.<\/p>\n<p>Enquanto os advogados de Read argumentaram que julg\u00e1-la novamente por acusa\u00e7\u00f5es de homic\u00eddio de segundo grau e de abandono do local de um acidente fatal seria <a href=\"https:\/\/www.boston.com\/news\/crime\/2024\/08\/09\/karen-read-lawyers-argue-motion-to-dismiss-charges\/\" target=\"_blank\" rel=\"noreferrer noopener\">violar as regras do duplo risco<\/a>a ju\u00edza Beverly Cannone discordou em um memorando arquivado na sexta-feira no Tribunal Superior de Norfolk. <\/p>\n<p>\u201cEste Tribunal reconhece que a proibi\u00e7\u00e3o de novos julgamentos ap\u00f3s absolvi\u00e7\u00f5es \u00e9 &#8216;[p]talvez a regra mais fundamental na hist\u00f3ria da jurisprud\u00eancia de dupla incrimina\u00e7\u00e3o&#8217;\u201d, escreveu Cannone, citando precedentes legais. \u201cNo entanto, onde n\u00e3o houve absolvi\u00e7\u00e3o de nenhuma das acusa\u00e7\u00f5es no primeiro julgamento do r\u00e9u, n\u00e3o h\u00e1 risco de sujeitar o r\u00e9u a dupla incrimina\u00e7\u00e3o por novo julgamento em todas as acusa\u00e7\u00f5es. Portanto, a Mo\u00e7\u00e3o de Demiss\u00e3o do R\u00e9u \u00e9 negada.\u201d<\/p>\n<h3 class=\"wp-block-heading\" id=\"h-read-cannone-s-memorandum-and-order\">Leia o memorando e a ordem de Cannone:<\/h3>\n<p><iframe class=\"scribd_iframe_embed\" title=\"Judge Beverly Cannone's Memorandum and Order on Karen Read's Motion to Dismiss\" src=\"https:\/\/www.scribd.com\/embeds\/761861980\/content?start_page=1&#038;view_mode=scroll&#038;access_key=key-rJaXVPkBw8KYYpD3NlBG\" data-auto-height=\"false\" data-aspect-ratio=\"0.7729220222793488\" scrolling=\"no\" id=\"doc_27639\" width=\"100%\" height=\"600\" frameborder=\"0\"><\/iframe><\/p>\n<div class=\"m-block m-generic-cta\t m-generic-cta--post-content\t m-generic-cta--dark\t m-generic-cta--homepage\t m-generic-cta--email-signup\t\t m-generic-cta-block-style--default \tt-amp__generic-cta\"><\/p>\n<div class=\"m-generic-cta__wrap\">\n<div class=\"m-generic-cta__content\">\n<h3 class=\"m-generic-cta__title\">Boston.com Hoje<\/h3>\n<p class=\"m-generic-cta__subtitle\">Inscreva-se para receber as \u00faltimas manchetes na sua caixa de entrada todas as manh\u00e3s.<\/p>\n<\/p><\/div>\n<\/p><\/div>\n<\/div><\/div>\n<p><script>\n\t\tvar consent=\"grant\";\n\t\t\/* The above code is parsing the JSON data from the local storage and storing it in a variable. *\/\n\t\t\t\t\tconst onetrustStorageConsent = JSON.parse(localStorage.getItem( 'consent_one_trust_bdc' ) );\n\t\t\tif ( ( onetrustStorageConsent !== null ) ) {\n\t\t\t\t\/* Checking to see if the user has consented to the use of cookies.\n\t\t\t\t* If they have not, it is deleting the cookie.\n\t\t\t\t* This will comment for now, until further notice.\n\t\t\t\t*\/\n\t\t\t\t\/\/if ( onetrustStorageConsent.C0002 === false ) {\n\t\t\t\t\/\/\tdocument.cookie=\"_fbp=;expires=Thu, 01 Jan 2010 00:00:00 UTC; path=\/; domain=.boston.com\";\n\t\t\t\t\/\/}\n\t\t\t\t\/* Checking if the user has given consent for the cookie C0002.\n\t\t\t\t* If the user has given consent, the variable consent will be set to 'grant'.\n\t\t\t\t* If the user has not given consent,the variable consent will be set to 'revoke'.\n\t\t\t\t* Documentation https:\/\/developers.facebook.com\/docs\/meta-pixel\/implementation\/gdpr\n\t\t\t\t*\/\n\t\t\t\tif ( onetrustStorageConsent.C0002 !== true ) {\n\t\t\t\t\tconsent=\"revoke\";\n\t\t\t\t}\n\t\t\t}\n\t\t\t\t!function(f,b,e,v,n,t,s)\n\t\t{if(f.fbq)return;n=f.fbq=function(){n.callMethod?\n\t\tn.callMethod.apply(n,arguments):n.queue.push(arguments)};\n\t\tif(!f._fbq)f._fbq=n;n.push=n;n.loaded=!0;n.version='2.0';\n\t\tn.queue=[];t=b.createElement(e);t.async=!0;\n\t\tt.src=v;s=b.getElementsByTagName(e)[0];\n\t\ts.parentNode.insertBefore(t,s)}(window, document,'script',\n\t\t'https:\/\/connect.facebook.net\/en_US\/fbevents.js');\n\t\tfbq('consent', consent);\n\t\tfbq('init', '989222871864976');\n\t\tfbq('track', 'PageView');\n\t<\/script><script type=\"module\">\n\t\tvar consent=\"grant\";\n\t\t\/* The above code is parsing the JSON data from the local storage and storing it in a variable. *\/\n\t\t\tconst onetrustStorageConsent = JSON.parse(localStorage.getItem( 'consent_one_trust_bdc' ) );\n\t\t\t\/* Checking to see if the user has consented to the use of cookies.\n\t\t\t* If they have not, it is deleting the cookie.\n\t\t\t* This will comment for now, until further notice.\n\t\t\t*\/\n\t\t\t\/\/if ( onetrustStorageConsent.C0002 === false ) {\n\t\t\t\/\/\tdocument.cookie=\"_fbp=;expires=Thu, 01 Jan 2010 00:00:00 UTC; path=\/; domain=.boston.com\";\n\t\t\t\/\/}\n\t\t\t\/* Checking if the user has given consent for the cookie C0002.\n\t\t\t* If the user has given consent, the variable consent will be set to 'grant'.\n\t\t\t* If the user has not given consent,the variable consent will be set to 'revoke'.\n\t\t\t* Documentation https:\/\/developers.facebook.com\/docs\/meta-pixel\/implementation\/gdpr\n\t\t\t*\/\n\t\t\tif ( ( onetrustStorageConsent !== null ) && (onetrustStorageConsent.C0002 !== true ) ) {\n\t\t\t\tconsent=\"revoke\";\n\t\t\t}\n\t\t\t\t!function(f,b,e,v,n,t,s){if(f.fbq)return;n=f.fbq=function()\n\t\t{n.callMethod? n.callMethod.apply(n,arguments):n.queue.push(arguments)}\n\t\t;if(!f._fbq)f._fbq=n;\n\t\tn.push=n;n.loaded=!0;n.version='2.0';n.queue=[];t=b.createElement(e);t.async=!0;\n\t\tt.src=v;s=b.getElementsByTagName(e)[0];s.parentNode.insertBefore(t,s)}(window,\n\t\tdocument,'script','https:\/\/connect.facebook.net\/en_US\/fbevents.js');\n\t\tfbq('consent', consent);\n\t\tfbq('init', '813236348753005');\n\t\tfbq('track', \"PageView\");\n\t<\/script><br \/>\n<br \/><br \/>\n<br \/><a href=\"https:\/\/www.boston.com\/news\/crime\/2024\/08\/23\/karen-read-charges-not-dismissed\/\">Source link <\/a><\/p>","protected":false},"excerpt":{"rendered":"<p>Crime O caso de grande repercuss\u00e3o resultou em anula\u00e7\u00e3o do julgamento em 1\u00ba de julho, e o novo julgamento de Read est\u00e1 previsto para come\u00e7ar em janeiro. Karen Read chega&hellip;<\/p>","protected":false},"author":1,"featured_media":27681,"comment_status":"closed","ping_status":"open","sticky":false,"template":"","format":"standard","meta":{"content-type":"","footnotes":""},"categories":[1],"tags":[],"class_list":["post-27680","post","type-post","status-publish","format-standard","has-post-thumbnail","hentry","category-uncategorized"],"_links":{"self":[{"href":"https:\/\/tvbrazilusa.com\/pt\/wp-json\/wp\/v2\/posts\/27680","targetHints":{"allow":["GET"]}}],"collection":[{"href":"https:\/\/tvbrazilusa.com\/pt\/wp-json\/wp\/v2\/posts"}],"about":[{"href":"https:\/\/tvbrazilusa.com\/pt\/wp-json\/wp\/v2\/types\/post"}],"author":[{"embeddable":true,"href":"https:\/\/tvbrazilusa.com\/pt\/wp-json\/wp\/v2\/users\/1"}],"replies":[{"embeddable":true,"href":"https:\/\/tvbrazilusa.com\/pt\/wp-json\/wp\/v2\/comments?post=27680"}],"version-history":[{"count":1,"href":"https:\/\/tvbrazilusa.com\/pt\/wp-json\/wp\/v2\/posts\/27680\/revisions"}],"predecessor-version":[{"id":27682,"href":"https:\/\/tvbrazilusa.com\/pt\/wp-json\/wp\/v2\/posts\/27680\/revisions\/27682"}],"wp:featuredmedia":[{"embeddable":true,"href":"https:\/\/tvbrazilusa.com\/pt\/wp-json\/wp\/v2\/media\/27681"}],"wp:attachment":[{"href":"https:\/\/tvbrazilusa.com\/pt\/wp-json\/wp\/v2\/media?parent=27680"}],"wp:term":[{"taxonomy":"category","embeddable":true,"href":"https:\/\/tvbrazilusa.com\/pt\/wp-json\/wp\/v2\/categories?post=27680"},{"taxonomy":"post_tag","embeddable":true,"href":"https:\/\/tvbrazilusa.com\/pt\/wp-json\/wp\/v2\/tags?post=27680"}],"curies":[{"name":"wp","href":"https:\/\/api.w.org\/{rel}","templated":true}]}}