{"id":27683,"date":"2024-08-23T13:24:16","date_gmt":"2024-08-23T13:24:16","guid":{"rendered":"https:\/\/tvbrazilusa.com\/2024\/08\/23\/nj-symphony-vai-se-mudar-pela-1a-vez-em-29-anos-veja-seu-novo-palco\/"},"modified":"2024-08-23T13:35:59","modified_gmt":"2024-08-23T13:35:59","slug":"nj-symphony-vai-se-mudar-pela-1a-vez-em-29-anos-veja-seu-novo-palco","status":"publish","type":"post","link":"https:\/\/tvbrazilusa.com\/pt\/2024\/08\/23\/nj-symphony-vai-se-mudar-pela-1a-vez-em-29-anos-veja-seu-novo-palco\/","title":{"rendered":"NJ Symphony vai se mudar pela 1\u00aa vez em 29 anos. Veja seu novo palco."},"content":{"rendered":"<p> <script async src=\"https:\/\/pagead2.googlesyndication.com\/pagead\/js\/adsbygoogle.js?client=ca-pub-8864793242727901\"\r\n     crossorigin=\"anonymous\"><\/script><br \/>\n<\/p>\n<div>\n<p class=\"article__paragraph article__paragraph--left\" id=\"GYLBGEAH3BHNPL4SAISFARJXQA\">O <a href=\"https:\/\/www.njsymphony.org\/\" target=\"_blank\" rel=\"noopener\">Sinf\u00f4nica de Nova Jersey<\/a> est\u00e1 chegando em Jersey City.<\/p>\n<p class=\"article__paragraph article__paragraph--left\" id=\"O4MV7VTBLVHQVBHKK7WSFPYVM4\">O prefeito de Jersey City, Steven J. Fulop, e a New Jersey Symphony anunciaram na quarta-feira que a orquestra est\u00e1 se mudando para um novo teatro com 550 lugares, que ser\u00e1 inaugurado no Powerhouse Arts District, no centro de Jersey City, em 2026. A orquestra est\u00e1 sediada no <a href=\"https:\/\/www.njpac.org\/\" target=\"_blank\" rel=\"noopener\">Centro de Artes C\u00eanicas de Nova Jersey<\/a> em Newark desde 1997.<\/p>\n<p class=\"article__paragraph article__paragraph--left\" id=\"QS5JGQKLVBBSNCU2VHTRECCCJI\">O an\u00fancio foi feito na Provost Square Plaza, onde o local ser\u00e1 aberto ao p\u00fablico na primavera de 2026. O espa\u00e7o na Bay Street, que j\u00e1 foi uma f\u00e1brica de Manischewitz, abrigar\u00e1 o teatro de 44.000 p\u00e9s quadrados, 8.000 p\u00e9s quadrados de espa\u00e7o para escrit\u00f3rios administrativos da sinfonia, bem como resid\u00eancias.<\/p>\n<p class=\"article__paragraph article__paragraph--left\" id=\"KGLREETFARHXXHJCHARBKKV3RQ\">Gabriel van Aalst, presidente e CEO da New Jersey Symphony, disse \u00e0 NJ Advance Media que a sinfonia se mudar\u00e1 para os escrit\u00f3rios no ano que vem e come\u00e7ar\u00e1 a apresentar programa\u00e7\u00e3o art\u00edstica em 2026, quando o espa\u00e7o se tornar\u00e1 a casa permanente do grupo. O novo local d\u00e1 \u00e0 sinfonia, que <a href=\"https:\/\/www.nj.com\/entertainment\/2023\/06\/nj-symphonys-season-finale-ends-precisely-where-it-did-100-years-ago-review.html\" target=\"_blank\" rel=\"noopener\">comemorou seu 100\u00ba anivers\u00e1rio<\/a> ano passado, um espa\u00e7o dedicado para ensaios e se soma aos cinco locais em que j\u00e1 se apresenta em todo o estado. O grupo tamb\u00e9m toca no New Jersey State Theater em New Brunswick, no Richardson Auditorium em Princeton, no Mayo Performing Arts Center em Morristown e no Count Basie Center for the Arts em Red Bank.<\/p>\n<figure class=\"article__image\">\n<div class=\"article__image-wrapper\"><picture><source media=\"(max-width: 500px)\" srcset=\"https:\/\/www.nj.com\/resizer\/v2\/BQKFTRSKUNBTZELLQVORS7WKPI.jpg?auth=6251ad5008cc59bbc8165dd7a2dec91369d2a1aba175f2d442a439691224eb00&#038;width=500&#038;quality=90 500w\"\/><source media=\"(max-width: 800px)\" srcset=\"https:\/\/www.nj.com\/resizer\/v2\/BQKFTRSKUNBTZELLQVORS7WKPI.jpg?auth=6251ad5008cc59bbc8165dd7a2dec91369d2a1aba175f2d442a439691224eb00&#038;width=800&#038;quality=90 800w\"\/><source srcset=\"https:\/\/www.nj.com\/resizer\/v2\/BQKFTRSKUNBTZELLQVORS7WKPI.jpg?auth=6251ad5008cc59bbc8165dd7a2dec91369d2a1aba175f2d442a439691224eb00&#038;width=1280&#038;quality=90 1280w\"\/><\/picture><figcaption class=\"article__image-caption\">\n<p class=\"article__mm-image-caption-text\">A New Jersey Symphony vai mudar sua sede e espa\u00e7o de apresenta\u00e7\u00e3o para Jersey City. A Symphony vai mudar para um novo teatro de \u00faltima gera\u00e7\u00e3o, de 44.000 p\u00e9s quadrados, no Powerhouse Arts District, no centro de Jersey City. Aqui, o teatro \u00e9 mostrado. Renderiza\u00e7\u00e3o cortesia de Jersey City\/New Jersey Symphony Renderiza\u00e7\u00e3o cortesia de Jersey City\/New Jersey Symphony<span class=\"article__mm-image-credit\">Renderiza\u00e7\u00e3o cortesia de Jersey Cit<\/span><\/p>\n<\/figcaption><\/div>\n<\/figure>\n<p class=\"article__paragraph article__paragraph--left\" id=\"WUCVJDNCUZG63AKH4GNRUYFBHQ\">\u201cSomos n\u00f4mades, ent\u00e3o isso \u00e9 um acr\u00e9scimo ao que j\u00e1 estamos fazendo\u201d, disse van Aalst. \u201cTendo esse local de ensaio regular, podemos fazer mais ensaios abertos \u2014 o que trar\u00e1 o p\u00fablico para o processo e aumentar\u00e1 a intera\u00e7\u00e3o entre os m\u00fasicos e nosso p\u00fablico, o que \u00e9 t\u00e3o importante para uma orquestra do s\u00e9culo XXI.\u201d<\/p>\n<p class=\"article__paragraph article__paragraph--left\" id=\"AXYH4KF7UJEVJGN6ELLBIBL3V4\">O CEO observou que a orquestra ainda incluir\u00e1 apresenta\u00e7\u00f5es no NJPAC em seu calend\u00e1rio. <\/p>\n<p class=\"article__paragraph article__paragraph--left\" id=\"Y4IF35EIAZFDRMA6WLS353XIQE\">\u201cGosto de pensar que voc\u00ea pode ter v\u00e1rios lares. N\u00f3s amamos o NJPAC e ele sempre ser\u00e1 o lar para a experi\u00eancia completa da sinfonia\u201d, disse van Aalst. \u201cEste novo espa\u00e7o menor em Jersey City ser\u00e1 nosso lar emocional.\u201d<\/p>\n<p class=\"article__paragraph article__paragraph--left\" id=\"FL2LSP5OUZBCPJ4RDSLCV6REEQ\">O novo teatro tem sido uma iniciativa fundamental para Fulop, que entrou em contato com a New Jersey Symphony alguns anos atr\u00e1s para enfatizar que a orquestra era uma \u201cadequa\u00e7\u00e3o natural\u201d para o espa\u00e7o. Ele acredita que artes e cultura s\u00e3o centrais para Jersey City.<\/p>\n<p class=\"article__paragraph article__paragraph--left\" id=\"5ZCOB7JWRJEB3OYUWTMXPDK5QU\">\u201cO que faz algu\u00e9m querer viver em uma \u00e1rea urbana densa? Cultura e vida noturna s\u00e3o um grande atrativo. Faz as pessoas quererem viver aqui\u201d, Fulop disse \u00e0 NJ Advance Media na quinta-feira. \u201cEsta \u00e9 uma oportunidade \u00fanica na vida para n\u00f3s dois.\u201d<\/p>\n<p class=\"article__paragraph article__paragraph--left\" id=\"FL2LSP5OUZBCPJ4RDSLCV6REEQ\">Fulop tamb\u00e9m espera que a proximidade do local com o trem PATH e com a cidade de Nova York aumente a capacidade da cidade de atrair tanto p\u00fablico quanto artistas talentosos.<\/p>\n<p class=\"article__paragraph article__paragraph--left\" id=\"LTE34QNVZ5HKXFZ2Y5FNQLZBGQ\">A Orquestra Sinf\u00f4nica de Nova Jersey est\u00e1 animada em trazer a m\u00fasica cl\u00e1ssica pela qual se tornou conhecida para o novo local, juntamente com outros g\u00eaneros.<\/p>\n<figure class=\"article__image\">\n<div class=\"article__image-wrapper\"><picture><source media=\"(max-width: 500px)\" srcset=\"https:\/\/www.nj.com\/resizer\/v2\/CB4MJQIQ5JFBDMBKZ7ADHLKNDM.jpg?auth=96956ec526b7ee0d3b3821f88b46ec8f449cb3559a069ff1a7248fc389517af8&#038;width=500&#038;quality=90 500w\"\/><source media=\"(max-width: 800px)\" srcset=\"https:\/\/www.nj.com\/resizer\/v2\/CB4MJQIQ5JFBDMBKZ7ADHLKNDM.jpg?auth=96956ec526b7ee0d3b3821f88b46ec8f449cb3559a069ff1a7248fc389517af8&#038;width=800&#038;quality=90 800w\"\/><source srcset=\"https:\/\/www.nj.com\/resizer\/v2\/CB4MJQIQ5JFBDMBKZ7ADHLKNDM.jpg?auth=96956ec526b7ee0d3b3821f88b46ec8f449cb3559a069ff1a7248fc389517af8&#038;width=1280&#038;quality=90 1280w\"\/><img loading=\"lazy\" src=\"https:\/\/www.nj.com\/resizer\/v2\/CB4MJQIQ5JFBDMBKZ7ADHLKNDM.jpg?auth=96956ec526b7ee0d3b3821f88b46ec8f449cb3559a069ff1a7248fc389517af8&#038;width=500&#038;quality=90\" sizes=\"auto, 50vw\" fetchpriority=\"low\" alt=\"Nova sede permanente e sala de apresenta\u00e7\u00f5es da Orquestra Sinf\u00f4nica de Nova Jersey em Jersey City\" decoding=\"async\" class=\"article__image-content\" height=\"600\" width=\"300\"\/><\/picture><figcaption class=\"article__image-caption\">\n<p class=\"article__mm-image-caption-text\">A New Jersey Symphony vai mudar sua sede e espa\u00e7o de apresenta\u00e7\u00e3o para Jersey City. A Symphony vai mudar para um novo teatro de \u00faltima gera\u00e7\u00e3o, de 44.000 p\u00e9s quadrados, no Powerhouse Arts District, no centro de Jersey City. Aqui, um espa\u00e7o de pr\u00e1tica \u00e9 mostrado. Renderiza\u00e7\u00e3o cortesia de Jersey City\/New Jersey Symphony Renderiza\u00e7\u00e3o cortesia de Jersey City\/New Jersey Symphony<span class=\"article__mm-image-credit\">Renderiza\u00e7\u00e3o cortesia de Jersey Cit<\/span><\/p>\n<\/figcaption><\/div>\n<\/figure>\n<p class=\"article__paragraph article__paragraph--left\" id=\"7ZZYHGI5KJGN7FAEVRX6KSNBJU\">\u201cEstamos prevendo que v\u00e1rias formas de arte ser\u00e3o apresentadas aqui: m\u00fasica de c\u00e2mara, com\u00e9dia, world music \u2014 e alugar o espa\u00e7o para grupos externos\u201d, disse van Aalst. \u201cO objetivo \u00e9 ter um portf\u00f3lio completo, mas com foco na m\u00fasica cl\u00e1ssica.\u201d<\/p>\n<p class=\"article__paragraph article__paragraph--left\" id=\"KZHL3D3YLVE3LCMVUPWEL2YPLM\">A chegada da Orquestra Sinf\u00f4nica de Nova Jersey \u00e9 mais um impulso para Jersey City, que continua a se tornar um centro cultural no Garden State, amea\u00e7ando ultrapassar Newark como a cidade mais populosa de Nova Jersey.<\/p>\n<p class=\"article__paragraph article__paragraph--left\" id=\"CM2BJ7CZVNABXLOKJCSZ22UTFA\">Quando questionados sobre como este an\u00fancio afeta a pausa multimilion\u00e1ria <a href=\"https:\/\/www.nj.com\/hudson\/2024\/06\/state-pulls-millions-in-funding-on-centre-pompidou-project-but-jersey-city-searches-for-path-forward.html\" target=\"_blank\" rel=\"noopener\">Projeto Centro Pompidou x Jersey City<\/a>Fulop diz que \u201c\u00e9 complicado, mas n\u00e3o est\u00e1 morto\u201d.<\/p>\n<figure class=\"image-gallery-wrapper\" id=\"gallery-NTYFVZ5THZB4BHDTIROPHUQBRE\">\n<div class=\"image-gallery\" aria-live=\"polite\">\n<div class=\"image-gallery-content  image-gallery-thumbnails-bottom\">\n<div class=\"image-gallery-slide-wrapper  image-gallery-thumbnails-bottom\"><button type=\"button\" class=\"image-gallery-icon image-gallery-left-nav\" disabled=\"\" aria-label=\"Previous Slide\"><svg xmlns=\"http:\/\/www.w3.org\/2000\/svg\" class=\"image-gallery-svg\" viewbox=\"6 0 12 24\" fill=\"none\" stroke=\"currentColor\" stroke-width=\"1\" stroke-linecap=\"round\" stroke-linejoin=\"round\"><polyline points=\"15 18 9 12 15 6\"\/><\/svg><\/button><button type=\"button\" class=\"image-gallery-icon image-gallery-right-nav\" aria-label=\"Next Slide\"><svg xmlns=\"http:\/\/www.w3.org\/2000\/svg\" class=\"image-gallery-svg\" viewbox=\"6 0 12 24\" fill=\"none\" stroke=\"currentColor\" stroke-width=\"1\" stroke-linecap=\"round\" stroke-linejoin=\"round\"><polyline points=\"9 18 15 12 9 6\"\/><\/svg><\/button><\/p>\n<div class=\"image-gallery-swipe\">\n<div class=\"image-gallery-slides\">\n<div aria-label=\"Go to Slide 1\" tabindex=\"-1\" class=\"image-gallery-slide  image-gallery-center  image-gallery-slide--landscape\" style=\"display:inherit;-webkit-transform:translate3d(0%, 0, 0);-moz-transform:translate3d(0%, 0, 0);-ms-transform:translate3d(0%, 0, 0);-o-transform:translate3d(0%, 0, 0);transform:translate3d(0%, 0, 0)\" role=\"button\"><img decoding=\"async\" class=\"image-gallery-image\" src=\"https:\/\/www.nj.com\/resizer\/v2\/PIIUR5N3NVDVLKOF3EELMP3N7I.JPG?auth=fa128f1e9b251515d6659ba224e56f82119229b16ecd51a4ddea4f436dd516a3&#038;width=1280&#038;quality=90\" srcset=\"https:\/\/www.nj.com\/resizer\/v2\/PIIUR5N3NVDVLKOF3EELMP3N7I.JPG?auth=fa128f1e9b251515d6659ba224e56f82119229b16ecd51a4ddea4f436dd516a3&#038;width=500&#038;quality=90 500w, https:\/\/www.nj.com\/resizer\/v2\/PIIUR5N3NVDVLKOF3EELMP3N7I.JPG?auth=fa128f1e9b251515d6659ba224e56f82119229b16ecd51a4ddea4f436dd516a3&#038;width=1280&#038;quality=90 1280w\" sizes=\"480px, (min-width: 480px) 800px\" loading=\"lazy\"\/><\/div>\n<div aria-label=\"Go to Slide 2\" tabindex=\"-1\" class=\"image-gallery-slide  image-gallery-right  image-gallery-slide--landscape\" style=\"display:inherit;-webkit-transform:translate3d(100%, 0, 0);-moz-transform:translate3d(100%, 0, 0);-ms-transform:translate3d(100%, 0, 0);-o-transform:translate3d(100%, 0, 0);transform:translate3d(100%, 0, 0)\" role=\"button\"><img decoding=\"async\" class=\"image-gallery-image\" src=\"https:\/\/www.nj.com\/resizer\/v2\/D67SJ3J6V5HBLP2QEHZIEFZ65I.JPG?auth=0649e11771da322917cd01098db4e733295b5050823e6118852ab26b6aeda627&#038;width=1280&#038;quality=90\" srcset=\"https:\/\/www.nj.com\/resizer\/v2\/D67SJ3J6V5HBLP2QEHZIEFZ65I.JPG?auth=0649e11771da322917cd01098db4e733295b5050823e6118852ab26b6aeda627&#038;width=500&#038;quality=90 500w, https:\/\/www.nj.com\/resizer\/v2\/D67SJ3J6V5HBLP2QEHZIEFZ65I.JPG?auth=0649e11771da322917cd01098db4e733295b5050823e6118852ab26b6aeda627&#038;width=1280&#038;quality=90 1280w\" sizes=\"480px, (min-width: 480px) 800px\" loading=\"lazy\"\/><\/div>\n<\/div>\n<\/div>\n<p><span class=\"image-gallery-index-current\">1<\/span><span class=\"image-gallery-index-separator\">\/<\/span><span class=\"image-gallery-index-total\">34<\/span><\/p>\n<\/div>\n<\/div>\n<\/div><figcaption>Nova sede permanente e sala de apresenta\u00e7\u00f5es da Orquestra Sinf\u00f4nica de Nova Jersey em Jersey City<\/figcaption><\/figure>\n<p class=\"article__paragraph article__paragraph--left\" id=\"LWNMHBW465DQRHLTA7OWGYEIL4\"><i>James C. Taylor pode ser contatado <\/i><a href=\"https:\/\/www.nj.com\/entertainment\/2024\/08\/mailto:writejamesctaylor@gmail.com\"><i>writejamesctaylor@gmail.com<\/i><\/a><i>. Encontrar <\/i><a href=\"https:\/\/www.facebook.com\/NJ.comEntertainment\"><i>NJ.com\/entertainment no Facebook<\/i><\/a><i>.<\/i><\/p>\n<\/div>\n<p><br \/>\n<br \/><a href=\"https:\/\/www.nj.com\/entertainment\/2024\/08\/nj-symphony-to-relocate-for-1st-time-in-29-years-see-their-new-home-stage.html\">Source link <\/a><\/p>","protected":false},"excerpt":{"rendered":"<p>O Sinf\u00f4nica de Nova Jersey est\u00e1 chegando em Jersey City. O prefeito de Jersey City, Steven J. Fulop, e a New Jersey Symphony anunciaram na quarta-feira que a orquestra est\u00e1&hellip;<\/p>","protected":false},"author":1,"featured_media":27684,"comment_status":"closed","ping_status":"open","sticky":false,"template":"","format":"standard","meta":{"content-type":"","footnotes":""},"categories":[1],"tags":[3500],"class_list":["post-27683","post","type-post","status-publish","format-standard","has-post-thumbnail","hentry","category-uncategorized","tag-cidade-de-jersey"],"_links":{"self":[{"href":"https:\/\/tvbrazilusa.com\/pt\/wp-json\/wp\/v2\/posts\/27683","targetHints":{"allow":["GET"]}}],"collection":[{"href":"https:\/\/tvbrazilusa.com\/pt\/wp-json\/wp\/v2\/posts"}],"about":[{"href":"https:\/\/tvbrazilusa.com\/pt\/wp-json\/wp\/v2\/types\/post"}],"author":[{"embeddable":true,"href":"https:\/\/tvbrazilusa.com\/pt\/wp-json\/wp\/v2\/users\/1"}],"replies":[{"embeddable":true,"href":"https:\/\/tvbrazilusa.com\/pt\/wp-json\/wp\/v2\/comments?post=27683"}],"version-history":[{"count":1,"href":"https:\/\/tvbrazilusa.com\/pt\/wp-json\/wp\/v2\/posts\/27683\/revisions"}],"predecessor-version":[{"id":27685,"href":"https:\/\/tvbrazilusa.com\/pt\/wp-json\/wp\/v2\/posts\/27683\/revisions\/27685"}],"wp:featuredmedia":[{"embeddable":true,"href":"https:\/\/tvbrazilusa.com\/pt\/wp-json\/wp\/v2\/media\/27684"}],"wp:attachment":[{"href":"https:\/\/tvbrazilusa.com\/pt\/wp-json\/wp\/v2\/media?parent=27683"}],"wp:term":[{"taxonomy":"category","embeddable":true,"href":"https:\/\/tvbrazilusa.com\/pt\/wp-json\/wp\/v2\/categories?post=27683"},{"taxonomy":"post_tag","embeddable":true,"href":"https:\/\/tvbrazilusa.com\/pt\/wp-json\/wp\/v2\/tags?post=27683"}],"curies":[{"name":"wp","href":"https:\/\/api.w.org\/{rel}","templated":true}]}}