{"id":27807,"date":"2024-08-23T17:09:37","date_gmt":"2024-08-23T17:09:37","guid":{"rendered":"https:\/\/tvbrazilusa.com\/2024\/08\/23\/cabras-em-acao-equipe-de-hooved-limpa-vegetacao-no-hanna-park-jacksonville-today\/"},"modified":"2024-08-23T17:10:05","modified_gmt":"2024-08-23T17:10:05","slug":"cabras-em-acao-equipe-de-hooved-limpa-vegetacao-no-hanna-park-jacksonville-today","status":"publish","type":"post","link":"https:\/\/tvbrazilusa.com\/pt\/2024\/08\/23\/cabras-em-acao-equipe-de-hooved-limpa-vegetacao-no-hanna-park-jacksonville-today\/","title":{"rendered":"Cabras em a\u00e7\u00e3o: equipe de Hooved limpa vegeta\u00e7\u00e3o no Hanna Park &#8211; Jacksonville Today"},"content":{"rendered":"<p> <script async src=\"https:\/\/pagead2.googlesyndication.com\/pagead\/js\/adsbygoogle.js?client=ca-pub-8864793242727901\"\r\n     crossorigin=\"anonymous\"><\/script><br \/>\n<\/p>\n<div>\n<p>Uma equipe de cerca de 55 cabras est\u00e1 <a href=\"https:\/\/www.news4jax.com\/community\/2024\/08\/23\/goats-on-the-loose-in-hanna-park-to-help-clear-vegetation-for-environmental-project-with-the-city\/\">emprestando cascos extras<\/a> para limpar a vegeta\u00e7\u00e3o inc\u00f4moda no Parque Hanna de forma sustent\u00e1vel.<\/p>\n<p>Faz parte de um programa com a cidade de Jacksonville e Goats on the Go Jacksonville Northwest.<\/p>\n<p>Nikki Gunter, propriet\u00e1ria do Goats on the Go, disse que o projeto ser\u00e1 conclu\u00eddo em duas fases.<\/p>\n<p>\u201cO que as cabras est\u00e3o fazendo aqui agora \u00e9 uma demonstra\u00e7\u00e3o da Fase Um e da Fase Dois. Ent\u00e3o, esta \u00e9 uma demonstra\u00e7\u00e3o de cerca de 5 a 6 acres, e n\u00f3s essencialmente come\u00e7amos a mov\u00ea-las em 12 de agosto para diferentes piquetes, n\u00e3o mais do que cerca de um acre ou mais\u201d, disse Gunter.<\/p>\n<p>Victoria Albright, gerente do parque Hanna Park, disse que a ideia de trabalhar com a Goats on the Go foi parte da busca por uma solu\u00e7\u00e3o criativa para a impossibilidade de fazer queimadas prescritas na \u00e1rea devido \u00e0 proximidade do parque com a base da Marinha e as casas.<\/p>\n<p>\u201cAs cabras t\u00eam trabalhado duro. Estamos vendo um bom progresso nas \u00e1reas onde h\u00e1 maior visibilidade, controle da vegeta\u00e7\u00e3o inc\u00f4moda na \u00e1rea. Ent\u00e3o, estamos realmente animados com isso. Eles far\u00e3o um piloto de 6 acres. Avaliaremos o progresso do projeto e partiremos da\u00ed\u201d, disse Albright.<\/p>\n<p>As cabras tamb\u00e9m s\u00e3o habilidosas em chegar a lugares desafiadores que m\u00e1quinas pesadas n\u00e3o conseguem alcan\u00e7ar.<\/p>\n<p>Albright disse que os 6 acres iniciais custaram US$ 4.500.<\/p>\n<p>\u201cA longo prazo, eu diria que \u00e9 menos caro\u201d, disse Albright. \u201cN\u00f3s usamos equipamentos de gramado padr\u00e3o e t\u00e9cnicas de manuten\u00e7\u00e3o nas \u00e1reas mais acess\u00edveis do parque, mas para o escopo da terra que temos aqui e a densidade da vegeta\u00e7\u00e3o, eu acho que esta \u00e9 realmente uma \u00f3tima maneira de fazer.\u201d<\/p>\n<p>As Fases Um e Dois durar\u00e3o at\u00e9 setembro, com a esperan\u00e7a de dar continuidade ao projeto por cerca de um ano.<\/p>\n<p>Gunter disse que esta oportunidade ajuda a educar a comunidade e tamb\u00e9m conscientiza sobre diferentes maneiras pelas quais as pessoas podem ajudar o meio ambiente.<\/p>\n<p>\u201cIsso permitir\u00e1 que as pessoas venham e vejam que somos parte desse esfor\u00e7o pela sustentabilidade e gest\u00e3o de terras\u201d, disse Gunter. \u201cH\u00e1 muitas \u00e1reas inc\u00f4modas aqui em Jacksonville que algumas pessoas, tipo, voc\u00ea sabe, n\u00e3o querem realmente entrar e talvez seja muito caro. Bem, agora voc\u00ea tem uma solu\u00e7\u00e3o para isso. Voc\u00ea nos chama. N\u00f3s viremos, nos instalaremos e faremos o rebanho limpar essa \u00e1rea.\u201d <\/p>\n<p><em>Esta hist\u00f3ria foi produzida por <a href=\"https:\/\/www.news4jax.com\/\">Not\u00edcias4Jax<\/a>um <\/em>Jacksonville Hoje<em> parceiro de not\u00edcias.<\/em><\/p>\n<\/div>\n<p><br \/>\n<br \/><a href=\"https:\/\/jaxtoday.org\/2024\/08\/23\/goats-at-work-hooved-crew-clears-vegetation-at-hanna-park\/\">Source link <\/a><\/p>","protected":false},"excerpt":{"rendered":"<p>Uma equipe de cerca de 55 cabras est\u00e1 emprestando cascos extras para limpar a vegeta\u00e7\u00e3o inc\u00f4moda no Parque Hanna de forma sustent\u00e1vel. Faz parte de um programa com a cidade&hellip;<\/p>","protected":false},"author":1,"featured_media":27808,"comment_status":"closed","ping_status":"open","sticky":false,"template":"","format":"standard","meta":{"content-type":"","footnotes":""},"categories":[1],"tags":[14353,14354,6384],"class_list":["post-27807","post","type-post","status-publish","format-standard","has-post-thumbnail","hentry","category-uncategorized","tag-cabras-em-movimento","tag-parque-hanna","tag-sustentabilidade"],"_links":{"self":[{"href":"https:\/\/tvbrazilusa.com\/pt\/wp-json\/wp\/v2\/posts\/27807","targetHints":{"allow":["GET"]}}],"collection":[{"href":"https:\/\/tvbrazilusa.com\/pt\/wp-json\/wp\/v2\/posts"}],"about":[{"href":"https:\/\/tvbrazilusa.com\/pt\/wp-json\/wp\/v2\/types\/post"}],"author":[{"embeddable":true,"href":"https:\/\/tvbrazilusa.com\/pt\/wp-json\/wp\/v2\/users\/1"}],"replies":[{"embeddable":true,"href":"https:\/\/tvbrazilusa.com\/pt\/wp-json\/wp\/v2\/comments?post=27807"}],"version-history":[{"count":1,"href":"https:\/\/tvbrazilusa.com\/pt\/wp-json\/wp\/v2\/posts\/27807\/revisions"}],"predecessor-version":[{"id":27809,"href":"https:\/\/tvbrazilusa.com\/pt\/wp-json\/wp\/v2\/posts\/27807\/revisions\/27809"}],"wp:featuredmedia":[{"embeddable":true,"href":"https:\/\/tvbrazilusa.com\/pt\/wp-json\/wp\/v2\/media\/27808"}],"wp:attachment":[{"href":"https:\/\/tvbrazilusa.com\/pt\/wp-json\/wp\/v2\/media?parent=27807"}],"wp:term":[{"taxonomy":"category","embeddable":true,"href":"https:\/\/tvbrazilusa.com\/pt\/wp-json\/wp\/v2\/categories?post=27807"},{"taxonomy":"post_tag","embeddable":true,"href":"https:\/\/tvbrazilusa.com\/pt\/wp-json\/wp\/v2\/tags?post=27807"}],"curies":[{"name":"wp","href":"https:\/\/api.w.org\/{rel}","templated":true}]}}