{"id":27830,"date":"2024-08-23T17:02:05","date_gmt":"2024-08-23T17:02:05","guid":{"rendered":"https:\/\/tvbrazilusa.com\/2024\/08\/23\/veja-como-a-estrela-da-ginastica-olimpica-frederick-richard-esta-sendo-homenageada-em-stoughton\/"},"modified":"2024-08-23T17:52:29","modified_gmt":"2024-08-23T17:52:29","slug":"veja-como-a-estrela-da-ginastica-olimpica-frederick-richard-esta-sendo-homenageada-em-stoughton","status":"publish","type":"post","link":"https:\/\/tvbrazilusa.com\/pt\/2024\/08\/23\/veja-como-a-estrela-da-ginastica-olimpica-frederick-richard-esta-sendo-homenageada-em-stoughton\/","title":{"rendered":"Veja como a estrela da gin\u00e1stica ol\u00edmpica Frederick Richard est\u00e1 sendo homenageada em Stoughton"},"content":{"rendered":"<p> <script async src=\"https:\/\/pagead2.googlesyndication.com\/pagead\/js\/adsbygoogle.js?client=ca-pub-8864793242727901\"\r\n     crossorigin=\"anonymous\"><\/script><br \/>\n<\/p>\n<div id=\"\">\n<header class=\"m-article-header m-article-header--standard\">\n\t\t\t\t\t\t\t\t\t\t\t\t<span id=\"article-header-primary-term\"><br \/>\n\t\t\t\t\t\t\t\t<a class=\"a-term a-term--primary\" href=\"https:\/\/www.boston.com\/tag\/local-news\/\"><\/p>\n<p>\t\t\t\t\t\t\t\tNot\u00edcias locais\t\t\t\t\t\t\t\t<\/a><br \/>\n\t\t\t\t\t\t\t<\/span><\/p>\n<h2 class=\"m-article-header__sub-headline\">O &#8220;Dia de Frederick Richard&#8221; acontecer\u00e1 em 6 de outubro em sua antiga escola.<\/h2>\n<figure class=\"a-photo m-article-header__photo\"><figcaption class=\"a-photo__caption\">\n<p>\tFrederick Richard se apresenta nas argolas durante a final geral da gin\u00e1stica art\u00edstica masculina nas Olimp\u00edadas de Paris.<em> AP Photo \/ Abbie Parr<\/em>\t<\/figcaption><\/figure>\n<\/header>\n<p>Uma das maiores estrelas da gin\u00e1stica da equipe dos EUA, <a href=\"https:\/\/www.boston.com\/sports\/sports\/2024\/07\/29\/us-mens-gymnastics-frederick-richard-stoughton\/\">Frederico Ricardo<\/a> retornou \u00e0 sua cidade natal, Stoughton, esta semana para comemorar o hist\u00f3rico bronze ol\u00edmpico da equipe masculina \u2014 sua primeira medalha desde 2008.<\/p>\n<p>Um restaurante local, J&#038;G Hillside Grill, realizou um encontro com o ginasta na noite de quinta-feira, com sua fam\u00edlia, amigos e f\u00e3s entre os participantes.<\/p>\n<p>Mas as comemora\u00e7\u00f5es n\u00e3o param por a\u00ed. Em 6 de outubro, a Stoughton High School, a alma mater de Richard, sediar\u00e1 uma celebra\u00e7\u00e3o das 12 \u00e0s 14 horas. Isso ser\u00e1 conhecido como \u201cDia de Frederick Richard\u201d.<\/p>\n<p>A cerim\u00f4nia, gratuita, consistir\u00e1 em um com\u00edcio e discursos de Richard, sua fam\u00edlia e membros da comunidade. O ginasta tamb\u00e9m receber\u00e1 uma chave da cidade, e a escola estabelecer\u00e1 uma bolsa educacional em seu nome.<\/p>\n<p>Richard ajudou a equipe masculina de gin\u00e1stica dos EUA a ganhar 257.793 pontos no total <a href=\"https:\/\/www.boston.com\/tag\/2024-olympics\/\">Jogos de Paris<\/a> no m\u00eas passado, colocando-os em terceiro, atr\u00e1s do Jap\u00e3o e da China. Ele tamb\u00e9m competiu na final individual geral, onde terminou em 15\u00ba com 82.166 pontos.<\/p>\n<p>A jovem de 20 anos, que acumulou muitos seguidores nas redes sociais sob o pseud\u00f4nimo <a href=\"https:\/\/www.instagram.com\/frederickflips\/\">@frederickflips<\/a>quer ver mais homens no esporte e est\u00e1 orgulhoso de poder estar na vanguarda dessa mudan\u00e7a.<\/p>\n<p>\u201cCresci a vida inteira desejando que houvesse alguns ginastas negros dominando o esporte no lado masculino, que eu pudesse admirar, desejando que o esporte fosse 20 vezes maior\u201d, ele <a href=\"https:\/\/www.bostonglobe.com\/2024\/07\/27\/sports\/frederick-richard-gymnastics-olympics\/\">disse ao Boston Globe<\/a>. \u201cAgora tenho a oportunidade de contribuir para isso e fazer isso acontecer.\u201d<\/p>\n<div class=\"m-block m-generic-cta\t m-generic-cta--post-content\t m-generic-cta--dark\t m-generic-cta--homepage\t m-generic-cta--email-signup\t\t m-generic-cta-block-style--default \tt-amp__generic-cta\"><\/p>\n<div class=\"m-generic-cta__wrap\">\n<div class=\"m-generic-cta__content\">\n<h3 class=\"m-generic-cta__title\">Receba as \u00faltimas not\u00edcias esportivas de Boston<\/h3>\n<p class=\"m-generic-cta__subtitle\">Receba atualiza\u00e7\u00f5es sobre seus times favoritos de Boston, diretamente da nossa reda\u00e7\u00e3o para sua caixa de entrada.<\/p>\n<\/p><\/div>\n<\/p><\/div>\n<\/div><\/div>\n<p><script>\n\t\tvar consent=\"grant\";\n\t\t\/* The above code is parsing the JSON data from the local storage and storing it in a variable. *\/\n\t\t\t\t\tconst onetrustStorageConsent = JSON.parse(localStorage.getItem( 'consent_one_trust_bdc' ) );\n\t\t\tif ( ( onetrustStorageConsent !== null ) ) {\n\t\t\t\t\/* Checking to see if the user has consented to the use of cookies.\n\t\t\t\t* If they have not, it is deleting the cookie.\n\t\t\t\t* This will comment for now, until further notice.\n\t\t\t\t*\/\n\t\t\t\t\/\/if ( onetrustStorageConsent.C0002 === false ) {\n\t\t\t\t\/\/\tdocument.cookie=\"_fbp=;expires=Thu, 01 Jan 2010 00:00:00 UTC; path=\/; domain=.boston.com\";\n\t\t\t\t\/\/}\n\t\t\t\t\/* Checking if the user has given consent for the cookie C0002.\n\t\t\t\t* If the user has given consent, the variable consent will be set to 'grant'.\n\t\t\t\t* If the user has not given consent,the variable consent will be set to 'revoke'.\n\t\t\t\t* Documentation https:\/\/developers.facebook.com\/docs\/meta-pixel\/implementation\/gdpr\n\t\t\t\t*\/\n\t\t\t\tif ( onetrustStorageConsent.C0002 !== true ) {\n\t\t\t\t\tconsent=\"revoke\";\n\t\t\t\t}\n\t\t\t}\n\t\t\t\t!function(f,b,e,v,n,t,s)\n\t\t{if(f.fbq)return;n=f.fbq=function(){n.callMethod?\n\t\tn.callMethod.apply(n,arguments):n.queue.push(arguments)};\n\t\tif(!f._fbq)f._fbq=n;n.push=n;n.loaded=!0;n.version='2.0';\n\t\tn.queue=[];t=b.createElement(e);t.async=!0;\n\t\tt.src=v;s=b.getElementsByTagName(e)[0];\n\t\ts.parentNode.insertBefore(t,s)}(window, document,'script',\n\t\t'https:\/\/connect.facebook.net\/en_US\/fbevents.js');\n\t\tfbq('consent', consent);\n\t\tfbq('init', '989222871864976');\n\t\tfbq('track', 'PageView');\n\t<\/script><script type=\"module\">\n\t\tvar consent=\"grant\";\n\t\t\/* The above code is parsing the JSON data from the local storage and storing it in a variable. *\/\n\t\t\tconst onetrustStorageConsent = JSON.parse(localStorage.getItem( 'consent_one_trust_bdc' ) );\n\t\t\t\/* Checking to see if the user has consented to the use of cookies.\n\t\t\t* If they have not, it is deleting the cookie.\n\t\t\t* This will comment for now, until further notice.\n\t\t\t*\/\n\t\t\t\/\/if ( onetrustStorageConsent.C0002 === false ) {\n\t\t\t\/\/\tdocument.cookie=\"_fbp=;expires=Thu, 01 Jan 2010 00:00:00 UTC; path=\/; domain=.boston.com\";\n\t\t\t\/\/}\n\t\t\t\/* Checking if the user has given consent for the cookie C0002.\n\t\t\t* If the user has given consent, the variable consent will be set to 'grant'.\n\t\t\t* If the user has not given consent,the variable consent will be set to 'revoke'.\n\t\t\t* Documentation https:\/\/developers.facebook.com\/docs\/meta-pixel\/implementation\/gdpr\n\t\t\t*\/\n\t\t\tif ( ( onetrustStorageConsent !== null ) && (onetrustStorageConsent.C0002 !== true ) ) {\n\t\t\t\tconsent=\"revoke\";\n\t\t\t}\n\t\t\t\t!function(f,b,e,v,n,t,s){if(f.fbq)return;n=f.fbq=function()\n\t\t{n.callMethod? n.callMethod.apply(n,arguments):n.queue.push(arguments)}\n\t\t;if(!f._fbq)f._fbq=n;\n\t\tn.push=n;n.loaded=!0;n.version='2.0';n.queue=[];t=b.createElement(e);t.async=!0;\n\t\tt.src=v;s=b.getElementsByTagName(e)[0];s.parentNode.insertBefore(t,s)}(window,\n\t\tdocument,'script','https:\/\/connect.facebook.net\/en_US\/fbevents.js');\n\t\tfbq('consent', consent);\n\t\tfbq('init', '813236348753005');\n\t\tfbq('track', \"PageView\");\n\t<\/script><script async src=\"\/\/www.instagram.com\/embed.js\"><\/script><br \/>\n<br \/><br \/>\n<br \/><a href=\"https:\/\/www.boston.com\/sports\/local-news\/2024\/08\/23\/gymnast-frederick-richard-celebrated-by-hometown-stoughton-olympics\/\">Source link <\/a><\/p>","protected":false},"excerpt":{"rendered":"<p>Not\u00edcias locais O &#8220;Dia de Frederick Richard&#8221; acontecer\u00e1 em 6 de outubro em sua antiga escola. Frederick Richard se apresenta nas argolas durante a final geral da gin\u00e1stica art\u00edstica masculina&hellip;<\/p>","protected":false},"author":1,"featured_media":27831,"comment_status":"closed","ping_status":"open","sticky":false,"template":"","format":"standard","meta":{"content-type":"","footnotes":""},"categories":[1],"tags":[],"class_list":["post-27830","post","type-post","status-publish","format-standard","has-post-thumbnail","hentry","category-uncategorized"],"_links":{"self":[{"href":"https:\/\/tvbrazilusa.com\/pt\/wp-json\/wp\/v2\/posts\/27830","targetHints":{"allow":["GET"]}}],"collection":[{"href":"https:\/\/tvbrazilusa.com\/pt\/wp-json\/wp\/v2\/posts"}],"about":[{"href":"https:\/\/tvbrazilusa.com\/pt\/wp-json\/wp\/v2\/types\/post"}],"author":[{"embeddable":true,"href":"https:\/\/tvbrazilusa.com\/pt\/wp-json\/wp\/v2\/users\/1"}],"replies":[{"embeddable":true,"href":"https:\/\/tvbrazilusa.com\/pt\/wp-json\/wp\/v2\/comments?post=27830"}],"version-history":[{"count":1,"href":"https:\/\/tvbrazilusa.com\/pt\/wp-json\/wp\/v2\/posts\/27830\/revisions"}],"predecessor-version":[{"id":27832,"href":"https:\/\/tvbrazilusa.com\/pt\/wp-json\/wp\/v2\/posts\/27830\/revisions\/27832"}],"wp:featuredmedia":[{"embeddable":true,"href":"https:\/\/tvbrazilusa.com\/pt\/wp-json\/wp\/v2\/media\/27831"}],"wp:attachment":[{"href":"https:\/\/tvbrazilusa.com\/pt\/wp-json\/wp\/v2\/media?parent=27830"}],"wp:term":[{"taxonomy":"category","embeddable":true,"href":"https:\/\/tvbrazilusa.com\/pt\/wp-json\/wp\/v2\/categories?post=27830"},{"taxonomy":"post_tag","embeddable":true,"href":"https:\/\/tvbrazilusa.com\/pt\/wp-json\/wp\/v2\/tags?post=27830"}],"curies":[{"name":"wp","href":"https:\/\/api.w.org\/{rel}","templated":true}]}}