{"id":27986,"date":"2024-08-24T01:41:00","date_gmt":"2024-08-24T01:41:00","guid":{"rendered":"https:\/\/tvbrazilusa.com\/2024\/08\/24\/um-ataque-em-um-festival-em-uma-cidade-alema-mata-3-pessoas-e-fere-pelo-menos-5-gravemente\/"},"modified":"2024-08-24T01:56:32","modified_gmt":"2024-08-24T01:56:32","slug":"um-ataque-em-um-festival-em-uma-cidade-alema-mata-3-pessoas-e-fere-pelo-menos-5-gravemente","status":"publish","type":"post","link":"https:\/\/tvbrazilusa.com\/pt\/2024\/08\/24\/um-ataque-em-um-festival-em-uma-cidade-alema-mata-3-pessoas-e-fere-pelo-menos-5-gravemente\/","title":{"rendered":"Um ataque em um festival em uma cidade alem\u00e3 mata 3 pessoas e fere pelo menos 5 gravemente"},"content":{"rendered":"<p> <script async src=\"https:\/\/pagead2.googlesyndication.com\/pagead\/js\/adsbygoogle.js?client=ca-pub-8864793242727901\"\r\n     crossorigin=\"anonymous\"><\/script><br \/>\n<\/p>\n<div id=\"\">\n<header class=\"m-article-header m-article-header--standard\">\n\t\t\t\t\t\t\t\t\t\t\t\t<span id=\"article-header-primary-term\"><br \/>\n\t\t\t\t\t\t\t\t<a class=\"a-term a-term--primary\" href=\"https:\/\/www.boston.com\/tag\/world-news\/\"><\/p>\n<p>\t\t\t\t\t\t\t\tNot\u00edcias do mundo\t\t\t\t\t\t\t\t<\/a><br \/>\n\t\t\t\t\t\t\t<\/span><\/p>\n<h2 class=\"m-article-header__sub-headline\">\u201cNenhum de n\u00f3s sabe por que\u201d o ataque ocorreu, disse Herbert Reul, ministro do Interior do estado da Ren\u00e2nia do Norte-Vestf\u00e1lia.<\/h2>\n<figure class=\"a-photo m-article-header__photo\"><figcaption class=\"a-photo__caption\">\n<p>\tPol\u00edcia e ambul\u00e2ncias perto do local onde pessoas foram mortas e feridas em um ataque em um festival em Solingen, oeste da Alemanha, informou a ag\u00eancia de not\u00edcias alem\u00e3 dpa, sexta-feira, 23 de agosto de 2024. (Gianni Gattus\/dpa via AP)<em> <\/em>\t<\/figcaption><\/figure>\n<div class=\"m-article-header__meta\">\n<div class=\"m-article-header__byline\">\n<p class=\"m-article-header__author\">\n<p>\t\t\t\t\t\t\t\tPor DANIEL NIEMANN e GEIR MOULSON, Associated Press\t\t\t\t\t\t\t<\/p>\n<p>\t\t\t\t\t\t    \t\t\t\t\t\t\t<time class=\"m-article-header__date\"><\/p>\n<p>        \t\t\t\t\t\t\tatualizado em 23 de agosto de 2024    \t\t\t\t\t\t\t<\/time><\/p><\/div>\n<\/p><\/div>\n<\/header>\n<p>SOLINGEN, Alemanha (AP) \u2014 Um agressor com uma faca matou tr\u00eas pessoas e feriu gravemente pelo menos cinco na noite de sexta-feira em um festival na cidade de Solingen, no oeste da Alemanha, disseram autoridades.<\/p>\n<p>Testemunhas alertaram a pol\u00edcia logo ap\u00f3s as 21h30 sobre um perpetrador desconhecido ter ferido v\u00e1rias pessoas indiscriminadamente com uma faca em uma pra\u00e7a central, a Fronhof. A pol\u00edcia disse que o agressor estava foragido e que at\u00e9 agora eles tinham muito pouca informa\u00e7\u00e3o sobre o homem.<\/p>\n<p>Eles disseram acreditar que os esfaqueamentos foram cometidos por um \u00fanico agressor.<\/p>\n<p>Um dos organizadores do festival, Philipp M\u00fcller, apareceu no palco e pediu aos frequentadores do festival que \u201cfossem calmos; por favor, mantenham os olhos abertos, porque infelizmente o autor do crime n\u00e3o foi pego\u201d.<\/p>\n<p>Ele disse que muitas pessoas foram feridas por \u201cum homem com faca\u201d.<\/p>\n<p>Pelo menos um helic\u00f3ptero foi visto no ar, enquanto muitos ve\u00edculos policiais e de emerg\u00eancia com luzes azuis piscantes estavam na estrada e v\u00e1rias ruas foram fechadas.<\/p>\n<p>A pol\u00edcia estimou o n\u00famero de feridos graves em cinco. O principal oficial de seguran\u00e7a da regi\u00e3o, Herbert Reul, deu um n\u00famero de seis quando visitou a cena nas primeiras horas de s\u00e1bado.<\/p>\n<p>\u201cNenhum de n\u00f3s sabe por que\u201d o ataque ocorreu, disse Reul, que \u00e9 o ministro do Interior do estado da Ren\u00e2nia do Norte-Vestf\u00e1lia.<\/p>\n<p>\u201cN\u00e3o posso dizer nada sobre o motivo agora\u201d e n\u00e3o est\u00e1 claro quem era o agressor, ele tamb\u00e9m disse e acrescentou que o agressor havia deixado o local \u201crelativamente r\u00e1pido\u201d.<\/p>\n<p>O prefeito Tim Kurzbach disse em uma publica\u00e7\u00e3o no Facebook que \u201cesta noite, n\u00f3s em Solingen estamos todos em choque. Todos quer\u00edamos celebrar o anivers\u00e1rio da nossa cidade juntos e agora temos mortos e feridos para lamentar.\u201d<\/p>\n<p>\u201cParte-me o cora\u00e7\u00e3o que tenha ocorrido um ataque \u00e0 nossa cidade\u201d, acrescentou.<\/p>\n<p>O jornal local Solinger Tageblatt citou Celine Derikartz, sua rep\u00f3rter que cobria o festival, dizendo que &#8220;a atmosfera \u00e9 assustadora&#8221;. Ela disse que a atmosfera de festa se transformou em choque em minutos e ela viu os frequentadores do festival chorando.<\/p>\n<p>O \u201cFestival da Diversidade\u201d, que marca o 650\u00ba anivers\u00e1rio da cidade, come\u00e7ou na sexta-feira e deveria durar at\u00e9 domingo, com v\u00e1rios palcos nas ruas centrais oferecendo atra\u00e7\u00f5es como m\u00fasica ao vivo, cabar\u00e9 e acrobacias.<\/p>\n<p>A cidade cancelou o resto do festival ap\u00f3s o ataque. Solingen tem cerca de 160.000 moradores e est\u00e1 localizada perto das cidades maiores de Col\u00f4nia e Duesseldorf.<\/p>\n<p>Houve preocupa\u00e7\u00e3o com o aumento da viol\u00eancia com facas na Alemanha recentemente.<\/p>\n<p>Em maio, um ataque de faca por um imigrante afeg\u00e3o contra membros de um grupo que se descreve como opositor do \u201cislamismo pol\u00edtico\u201d deixou um policial morto.<\/p>\n<p>A principal autoridade de seguran\u00e7a da Alemanha, a ministra do Interior Nancy Faeser, prop\u00f4s neste m\u00eas endurecer as leis sobre armas para permitir que apenas facas com l\u00e2mina de at\u00e9 6 cent\u00edmetros (quase 2,4 polegadas) sejam portadas em p\u00fablico, em vez do comprimento de 12 cent\u00edmetros (4,7 polegadas), que \u00e9 permitido atualmente.<\/p>\n<p>___<\/p>\n<p>Moulson relatou de Berlim.<\/p>\n<\/p><\/div>\n<p><script>\n\t\tvar consent=\"grant\";\n\t\t\/* The above code is parsing the JSON data from the local storage and storing it in a variable. *\/\n\t\t\t\t\tconst onetrustStorageConsent = JSON.parse(localStorage.getItem( 'consent_one_trust_bdc' ) );\n\t\t\tif ( ( onetrustStorageConsent !== null ) ) {\n\t\t\t\t\/* Checking to see if the user has consented to the use of cookies.\n\t\t\t\t* If they have not, it is deleting the cookie.\n\t\t\t\t* This will comment for now, until further notice.\n\t\t\t\t*\/\n\t\t\t\t\/\/if ( onetrustStorageConsent.C0002 === false ) {\n\t\t\t\t\/\/\tdocument.cookie=\"_fbp=;expires=Thu, 01 Jan 2010 00:00:00 UTC; path=\/; domain=.boston.com\";\n\t\t\t\t\/\/}\n\t\t\t\t\/* Checking if the user has given consent for the cookie C0002.\n\t\t\t\t* If the user has given consent, the variable consent will be set to 'grant'.\n\t\t\t\t* If the user has not given consent,the variable consent will be set to 'revoke'.\n\t\t\t\t* Documentation https:\/\/developers.facebook.com\/docs\/meta-pixel\/implementation\/gdpr\n\t\t\t\t*\/\n\t\t\t\tif ( onetrustStorageConsent.C0002 !== true ) {\n\t\t\t\t\tconsent=\"revoke\";\n\t\t\t\t}\n\t\t\t}\n\t\t\t\t!function(f,b,e,v,n,t,s)\n\t\t{if(f.fbq)return;n=f.fbq=function(){n.callMethod?\n\t\tn.callMethod.apply(n,arguments):n.queue.push(arguments)};\n\t\tif(!f._fbq)f._fbq=n;n.push=n;n.loaded=!0;n.version='2.0';\n\t\tn.queue=[];t=b.createElement(e);t.async=!0;\n\t\tt.src=v;s=b.getElementsByTagName(e)[0];\n\t\ts.parentNode.insertBefore(t,s)}(window, document,'script',\n\t\t'https:\/\/connect.facebook.net\/en_US\/fbevents.js');\n\t\tfbq('consent', consent);\n\t\tfbq('init', '989222871864976');\n\t\tfbq('track', 'PageView');\n\t<\/script><script type=\"module\">\n\t\tvar consent=\"grant\";\n\t\t\/* The above code is parsing the JSON data from the local storage and storing it in a variable. *\/\n\t\t\tconst onetrustStorageConsent = JSON.parse(localStorage.getItem( 'consent_one_trust_bdc' ) );\n\t\t\t\/* Checking to see if the user has consented to the use of cookies.\n\t\t\t* If they have not, it is deleting the cookie.\n\t\t\t* This will comment for now, until further notice.\n\t\t\t*\/\n\t\t\t\/\/if ( onetrustStorageConsent.C0002 === false ) {\n\t\t\t\/\/\tdocument.cookie=\"_fbp=;expires=Thu, 01 Jan 2010 00:00:00 UTC; path=\/; domain=.boston.com\";\n\t\t\t\/\/}\n\t\t\t\/* Checking if the user has given consent for the cookie C0002.\n\t\t\t* If the user has given consent, the variable consent will be set to 'grant'.\n\t\t\t* If the user has not given consent,the variable consent will be set to 'revoke'.\n\t\t\t* Documentation https:\/\/developers.facebook.com\/docs\/meta-pixel\/implementation\/gdpr\n\t\t\t*\/\n\t\t\tif ( ( onetrustStorageConsent !== null ) && (onetrustStorageConsent.C0002 !== true ) ) {\n\t\t\t\tconsent=\"revoke\";\n\t\t\t}\n\t\t\t\t!function(f,b,e,v,n,t,s){if(f.fbq)return;n=f.fbq=function()\n\t\t{n.callMethod? n.callMethod.apply(n,arguments):n.queue.push(arguments)}\n\t\t;if(!f._fbq)f._fbq=n;\n\t\tn.push=n;n.loaded=!0;n.version='2.0';n.queue=[];t=b.createElement(e);t.async=!0;\n\t\tt.src=v;s=b.getElementsByTagName(e)[0];s.parentNode.insertBefore(t,s)}(window,\n\t\tdocument,'script','https:\/\/connect.facebook.net\/en_US\/fbevents.js');\n\t\tfbq('consent', consent);\n\t\tfbq('init', '813236348753005');\n\t\tfbq('track', \"PageView\");\n\t<\/script><br \/>\n<br \/><br \/>\n<br \/><a href=\"https:\/\/www.boston.com\/news\/world-news\/2024\/08\/23\/an-attack-at-a-festival-in-a-german-city-kills-3-people-and-wounds-at-least-5-seriously\/\">Source link <\/a><\/p>","protected":false},"excerpt":{"rendered":"<p>Not\u00edcias do mundo \u201cNenhum de n\u00f3s sabe por que\u201d o ataque ocorreu, disse Herbert Reul, ministro do Interior do estado da Ren\u00e2nia do Norte-Vestf\u00e1lia. Pol\u00edcia e ambul\u00e2ncias perto do local&hellip;<\/p>","protected":false},"author":1,"featured_media":27987,"comment_status":"closed","ping_status":"open","sticky":false,"template":"","format":"standard","meta":{"content-type":"","footnotes":""},"categories":[1],"tags":[],"class_list":["post-27986","post","type-post","status-publish","format-standard","has-post-thumbnail","hentry","category-uncategorized"],"_links":{"self":[{"href":"https:\/\/tvbrazilusa.com\/pt\/wp-json\/wp\/v2\/posts\/27986","targetHints":{"allow":["GET"]}}],"collection":[{"href":"https:\/\/tvbrazilusa.com\/pt\/wp-json\/wp\/v2\/posts"}],"about":[{"href":"https:\/\/tvbrazilusa.com\/pt\/wp-json\/wp\/v2\/types\/post"}],"author":[{"embeddable":true,"href":"https:\/\/tvbrazilusa.com\/pt\/wp-json\/wp\/v2\/users\/1"}],"replies":[{"embeddable":true,"href":"https:\/\/tvbrazilusa.com\/pt\/wp-json\/wp\/v2\/comments?post=27986"}],"version-history":[{"count":1,"href":"https:\/\/tvbrazilusa.com\/pt\/wp-json\/wp\/v2\/posts\/27986\/revisions"}],"predecessor-version":[{"id":27988,"href":"https:\/\/tvbrazilusa.com\/pt\/wp-json\/wp\/v2\/posts\/27986\/revisions\/27988"}],"wp:featuredmedia":[{"embeddable":true,"href":"https:\/\/tvbrazilusa.com\/pt\/wp-json\/wp\/v2\/media\/27987"}],"wp:attachment":[{"href":"https:\/\/tvbrazilusa.com\/pt\/wp-json\/wp\/v2\/media?parent=27986"}],"wp:term":[{"taxonomy":"category","embeddable":true,"href":"https:\/\/tvbrazilusa.com\/pt\/wp-json\/wp\/v2\/categories?post=27986"},{"taxonomy":"post_tag","embeddable":true,"href":"https:\/\/tvbrazilusa.com\/pt\/wp-json\/wp\/v2\/tags?post=27986"}],"curies":[{"name":"wp","href":"https:\/\/api.w.org\/{rel}","templated":true}]}}