{"id":28029,"date":"2024-08-24T06:41:18","date_gmt":"2024-08-24T06:41:18","guid":{"rendered":"https:\/\/tvbrazilusa.com\/2024\/08\/24\/10-casas-mais-caras-vendidas-em-atlantic-city-de-12-a-18-de-agosto\/"},"modified":"2024-08-24T06:55:22","modified_gmt":"2024-08-24T06:55:22","slug":"10-casas-mais-caras-vendidas-em-atlantic-city-de-12-a-18-de-agosto","status":"publish","type":"post","link":"https:\/\/tvbrazilusa.com\/pt\/2024\/08\/24\/10-casas-mais-caras-vendidas-em-atlantic-city-de-12-a-18-de-agosto\/","title":{"rendered":"10 casas mais caras vendidas em Atlantic City, de 12 a 18 de agosto"},"content":{"rendered":"<script async src=\"https:\/\/pagead2.googlesyndication.com\/pagead\/js\/adsbygoogle.js?client=ca-pub-8864793242727901\"\r\n     crossorigin=\"anonymous\"><\/script>\n<div>\n<p class=\"article__paragraph article__paragraph--left\" id=\"H77ERJOZQNB7RNW4GJQGQJTG5I\">Um condom\u00ednio vendido por US$ 685.000 encabe\u00e7a a lista das vendas imobili\u00e1rias residenciais mais caras em Atlantic City na semana passada.<\/p>\n<p class=\"article__paragraph article__paragraph--left\" id=\"V6557T5SDZE3FCRME4IQIJVNHA\">No total, 12 vendas de im\u00f3veis residenciais foram registradas na \u00e1rea durante a semana passada, com um pre\u00e7o m\u00e9dio de $ 232.917. O pre\u00e7o m\u00e9dio por p\u00e9 quadrado foi de $ 217.<\/p>\n<p class=\"article__paragraph article__paragraph--left\" id=\"FNG7KCDXQNHZ3NOYECSSEA65XA\">Os pre\u00e7os na lista abaixo dizem respeito a vendas de im\u00f3veis cujo t\u00edtulo foi registrado durante a semana de 12 de agosto, mesmo que o im\u00f3vel tenha sido vendido antes.<\/p>\n<\/div>\n<p><br \/>\n<br \/><a href=\"https:\/\/www.nj.com\/realestate-news\/2024\/08\/10-most-expensive-homes-sold-in-atlantic-city-aug-12-18.html\">Source link <\/a><\/p>","protected":false},"excerpt":{"rendered":"<p>Um condom\u00ednio vendido por US$ 685.000 encabe\u00e7a a lista das vendas imobili\u00e1rias residenciais mais caras em Atlantic City na semana passada. No total, 12 vendas de im\u00f3veis residenciais foram registradas&hellip;<\/p>","protected":false},"author":1,"featured_media":28030,"comment_status":"closed","ping_status":"open","sticky":false,"template":"","format":"standard","meta":{"content-type":"","footnotes":""},"categories":[1],"tags":[2476,2639,3456,3445,4433,2166,3452,3454,2691,2284,2621,2618,2641,2613,2626,2637,2640,2628,2649,2631,2634,2642,14552,14551,14550,14549,14548,14547,14546,14545,14544,14543,14542,14541,14540,14539,14538,14537,14536,14535,1294,1304,1298,1338,2623,2620,2615,1325,1310,1307,1301,2159,1288,1290],"class_list":["post-28029","post","type-post","status-publish","format-standard","has-post-thumbnail","hentry","category-uncategorized","tag-palavra-chavearea","tag-palavra-chavearea-de-estar","tag-palavra-chaveatlantic-city","tag-palavra-chaveatlantico","tag-palavra-chaveave","tag-palavra-chavecasa","tag-palavra-chavecidade","tag-palavra-chavecidade-atlantica","tag-palavra-chavecondominio","tag-palavra-chavelista","tag-palavra-chavenegocio","tag-palavra-chavepe","tag-palavra-chavepes","tag-palavra-chavepreco","tag-palavra-chavepropriedade","tag-palavra-chaveproprietario","tag-palavra-chaveproprietarios","tag-palavra-chavesemana","tag-palavra-chavetotal","tag-palavra-chavetransferencia","tag-palavra-chavevenda","tag-palavra-chaveviver","tag-14552","tag-14551","tag-14550","tag-14549","tag-14548","tag-14547","tag-14546","tag-14545","tag-14544","tag-14543","tag-14542","tag-14541","tag-14540","tag-14539","tag-14538","tag-14537","tag-14536","tag-14535","tag-etiquetasubstantivo","tag-frequencia11","tag-frequencia12","tag-frequencia2","tag-frequencia20","tag-frequencia29","tag-frequencia36","tag-frequencia4","tag-frequencia6","tag-frequencia7","tag-frequencia8","tag-frequencia9","tag-pontuacao0","tag-tagnome_proprio"],"_links":{"self":[{"href":"https:\/\/tvbrazilusa.com\/pt\/wp-json\/wp\/v2\/posts\/28029","targetHints":{"allow":["GET"]}}],"collection":[{"href":"https:\/\/tvbrazilusa.com\/pt\/wp-json\/wp\/v2\/posts"}],"about":[{"href":"https:\/\/tvbrazilusa.com\/pt\/wp-json\/wp\/v2\/types\/post"}],"author":[{"embeddable":true,"href":"https:\/\/tvbrazilusa.com\/pt\/wp-json\/wp\/v2\/users\/1"}],"replies":[{"embeddable":true,"href":"https:\/\/tvbrazilusa.com\/pt\/wp-json\/wp\/v2\/comments?post=28029"}],"version-history":[{"count":1,"href":"https:\/\/tvbrazilusa.com\/pt\/wp-json\/wp\/v2\/posts\/28029\/revisions"}],"predecessor-version":[{"id":28031,"href":"https:\/\/tvbrazilusa.com\/pt\/wp-json\/wp\/v2\/posts\/28029\/revisions\/28031"}],"wp:featuredmedia":[{"embeddable":true,"href":"https:\/\/tvbrazilusa.com\/pt\/wp-json\/wp\/v2\/media\/28030"}],"wp:attachment":[{"href":"https:\/\/tvbrazilusa.com\/pt\/wp-json\/wp\/v2\/media?parent=28029"}],"wp:term":[{"taxonomy":"category","embeddable":true,"href":"https:\/\/tvbrazilusa.com\/pt\/wp-json\/wp\/v2\/categories?post=28029"},{"taxonomy":"post_tag","embeddable":true,"href":"https:\/\/tvbrazilusa.com\/pt\/wp-json\/wp\/v2\/tags?post=28029"}],"curies":[{"name":"wp","href":"https:\/\/api.w.org\/{rel}","templated":true}]}}