{"id":28069,"date":"2024-08-24T14:04:02","date_gmt":"2024-08-24T14:04:02","guid":{"rendered":"https:\/\/tvbrazilusa.com\/2024\/08\/24\/os-patriots-estavam-supostamente-cansados-de-matthew-judon-antes-da-negociacao\/"},"modified":"2024-08-24T14:10:33","modified_gmt":"2024-08-24T14:10:33","slug":"os-patriots-estavam-supostamente-cansados-de-matthew-judon-antes-da-negociacao","status":"publish","type":"post","link":"https:\/\/tvbrazilusa.com\/pt\/2024\/08\/24\/os-patriots-estavam-supostamente-cansados-de-matthew-judon-antes-da-negociacao\/","title":{"rendered":"Os Patriots estavam supostamente &#8220;cansados&#8221; de Matthew Judon antes da negocia\u00e7\u00e3o"},"content":{"rendered":"<p> <script async src=\"https:\/\/pagead2.googlesyndication.com\/pagead\/js\/adsbygoogle.js?client=ca-pub-8864793242727901\"\r\n     crossorigin=\"anonymous\"><\/script><br \/>\n<\/p>\n<div id=\"\">\n<header class=\"m-article-header m-article-header--standard\">\n\t\t\t\t\t\t\t\t\t\t\t\t<span id=\"article-header-primary-term\"><br \/>\n\t\t\t\t\t\t\t\t<a class=\"a-term a-term--primary\" href=\"https:\/\/www.boston.com\/tag\/new-england-patriots\/\"><\/p>\n<p>\t\t\t\t\t\t\t\tPatriotas\t\t\t\t\t\t\t\t<\/a><br \/>\n\t\t\t\t\t\t\t<\/span><\/p>\n<h2 class=\"m-article-header__sub-headline\">&#8220;Eles sentiam que havia o Judon voltado para o p\u00fablico e que havia o Judon nos bastidores.&#8221;<\/h2>\n<figure class=\"a-photo m-article-header__photo\"><figcaption class=\"a-photo__caption\">\n<p>\tMatthew Judon aquece antes de um jogo.<em> Michael Dwyer\/Foto AP<\/em>\t<\/figcaption><\/figure>\n<\/header>\n<p>De acordo com o rep\u00f3rter da Sports Illustrated, Albert Breer, pode ter havido mais por tr\u00e1s da sa\u00edda de Matthew Judon dos Patriots do que sua situa\u00e7\u00e3o contratual.<\/p>\n<p>Breer, falando no Boston Sports Tonight com Michael Felger, <a href=\"https:\/\/x.com\/NBCSBoston\/status\/1827037029936341465\" target=\"_blank\" rel=\"noreferrer noopener\">disse<\/a> o linebacker estrela Judon \u201cn\u00e3o era t\u00e3o querido\u201d pela diretoria dos Patriots como muitos poderiam ter pensado.<\/p>\n<p>\u201cIsso foi realmente parte disso no final, eles estavam simplesmente cansados \u200b\u200bdele\u201d, disse Breer. \u201cEles sentiram que havia o Judon voltado para o p\u00fablico, e ent\u00e3o havia o Judon nos bastidores.\u201d<\/p>\n<figure class=\"wp-block-embed is-type-rich is-provider-twitter wp-block-embed-twitter\">\n<div class=\"wp-block-embed__wrapper\">\n<blockquote class=\"twitter-tweet\" data-width=\"500\" data-dnt=\"true\">\n<p lang=\"en\" dir=\"ltr\">&#8220;Houve um pouco mais na negocia\u00e7\u00e3o de Judon do que apenas a situa\u00e7\u00e3o contratual.&#8221; <a href=\"https:\/\/twitter.com\/AlbertBreer?ref_src=twsrc%5Etfw\">@AlbertBreer<\/a> d\u00e1 uma vis\u00e3o sobre a negocia\u00e7\u00e3o de Matthew Judon e por que no final os Patriots estavam &#8220;simplesmente cansados \u200b\u200bdele&#8221;. <a href=\"https:\/\/t.co\/UBX1BAA0eI\">foto.twitter.com\/UBX1BAA0eI<\/a><\/p>\n<p>\u2014 NBC Sports Boston (@NBCSBoston) <a href=\"https:\/\/twitter.com\/NBCSBoston\/status\/1827037029936341465?ref_src=twsrc%5Etfw\">23 de agosto de 2024<\/a><\/p><\/blockquote>\n<\/div>\n<\/figure>\n<p>Judon, nos bastidores, disse Breer, havia se tornado um \u201cpequeno operador\u201d, e seu ato havia \u201cse desgastado\u201d com as pessoas dentro do pr\u00e9dio. <\/p>\n<p>\u201cN\u00e3o estou dizendo que ele \u00e9 um cara mau\u201d, disse Breer. \u201cMas havia um pouco disso de novo, tipo, esse tipo de coisa de l\u00edder de torcida nas redes sociais, que muitas pessoas na organiza\u00e7\u00e3o reviravam os olhos.\u201d<\/p>\n<p>Quando Judon \u201cse tornou um problema\u201d neste ver\u00e3o, a mentalidade dos Patriots mudou para o que eles poderiam fazer para tir\u00e1-lo do elenco. Enquanto eles tentam construir um novo programa, Breer disse, eles n\u00e3o queriam a situa\u00e7\u00e3o de Judon \u201cpairando\u201d sobre eles. <\/p>\n<p>Breer disse que os Patriots ofereceram a Judon se ele queria ir para Atlanta ou Chicago, e ele <a href=\"https:\/\/www.boston.com\/sports\/new-england-patriots\/2024\/08\/18\/new-england-patriots-matthew-judon-traded-chicago-bears-atlanta-falcons\/\" target=\"_blank\" rel=\"noreferrer noopener\">escolheu os Falcons.<\/a> A Nova Inglaterra o trocou por uma escolha de terceira rodada de 2025.<\/p>\n<div class=\"m-block m-generic-cta\t m-generic-cta--post-content\t m-generic-cta--dark\t m-generic-cta--homepage\t m-generic-cta--email-signup\t\t m-generic-cta-block-style--default \tt-amp__generic-cta\"><\/p>\n<div class=\"m-generic-cta__wrap\">\n<div class=\"m-generic-cta__content\">\n<h3 class=\"m-generic-cta__title\">Inscreva-se para receber atualiza\u00e7\u00f5es dos Patriots\ud83c\udfc8<\/h3>\n<p class=\"m-generic-cta__subtitle\">Receba not\u00edcias de \u00faltima hora e an\u00e1lises na sua caixa de entrada durante a temporada de futebol.<\/p>\n<\/p><\/div>\n<\/p><\/div>\n<\/div><\/div>\n<p><script async src=\"\/\/platform.twitter.com\/widgets.js\" charset=\"utf-8\"><\/script><script>\n\t\tvar consent=\"grant\";\n\t\t\/* The above code is parsing the JSON data from the local storage and storing it in a variable. *\/\n\t\t\t\t\tconst onetrustStorageConsent = JSON.parse(localStorage.getItem( 'consent_one_trust_bdc' ) );\n\t\t\tif ( ( onetrustStorageConsent !== null ) ) {\n\t\t\t\t\/* Checking to see if the user has consented to the use of cookies.\n\t\t\t\t* If they have not, it is deleting the cookie.\n\t\t\t\t* This will comment for now, until further notice.\n\t\t\t\t*\/\n\t\t\t\t\/\/if ( onetrustStorageConsent.C0002 === false ) {\n\t\t\t\t\/\/\tdocument.cookie=\"_fbp=;expires=Thu, 01 Jan 2010 00:00:00 UTC; path=\/; domain=.boston.com\";\n\t\t\t\t\/\/}\n\t\t\t\t\/* Checking if the user has given consent for the cookie C0002.\n\t\t\t\t* If the user has given consent, the variable consent will be set to 'grant'.\n\t\t\t\t* If the user has not given consent,the variable consent will be set to 'revoke'.\n\t\t\t\t* Documentation https:\/\/developers.facebook.com\/docs\/meta-pixel\/implementation\/gdpr\n\t\t\t\t*\/\n\t\t\t\tif ( onetrustStorageConsent.C0002 !== true ) {\n\t\t\t\t\tconsent=\"revoke\";\n\t\t\t\t}\n\t\t\t}\n\t\t\t\t!function(f,b,e,v,n,t,s)\n\t\t{if(f.fbq)return;n=f.fbq=function(){n.callMethod?\n\t\tn.callMethod.apply(n,arguments):n.queue.push(arguments)};\n\t\tif(!f._fbq)f._fbq=n;n.push=n;n.loaded=!0;n.version='2.0';\n\t\tn.queue=[];t=b.createElement(e);t.async=!0;\n\t\tt.src=v;s=b.getElementsByTagName(e)[0];\n\t\ts.parentNode.insertBefore(t,s)}(window, document,'script',\n\t\t'https:\/\/connect.facebook.net\/en_US\/fbevents.js');\n\t\tfbq('consent', consent);\n\t\tfbq('init', '989222871864976');\n\t\tfbq('track', 'PageView');\n\t<\/script><script type=\"module\">\n\t\tvar consent=\"grant\";\n\t\t\/* The above code is parsing the JSON data from the local storage and storing it in a variable. *\/\n\t\t\tconst onetrustStorageConsent = JSON.parse(localStorage.getItem( 'consent_one_trust_bdc' ) );\n\t\t\t\/* Checking to see if the user has consented to the use of cookies.\n\t\t\t* If they have not, it is deleting the cookie.\n\t\t\t* This will comment for now, until further notice.\n\t\t\t*\/\n\t\t\t\/\/if ( onetrustStorageConsent.C0002 === false ) {\n\t\t\t\/\/\tdocument.cookie=\"_fbp=;expires=Thu, 01 Jan 2010 00:00:00 UTC; path=\/; domain=.boston.com\";\n\t\t\t\/\/}\n\t\t\t\/* Checking if the user has given consent for the cookie C0002.\n\t\t\t* If the user has given consent, the variable consent will be set to 'grant'.\n\t\t\t* If the user has not given consent,the variable consent will be set to 'revoke'.\n\t\t\t* Documentation https:\/\/developers.facebook.com\/docs\/meta-pixel\/implementation\/gdpr\n\t\t\t*\/\n\t\t\tif ( ( onetrustStorageConsent !== null ) && (onetrustStorageConsent.C0002 !== true ) ) {\n\t\t\t\tconsent=\"revoke\";\n\t\t\t}\n\t\t\t\t!function(f,b,e,v,n,t,s){if(f.fbq)return;n=f.fbq=function()\n\t\t{n.callMethod? n.callMethod.apply(n,arguments):n.queue.push(arguments)}\n\t\t;if(!f._fbq)f._fbq=n;\n\t\tn.push=n;n.loaded=!0;n.version='2.0';n.queue=[];t=b.createElement(e);t.async=!0;\n\t\tt.src=v;s=b.getElementsByTagName(e)[0];s.parentNode.insertBefore(t,s)}(window,\n\t\tdocument,'script','https:\/\/connect.facebook.net\/en_US\/fbevents.js');\n\t\tfbq('consent', consent);\n\t\tfbq('init', '813236348753005');\n\t\tfbq('track', \"PageView\");\n\t<\/script><br \/>\n<br \/><br \/>\n<br \/><a href=\"https:\/\/www.boston.com\/sports\/new-england-patriots\/2024\/08\/24\/patriots-matthew-judon-trade-albert-breer-rumors-falcons\/\">Source link <\/a><\/p>","protected":false},"excerpt":{"rendered":"<p>Patriotas &#8220;Eles sentiam que havia o Judon voltado para o p\u00fablico e que havia o Judon nos bastidores.&#8221; Matthew Judon aquece antes de um jogo. Michael Dwyer\/Foto AP De acordo&hellip;<\/p>","protected":false},"author":1,"featured_media":28070,"comment_status":"closed","ping_status":"open","sticky":false,"template":"","format":"standard","meta":{"content-type":"","footnotes":""},"categories":[1],"tags":[],"class_list":["post-28069","post","type-post","status-publish","format-standard","has-post-thumbnail","hentry","category-uncategorized"],"_links":{"self":[{"href":"https:\/\/tvbrazilusa.com\/pt\/wp-json\/wp\/v2\/posts\/28069","targetHints":{"allow":["GET"]}}],"collection":[{"href":"https:\/\/tvbrazilusa.com\/pt\/wp-json\/wp\/v2\/posts"}],"about":[{"href":"https:\/\/tvbrazilusa.com\/pt\/wp-json\/wp\/v2\/types\/post"}],"author":[{"embeddable":true,"href":"https:\/\/tvbrazilusa.com\/pt\/wp-json\/wp\/v2\/users\/1"}],"replies":[{"embeddable":true,"href":"https:\/\/tvbrazilusa.com\/pt\/wp-json\/wp\/v2\/comments?post=28069"}],"version-history":[{"count":1,"href":"https:\/\/tvbrazilusa.com\/pt\/wp-json\/wp\/v2\/posts\/28069\/revisions"}],"predecessor-version":[{"id":28071,"href":"https:\/\/tvbrazilusa.com\/pt\/wp-json\/wp\/v2\/posts\/28069\/revisions\/28071"}],"wp:featuredmedia":[{"embeddable":true,"href":"https:\/\/tvbrazilusa.com\/pt\/wp-json\/wp\/v2\/media\/28070"}],"wp:attachment":[{"href":"https:\/\/tvbrazilusa.com\/pt\/wp-json\/wp\/v2\/media?parent=28069"}],"wp:term":[{"taxonomy":"category","embeddable":true,"href":"https:\/\/tvbrazilusa.com\/pt\/wp-json\/wp\/v2\/categories?post=28069"},{"taxonomy":"post_tag","embeddable":true,"href":"https:\/\/tvbrazilusa.com\/pt\/wp-json\/wp\/v2\/tags?post=28069"}],"curies":[{"name":"wp","href":"https:\/\/api.w.org\/{rel}","templated":true}]}}