{"id":28072,"date":"2024-08-24T14:41:51","date_gmt":"2024-08-24T14:41:51","guid":{"rendered":"https:\/\/tvbrazilusa.com\/2024\/08\/24\/apesar-da-pre-temporada-forte-mac-jones-as-vezes-voltara-aos-seus-habitos-dos-patriots-segundo-doug-pederson\/"},"modified":"2024-08-24T14:48:03","modified_gmt":"2024-08-24T14:48:03","slug":"apesar-da-pre-temporada-forte-mac-jones-as-vezes-voltara-aos-seus-habitos-dos-patriots-segundo-doug-pederson","status":"publish","type":"post","link":"https:\/\/tvbrazilusa.com\/pt\/2024\/08\/24\/apesar-da-pre-temporada-forte-mac-jones-as-vezes-voltara-aos-seus-habitos-dos-patriots-segundo-doug-pederson\/","title":{"rendered":"Apesar da pr\u00e9-temporada forte, Mac Jones \u00e0s vezes &#8220;voltar\u00e1 aos seus h\u00e1bitos dos Patriots&#8221;, segundo Doug Pederson"},"content":{"rendered":"<p> <script async src=\"https:\/\/pagead2.googlesyndication.com\/pagead\/js\/adsbygoogle.js?client=ca-pub-8864793242727901\"\r\n     crossorigin=\"anonymous\"><\/script><br \/>\n<\/p>\n<div id=\"\">\n<header class=\"m-article-header m-article-header--standard\">\n\t\t\t\t\t\t\t\t\t\t\t\t<span id=\"article-header-primary-term\"><br \/>\n\t\t\t\t\t\t\t\t<a class=\"a-term a-term--primary\" href=\"https:\/\/www.boston.com\/tag\/nfl\/\"><\/p>\n<p>\t\t\t\t\t\t\t\tNFL\t\t\t\t\t\t\t\t<\/a><br \/>\n\t\t\t\t\t\t\t<\/span><\/p>\n<h2 class=\"m-article-header__sub-headline\">&#8220;Temos que lembr\u00e1-lo de que ele est\u00e1 em Jacksonville.&#8221;<\/h2>\n<figure class=\"a-photo m-article-header__photo\"><figcaption class=\"a-photo__caption\">\n<p>\tMac Jones tenta ganhar mais jardas durante um jogo de pr\u00e9-temporada contra os Chiefs.<em> Phelan M. Ebenhack\/Foto AP<\/em>\t<\/figcaption><\/figure>\n<\/header>\n<p>O ex-quarterback dos Patriots, Mac Jones, est\u00e1 aproveitando ao m\u00e1ximo seu novo come\u00e7o em Jacksonville at\u00e9 agora. <\/p>\n<figure class=\"wp-block-embed is-type-rich is-provider-twitter wp-block-embed-twitter\"\/>\n<p>Jones terminou a pr\u00e9-temporada com 38 para 52 (73,1 por cento) com tr\u00eas touchdowns e nenhuma intercepta\u00e7\u00e3o, bom para um passer rating de 115,9. Na sexta-feira, Jones fez 13 para 18 (72,2 por cento) para 113 jardas, um TD e nenhuma intercepta\u00e7\u00e3o, enquanto os Jaguars atropelaram os Falcons por 31-0.<\/p>\n<p>Embora seja o claro reserva do titular comprovado Trevor Lawrence, Jones certamente chamou a aten\u00e7\u00e3o nesta pr\u00e9-temporada.<\/p>\n<figure class=\"wp-block-embed is-type-rich is-provider-twitter wp-block-embed-twitter\"\/>\n<p>O t\u00e9cnico do Jaguars, Doug Pederson, o elogiou por gerenciar e comandar o ataque e envolver todos. Ao mesmo tempo, Pederson \u2014 que levou os Eagles ao triunfo do Super Bowl LII sobre os Patriots em 2018 \u2014 disse que alguns dos velhos h\u00e1bitos de Jones ocasionalmente v\u00eam \u00e0 tona.<\/p>\n<p>\u201cMac tem jogado extremamente bem nas \u00faltimas semanas e realmente comprou o que fazemos\u201d, <a href=\"https:\/\/x.com\/MikeReiss\/status\/1827171505882444067\" target=\"_blank\" rel=\"noreferrer noopener\">Pederson disse aos rep\u00f3rteres.<\/a> \u201cEle ainda vai voltar aos seus h\u00e1bitos dos Patriots de vez em quando, e temos que lembr\u00e1-lo de que ele est\u00e1 em Jacksonville.\u201d<\/p>\n<figure class=\"wp-block-embed is-type-rich is-provider-twitter wp-block-embed-twitter\">\n<div class=\"wp-block-embed__wrapper\">\n<blockquote class=\"twitter-tweet\" data-width=\"500\" data-dnt=\"true\">\n<p lang=\"en\" dir=\"ltr\">O t\u00e9cnico dos Jaguars, Doug Pederson, fala sobre o QB reserva Mac Jones em 3 jogos da pr\u00e9-temporada: (38 de 52 para 421 jardas, 3 TDs, 0 INT, 4 sacks):<\/p>\n<p>\u201cMac jogou extremamente bem nas \u00faltimas semanas e realmente comprou o que fazemos. Ele ainda vai voltar aos seus modos dos Patriots de vez em quando\u2026<\/p>\n<p>\u2014 Mike Reiss (@MikeReiss) <a href=\"https:\/\/twitter.com\/MikeReiss\/status\/1827171505882444067?ref_src=twsrc%5Etfw\">24 de agosto de 2024<\/a><\/p><\/blockquote>\n<\/div>\n<\/figure>\n<p>Seja uma provoca\u00e7\u00e3o sutil ou n\u00e3o, os coment\u00e1rios de Pederson certamente levantam algumas quest\u00f5es sobre se ele acha que a Nova Inglaterra maximizou o talento de Jones. <\/p>\n<p>\u201cEle enxerga bem o campo, lan\u00e7a uma boa bola, ent\u00e3o ele fez um bom trabalho\u201d, disse Pederson. <\/p>\n<div class=\"m-block m-generic-cta\t m-generic-cta--post-content\t m-generic-cta--dark\t m-generic-cta--homepage\t m-generic-cta--email-signup\t\t m-generic-cta-block-style--default \tt-amp__generic-cta\"><\/p>\n<div class=\"m-generic-cta__wrap\">\n<div class=\"m-generic-cta__content\">\n<h3 class=\"m-generic-cta__title\">Inscreva-se para receber atualiza\u00e7\u00f5es dos Patriots\ud83c\udfc8<\/h3>\n<p class=\"m-generic-cta__subtitle\">Receba not\u00edcias de \u00faltima hora e an\u00e1lises na sua caixa de entrada durante a temporada de futebol.<\/p>\n<\/p><\/div>\n<\/p><\/div>\n<\/div><\/div>\n<p><script async src=\"\/\/platform.twitter.com\/widgets.js\" charset=\"utf-8\"><\/script><script>\n\t\tvar consent=\"grant\";\n\t\t\/* The above code is parsing the JSON data from the local storage and storing it in a variable. *\/\n\t\t\t\t\tconst onetrustStorageConsent = JSON.parse(localStorage.getItem( 'consent_one_trust_bdc' ) );\n\t\t\tif ( ( onetrustStorageConsent !== null ) ) {\n\t\t\t\t\/* Checking to see if the user has consented to the use of cookies.\n\t\t\t\t* If they have not, it is deleting the cookie.\n\t\t\t\t* This will comment for now, until further notice.\n\t\t\t\t*\/\n\t\t\t\t\/\/if ( onetrustStorageConsent.C0002 === false ) {\n\t\t\t\t\/\/\tdocument.cookie=\"_fbp=;expires=Thu, 01 Jan 2010 00:00:00 UTC; path=\/; domain=.boston.com\";\n\t\t\t\t\/\/}\n\t\t\t\t\/* Checking if the user has given consent for the cookie C0002.\n\t\t\t\t* If the user has given consent, the variable consent will be set to 'grant'.\n\t\t\t\t* If the user has not given consent,the variable consent will be set to 'revoke'.\n\t\t\t\t* Documentation https:\/\/developers.facebook.com\/docs\/meta-pixel\/implementation\/gdpr\n\t\t\t\t*\/\n\t\t\t\tif ( onetrustStorageConsent.C0002 !== true ) {\n\t\t\t\t\tconsent=\"revoke\";\n\t\t\t\t}\n\t\t\t}\n\t\t\t\t!function(f,b,e,v,n,t,s)\n\t\t{if(f.fbq)return;n=f.fbq=function(){n.callMethod?\n\t\tn.callMethod.apply(n,arguments):n.queue.push(arguments)};\n\t\tif(!f._fbq)f._fbq=n;n.push=n;n.loaded=!0;n.version='2.0';\n\t\tn.queue=[];t=b.createElement(e);t.async=!0;\n\t\tt.src=v;s=b.getElementsByTagName(e)[0];\n\t\ts.parentNode.insertBefore(t,s)}(window, document,'script',\n\t\t'https:\/\/connect.facebook.net\/en_US\/fbevents.js');\n\t\tfbq('consent', consent);\n\t\tfbq('init', '989222871864976');\n\t\tfbq('track', 'PageView');\n\t<\/script><script type=\"module\">\n\t\tvar consent=\"grant\";\n\t\t\/* The above code is parsing the JSON data from the local storage and storing it in a variable. *\/\n\t\t\tconst onetrustStorageConsent = JSON.parse(localStorage.getItem( 'consent_one_trust_bdc' ) );\n\t\t\t\/* Checking to see if the user has consented to the use of cookies.\n\t\t\t* If they have not, it is deleting the cookie.\n\t\t\t* This will comment for now, until further notice.\n\t\t\t*\/\n\t\t\t\/\/if ( onetrustStorageConsent.C0002 === false ) {\n\t\t\t\/\/\tdocument.cookie=\"_fbp=;expires=Thu, 01 Jan 2010 00:00:00 UTC; path=\/; domain=.boston.com\";\n\t\t\t\/\/}\n\t\t\t\/* Checking if the user has given consent for the cookie C0002.\n\t\t\t* If the user has given consent, the variable consent will be set to 'grant'.\n\t\t\t* If the user has not given consent,the variable consent will be set to 'revoke'.\n\t\t\t* Documentation https:\/\/developers.facebook.com\/docs\/meta-pixel\/implementation\/gdpr\n\t\t\t*\/\n\t\t\tif ( ( onetrustStorageConsent !== null ) && (onetrustStorageConsent.C0002 !== true ) ) {\n\t\t\t\tconsent=\"revoke\";\n\t\t\t}\n\t\t\t\t!function(f,b,e,v,n,t,s){if(f.fbq)return;n=f.fbq=function()\n\t\t{n.callMethod? n.callMethod.apply(n,arguments):n.queue.push(arguments)}\n\t\t;if(!f._fbq)f._fbq=n;\n\t\tn.push=n;n.loaded=!0;n.version='2.0';n.queue=[];t=b.createElement(e);t.async=!0;\n\t\tt.src=v;s=b.getElementsByTagName(e)[0];s.parentNode.insertBefore(t,s)}(window,\n\t\tdocument,'script','https:\/\/connect.facebook.net\/en_US\/fbevents.js');\n\t\tfbq('consent', consent);\n\t\tfbq('init', '813236348753005');\n\t\tfbq('track', \"PageView\");\n\t<\/script><br \/>\n<br \/><br \/>\n<br \/><a href=\"https:\/\/www.boston.com\/sports\/nfl\/2024\/08\/24\/doug-pederson-mac-jones-jaguars-quotes-patriots-ways\/\">Source link <\/a><\/p>","protected":false},"excerpt":{"rendered":"<p>NFL &#8220;Temos que lembr\u00e1-lo de que ele est\u00e1 em Jacksonville.&#8221; Mac Jones tenta ganhar mais jardas durante um jogo de pr\u00e9-temporada contra os Chiefs. Phelan M. Ebenhack\/Foto AP O ex-quarterback&hellip;<\/p>","protected":false},"author":1,"featured_media":28073,"comment_status":"closed","ping_status":"open","sticky":false,"template":"","format":"standard","meta":{"content-type":"","footnotes":""},"categories":[1],"tags":[],"class_list":["post-28072","post","type-post","status-publish","format-standard","has-post-thumbnail","hentry","category-uncategorized"],"_links":{"self":[{"href":"https:\/\/tvbrazilusa.com\/pt\/wp-json\/wp\/v2\/posts\/28072","targetHints":{"allow":["GET"]}}],"collection":[{"href":"https:\/\/tvbrazilusa.com\/pt\/wp-json\/wp\/v2\/posts"}],"about":[{"href":"https:\/\/tvbrazilusa.com\/pt\/wp-json\/wp\/v2\/types\/post"}],"author":[{"embeddable":true,"href":"https:\/\/tvbrazilusa.com\/pt\/wp-json\/wp\/v2\/users\/1"}],"replies":[{"embeddable":true,"href":"https:\/\/tvbrazilusa.com\/pt\/wp-json\/wp\/v2\/comments?post=28072"}],"version-history":[{"count":1,"href":"https:\/\/tvbrazilusa.com\/pt\/wp-json\/wp\/v2\/posts\/28072\/revisions"}],"predecessor-version":[{"id":28074,"href":"https:\/\/tvbrazilusa.com\/pt\/wp-json\/wp\/v2\/posts\/28072\/revisions\/28074"}],"wp:featuredmedia":[{"embeddable":true,"href":"https:\/\/tvbrazilusa.com\/pt\/wp-json\/wp\/v2\/media\/28073"}],"wp:attachment":[{"href":"https:\/\/tvbrazilusa.com\/pt\/wp-json\/wp\/v2\/media?parent=28072"}],"wp:term":[{"taxonomy":"category","embeddable":true,"href":"https:\/\/tvbrazilusa.com\/pt\/wp-json\/wp\/v2\/categories?post=28072"},{"taxonomy":"post_tag","embeddable":true,"href":"https:\/\/tvbrazilusa.com\/pt\/wp-json\/wp\/v2\/tags?post=28072"}],"curies":[{"name":"wp","href":"https:\/\/api.w.org\/{rel}","templated":true}]}}