{"id":28078,"date":"2024-08-24T15:08:29","date_gmt":"2024-08-24T15:08:29","guid":{"rendered":"https:\/\/tvbrazilusa.com\/2024\/08\/24\/policial-de-malden-e-inocentado-de-envolvimento-de-policial-em-tiroteio-com-suspeito-de-assalto-a-mao-armada\/"},"modified":"2024-08-24T15:20:44","modified_gmt":"2024-08-24T15:20:44","slug":"policial-de-malden-e-inocentado-de-envolvimento-de-policial-em-tiroteio-com-suspeito-de-assalto-a-mao-armada","status":"publish","type":"post","link":"https:\/\/tvbrazilusa.com\/pt\/2024\/08\/24\/policial-de-malden-e-inocentado-de-envolvimento-de-policial-em-tiroteio-com-suspeito-de-assalto-a-mao-armada\/","title":{"rendered":"Policial de Malden \u00e9 inocentado de envolvimento de policial em tiroteio com suspeito de assalto \u00e0 m\u00e3o armada"},"content":{"rendered":"<p> <script async src=\"https:\/\/pagead2.googlesyndication.com\/pagead\/js\/adsbygoogle.js?client=ca-pub-8864793242727901\"\r\n     crossorigin=\"anonymous\"><\/script><br \/>\n<\/p>\n<div id=\"\">\n<header class=\"m-article-header m-article-header--standard\">\n\t\t\t\t\t\t\t\t\t\t\t\t<span id=\"article-header-primary-term\"><br \/>\n\t\t\t\t\t\t\t\t<a class=\"a-term a-term--primary\" href=\"https:\/\/www.boston.com\/tag\/local-news\/\"><\/p>\n<p>\t\t\t\t\t\t\t\tNot\u00edcias locais\t\t\t\t\t\t\t\t<\/a><br \/>\n\t\t\t\t\t\t\t<\/span><\/p>\n<h2 class=\"m-article-header__sub-headline\">O policial que atirou em um homem que brandia uma faca usou for\u00e7a razo\u00e1vel no incidente de maio de 2024, concluiu o gabinete do promotor p\u00fablico de Middlesex.<\/h2>\n<figure class=\"a-photo m-article-header__photo\"><figcaption class=\"a-photo__caption\">\n\t<em> <\/em>\t<\/figcaption><\/figure>\n<\/header>\n<p>Um policial de Malden que atirou em um homem acusado de socar e roubar uma mulher n\u00e3o enfrentar\u00e1 acusa\u00e7\u00f5es criminais, anunciou a promotora distrital de Middlesex, Marian Ryan, na sexta-feira.<\/p>\n<p>Na manh\u00e3 de 22 de maio, a policial de Malden, Amanda Grenier, atirou em Dominique Long, 31, de Malden, enquanto respondia ao incidente. O gabinete de Ryan disse que uma revis\u00e3o completa concluiu que as a\u00e7\u00f5es de Grenier n\u00e3o justificam acusa\u00e7\u00f5es.<\/p>\n<p>Grenier foi um dos v\u00e1rios policiais a responder a uma alterca\u00e7\u00e3o na 260 Eastern Ave. envolvendo Long e uma mulher de 43 anos. De acordo com os promotores, Long supostamente jogou uma x\u00edcara na mulher, que estava caminhando por perto, antes de soc\u00e1-la na cabe\u00e7a. <\/p>\n<p>Ap\u00f3s a suposta agress\u00e3o, a v\u00edtima tentou gravar Long com um iPad, mas Long supostamente pegou o dispositivo e puxou uma faca contra ela, de acordo com as autoridades. <\/p>\n<p>Os promotores dizem que Long continuou andando na Eastern Avenue e amea\u00e7ou outra pessoa com uma faca. Ambas as v\u00edtimas ligaram para o 911 e disseram aos despachantes que Long tinha uma faca. <\/p>\n<p>Grenier chegou ao local e tentou falar com Long, mas ele n\u00e3o obedeceu \u00e0s ordens da pol\u00edcia de largar os itens que estava carregando, de acordo com as autoridades.<\/p>\n<p>\u201cO suspeito ent\u00e3o largou seus pertences, tirou uma faca de cozinha do bolso da cal\u00e7a e avan\u00e7ou em dire\u00e7\u00e3o ao policial Cameron Selfridge, um dos policiais que responderam\u201d, disse o gabinete de Ryan em um comunicado \u00e0 imprensa. \u201cA pol\u00edcia usou Tasers menos letais que foram ineficazes. Como o suspeito continuou a avan\u00e7ar, a policial Amanda Grenier disparou sua arma e atingiu o suspeito.\u201d<\/p>\n<p>Long foi tratado em um hospital pr\u00f3ximo e depois acusado de assalto \u00e0 m\u00e3o armada, tr\u00eas acusa\u00e7\u00f5es de agress\u00e3o com arma perigosa, intimida\u00e7\u00e3o de testemunha e agress\u00e3o f\u00edsica.<\/p>\n<p>O gabinete de Ryan disse que a investiga\u00e7\u00e3o concluiu que Grenier estava &#8220;razo\u00e1vel em sua cren\u00e7a de que havia perigo iminente de morte ou danos corporais graves ao policial Cameron Selfridge e que nenhum outro meio, exceto o usado, teria evitado tal dano&#8221;.<\/p>\n<div class=\"m-block m-generic-cta\t m-generic-cta--post-content\t m-generic-cta--dark\t m-generic-cta--homepage\t m-generic-cta--email-signup\t\t m-generic-cta-block-style--default \tt-amp__generic-cta\"><\/p>\n<div class=\"m-generic-cta__wrap\">\n<div class=\"m-generic-cta__content\">\n<h3 class=\"m-generic-cta__title\">Boston.com Hoje<\/h3>\n<p class=\"m-generic-cta__subtitle\">Inscreva-se para receber as \u00faltimas manchetes na sua caixa de entrada todas as manh\u00e3s.<\/p>\n<\/p><\/div>\n<\/p><\/div>\n<\/div><\/div>\n<p><script>\n\t\tvar consent=\"grant\";\n\t\t\/* The above code is parsing the JSON data from the local storage and storing it in a variable. *\/\n\t\t\t\t\tconst onetrustStorageConsent = JSON.parse(localStorage.getItem( 'consent_one_trust_bdc' ) );\n\t\t\tif ( ( onetrustStorageConsent !== null ) ) {\n\t\t\t\t\/* Checking to see if the user has consented to the use of cookies.\n\t\t\t\t* If they have not, it is deleting the cookie.\n\t\t\t\t* This will comment for now, until further notice.\n\t\t\t\t*\/\n\t\t\t\t\/\/if ( onetrustStorageConsent.C0002 === false ) {\n\t\t\t\t\/\/\tdocument.cookie=\"_fbp=;expires=Thu, 01 Jan 2010 00:00:00 UTC; path=\/; domain=.boston.com\";\n\t\t\t\t\/\/}\n\t\t\t\t\/* Checking if the user has given consent for the cookie C0002.\n\t\t\t\t* If the user has given consent, the variable consent will be set to 'grant'.\n\t\t\t\t* If the user has not given consent,the variable consent will be set to 'revoke'.\n\t\t\t\t* Documentation https:\/\/developers.facebook.com\/docs\/meta-pixel\/implementation\/gdpr\n\t\t\t\t*\/\n\t\t\t\tif ( onetrustStorageConsent.C0002 !== true ) {\n\t\t\t\t\tconsent=\"revoke\";\n\t\t\t\t}\n\t\t\t}\n\t\t\t\t!function(f,b,e,v,n,t,s)\n\t\t{if(f.fbq)return;n=f.fbq=function(){n.callMethod?\n\t\tn.callMethod.apply(n,arguments):n.queue.push(arguments)};\n\t\tif(!f._fbq)f._fbq=n;n.push=n;n.loaded=!0;n.version='2.0';\n\t\tn.queue=[];t=b.createElement(e);t.async=!0;\n\t\tt.src=v;s=b.getElementsByTagName(e)[0];\n\t\ts.parentNode.insertBefore(t,s)}(window, document,'script',\n\t\t'https:\/\/connect.facebook.net\/en_US\/fbevents.js');\n\t\tfbq('consent', consent);\n\t\tfbq('init', '989222871864976');\n\t\tfbq('track', 'PageView');\n\t<\/script><script type=\"module\">\n\t\tvar consent=\"grant\";\n\t\t\/* The above code is parsing the JSON data from the local storage and storing it in a variable. *\/\n\t\t\tconst onetrustStorageConsent = JSON.parse(localStorage.getItem( 'consent_one_trust_bdc' ) );\n\t\t\t\/* Checking to see if the user has consented to the use of cookies.\n\t\t\t* If they have not, it is deleting the cookie.\n\t\t\t* This will comment for now, until further notice.\n\t\t\t*\/\n\t\t\t\/\/if ( onetrustStorageConsent.C0002 === false ) {\n\t\t\t\/\/\tdocument.cookie=\"_fbp=;expires=Thu, 01 Jan 2010 00:00:00 UTC; path=\/; domain=.boston.com\";\n\t\t\t\/\/}\n\t\t\t\/* Checking if the user has given consent for the cookie C0002.\n\t\t\t* If the user has given consent, the variable consent will be set to 'grant'.\n\t\t\t* If the user has not given consent,the variable consent will be set to 'revoke'.\n\t\t\t* Documentation https:\/\/developers.facebook.com\/docs\/meta-pixel\/implementation\/gdpr\n\t\t\t*\/\n\t\t\tif ( ( onetrustStorageConsent !== null ) && (onetrustStorageConsent.C0002 !== true ) ) {\n\t\t\t\tconsent=\"revoke\";\n\t\t\t}\n\t\t\t\t!function(f,b,e,v,n,t,s){if(f.fbq)return;n=f.fbq=function()\n\t\t{n.callMethod? n.callMethod.apply(n,arguments):n.queue.push(arguments)}\n\t\t;if(!f._fbq)f._fbq=n;\n\t\tn.push=n;n.loaded=!0;n.version='2.0';n.queue=[];t=b.createElement(e);t.async=!0;\n\t\tt.src=v;s=b.getElementsByTagName(e)[0];s.parentNode.insertBefore(t,s)}(window,\n\t\tdocument,'script','https:\/\/connect.facebook.net\/en_US\/fbevents.js');\n\t\tfbq('consent', consent);\n\t\tfbq('init', '813236348753005');\n\t\tfbq('track', \"PageView\");\n\t<\/script><br \/>\n<br \/><br \/>\n<br \/><a href=\"https:\/\/www.boston.com\/news\/local-news\/2024\/08\/24\/malden-cop-cleared-in-officer-involved-shooting-of-armed-robbery-suspect\/\">Source link <\/a><\/p>","protected":false},"excerpt":{"rendered":"<p>Not\u00edcias locais O policial que atirou em um homem que brandia uma faca usou for\u00e7a razo\u00e1vel no incidente de maio de 2024, concluiu o gabinete do promotor p\u00fablico de Middlesex.&hellip;<\/p>","protected":false},"author":1,"featured_media":7825,"comment_status":"closed","ping_status":"open","sticky":false,"template":"","format":"standard","meta":{"content-type":"","footnotes":""},"categories":[1],"tags":[],"class_list":["post-28078","post","type-post","status-publish","format-standard","has-post-thumbnail","hentry","category-uncategorized"],"_links":{"self":[{"href":"https:\/\/tvbrazilusa.com\/pt\/wp-json\/wp\/v2\/posts\/28078","targetHints":{"allow":["GET"]}}],"collection":[{"href":"https:\/\/tvbrazilusa.com\/pt\/wp-json\/wp\/v2\/posts"}],"about":[{"href":"https:\/\/tvbrazilusa.com\/pt\/wp-json\/wp\/v2\/types\/post"}],"author":[{"embeddable":true,"href":"https:\/\/tvbrazilusa.com\/pt\/wp-json\/wp\/v2\/users\/1"}],"replies":[{"embeddable":true,"href":"https:\/\/tvbrazilusa.com\/pt\/wp-json\/wp\/v2\/comments?post=28078"}],"version-history":[{"count":1,"href":"https:\/\/tvbrazilusa.com\/pt\/wp-json\/wp\/v2\/posts\/28078\/revisions"}],"predecessor-version":[{"id":28079,"href":"https:\/\/tvbrazilusa.com\/pt\/wp-json\/wp\/v2\/posts\/28078\/revisions\/28079"}],"wp:featuredmedia":[{"embeddable":true,"href":"https:\/\/tvbrazilusa.com\/pt\/wp-json\/wp\/v2\/media\/7825"}],"wp:attachment":[{"href":"https:\/\/tvbrazilusa.com\/pt\/wp-json\/wp\/v2\/media?parent=28078"}],"wp:term":[{"taxonomy":"category","embeddable":true,"href":"https:\/\/tvbrazilusa.com\/pt\/wp-json\/wp\/v2\/categories?post=28078"},{"taxonomy":"post_tag","embeddable":true,"href":"https:\/\/tvbrazilusa.com\/pt\/wp-json\/wp\/v2\/tags?post=28078"}],"curies":[{"name":"wp","href":"https:\/\/api.w.org\/{rel}","templated":true}]}}