{"id":28123,"date":"2024-08-24T21:34:07","date_gmt":"2024-08-24T21:34:07","guid":{"rendered":"https:\/\/tvbrazilusa.com\/2024\/08\/24\/motociclista-e-hospitalizado-em-acidente-envolvendo-carro-em-shelton\/"},"modified":"2024-08-24T22:07:14","modified_gmt":"2024-08-24T22:07:14","slug":"motociclista-e-hospitalizado-em-acidente-envolvendo-carro-em-shelton","status":"publish","type":"post","link":"https:\/\/tvbrazilusa.com\/pt\/2024\/08\/24\/motociclista-e-hospitalizado-em-acidente-envolvendo-carro-em-shelton\/","title":{"rendered":"Motociclista \u00e9 hospitalizado em acidente envolvendo carro em Shelton"},"content":{"rendered":"<script async src=\"https:\/\/pagead2.googlesyndication.com\/pagead\/js\/adsbygoogle.js?client=ca-pub-8864793242727901\"\r\n     crossorigin=\"anonymous\"><\/script>\n<p>SHELTON, Connecticut (WTNH) \u2013 O Corpo de Bombeiros de Shelton relata que o motorista de uma motocicleta foi levado ao hospital ap\u00f3s um acidente envolvendo um carro na sexta-feira \u00e0 noite. <\/p>\n<p>O acidente foi relatado \u00e0s 23h40 de sexta-feira. Equipes de bombeiros chegaram e encontraram a motocicleta tombada de lado e o motorista semiconsciente no ch\u00e3o. <\/p>\n<p>Membros do EMS transportaram o operador da motocicleta para uma unidade de trauma para tratamento. A extens\u00e3o dos ferimentos \u00e9 desconhecida neste momento. O motorista do carro n\u00e3o ficou ferido. <\/p>\n<p>Esta \u00e9 uma investiga\u00e7\u00e3o em andamento. <strong><em>Volte para o News 8 para mais detalhes.<\/em><\/strong> <\/p>\n<p><br \/>\n<br \/><a href=\"https:\/\/www.wtnh.com\/news\/connecticut\/fairfield\/motorcyclist-hospitalized-in-crash-involving-a-car-in-shelton\/\">Source link <\/a><\/p>","protected":false},"excerpt":{"rendered":"<p>SHELTON, Connecticut (WTNH) \u2013 O Corpo de Bombeiros de Shelton relata que o motorista de uma motocicleta foi levado ao hospital ap\u00f3s um acidente envolvendo um carro na sexta-feira \u00e0&hellip;<\/p>","protected":false},"author":1,"featured_media":28124,"comment_status":"closed","ping_status":"open","sticky":false,"template":"","format":"standard","meta":{"content-type":"","footnotes":""},"categories":[1],"tags":[],"class_list":["post-28123","post","type-post","status-publish","format-standard","has-post-thumbnail","hentry","category-uncategorized"],"_links":{"self":[{"href":"https:\/\/tvbrazilusa.com\/pt\/wp-json\/wp\/v2\/posts\/28123","targetHints":{"allow":["GET"]}}],"collection":[{"href":"https:\/\/tvbrazilusa.com\/pt\/wp-json\/wp\/v2\/posts"}],"about":[{"href":"https:\/\/tvbrazilusa.com\/pt\/wp-json\/wp\/v2\/types\/post"}],"author":[{"embeddable":true,"href":"https:\/\/tvbrazilusa.com\/pt\/wp-json\/wp\/v2\/users\/1"}],"replies":[{"embeddable":true,"href":"https:\/\/tvbrazilusa.com\/pt\/wp-json\/wp\/v2\/comments?post=28123"}],"version-history":[{"count":1,"href":"https:\/\/tvbrazilusa.com\/pt\/wp-json\/wp\/v2\/posts\/28123\/revisions"}],"predecessor-version":[{"id":28125,"href":"https:\/\/tvbrazilusa.com\/pt\/wp-json\/wp\/v2\/posts\/28123\/revisions\/28125"}],"wp:featuredmedia":[{"embeddable":true,"href":"https:\/\/tvbrazilusa.com\/pt\/wp-json\/wp\/v2\/media\/28124"}],"wp:attachment":[{"href":"https:\/\/tvbrazilusa.com\/pt\/wp-json\/wp\/v2\/media?parent=28123"}],"wp:term":[{"taxonomy":"category","embeddable":true,"href":"https:\/\/tvbrazilusa.com\/pt\/wp-json\/wp\/v2\/categories?post=28123"},{"taxonomy":"post_tag","embeddable":true,"href":"https:\/\/tvbrazilusa.com\/pt\/wp-json\/wp\/v2\/tags?post=28123"}],"curies":[{"name":"wp","href":"https:\/\/api.w.org\/{rel}","templated":true}]}}