{"id":28126,"date":"2024-08-24T22:31:14","date_gmt":"2024-08-24T22:31:14","guid":{"rendered":"https:\/\/tvbrazilusa.com\/2024\/08\/24\/policia-alema-detem-suspeito-de-ataque-com-faca-que-matou-3-diz-ministro-de-assuntos-internos-do-estado-wsvn-7news-noticias-de-miami-clima-esportes-fort-lauderdale\/"},"modified":"2024-08-24T22:32:58","modified_gmt":"2024-08-24T22:32:58","slug":"policia-alema-detem-suspeito-de-ataque-com-faca-que-matou-3-diz-ministro-de-assuntos-internos-do-estado-wsvn-7news-noticias-de-miami-clima-esportes-fort-lauderdale","status":"publish","type":"post","link":"https:\/\/tvbrazilusa.com\/pt\/2024\/08\/24\/policia-alema-detem-suspeito-de-ataque-com-faca-que-matou-3-diz-ministro-de-assuntos-internos-do-estado-wsvn-7news-noticias-de-miami-clima-esportes-fort-lauderdale\/","title":{"rendered":"Pol\u00edcia alem\u00e3 det\u00e9m suspeito de ataque com faca que matou 3, diz ministro de assuntos internos do estado &#8211; WSVN 7News | Not\u00edcias de Miami, Clima, Esportes | Fort Lauderdale"},"content":{"rendered":"<p> <script async src=\"https:\/\/pagead2.googlesyndication.com\/pagead\/js\/adsbygoogle.js?client=ca-pub-8864793242727901\"\r\n     crossorigin=\"anonymous\"><\/script><br \/>\n<\/p>\n<div itemprop=\"articleBody\">\n<p>SOLINGEN, Alemanha (AP) \u2014 A pol\u00edcia alem\u00e3 deteve na manh\u00e3 de domingo um suspeito <a href=\"https:\/\/wsvn.com\/news\/us-world\/an-attack-at-a-festival-in-a-german-city-kills-3-people-and-seriously-wounds-at-least-5\/\">Ataque de faca em Solingen<\/a> que matou tr\u00eas pessoas e feriu outras oito, disse o ministro de assuntos internos do estado da Ren\u00e2nia do Norte-Vestf\u00e1lia.<\/p>\n<p>\u201cEstamos seguindo uma pista quente o dia todo\u201d, disse Herbert Reul ao Tagesschau, o programa de not\u00edcias da rede de televis\u00e3o p\u00fablica alem\u00e3 ARD. \u201cA pessoa que est\u00e1vamos procurando o dia todo foi detida h\u00e1 pouco tempo\u201d, disse ele.<\/p>\n<p>Ele agora est\u00e1 sendo interrogado.<\/p>\n<p>Reul disse que a pol\u00edcia n\u00e3o s\u00f3 tem \u201cpistas\u201d, mas tamb\u00e9m coletou \u201cpeda\u00e7os de evid\u00eancia\u201d.<\/p>\n<p>ESTA \u00c9 UMA ATUALIZA\u00c7\u00c3O DE \u00daLTIMA HORA. A seguir, a hist\u00f3ria anterior da AP.<\/p>\n<p>O grupo militante Estado Isl\u00e2mico assumiu no s\u00e1bado a responsabilidade por um ataque com faca em Solingen, na Alemanha, que matou tr\u00eas pessoas e feriu outras oito em um festival lotado que marcava o 650\u00ba anivers\u00e1rio da cidade.<\/p>\n<p>O grupo disse em seu site de not\u00edcias que o agressor tinha como alvo crist\u00e3os e \u00e9 um \u201csoldado do Estado Isl\u00e2mico\u201d que realizou os ataques na sexta-feira \u00e0 noite \u201cpara vingar os mu\u00e7ulmanos na Palestina e em todos os lugares\u201d.<\/p>\n<p>A alega\u00e7\u00e3o do IS n\u00e3o p\u00f4de ser verificada imediatamente. Nenhuma evid\u00eancia para as afirma\u00e7\u00f5es do grupo foi fornecida.<\/p>\n<p>A pol\u00edcia come\u00e7ou a invadir uma casa para requerentes de asilo no centro da cidade de Solingen, inclusive com for\u00e7as especiais, informou a ag\u00eancia de not\u00edcias alem\u00e3 DPA. A pol\u00edcia disse \u00e0 DPA mais tarde que deteve um homem na casa e estava investigando uma poss\u00edvel conex\u00e3o com o ataque com faca. N\u00e3o houve nenhuma declara\u00e7\u00e3o oficial da pol\u00edcia.<\/p>\n<p>Um garoto de 15 anos foi preso no s\u00e1bado de manh\u00e3. A pol\u00edcia disse que ele era suspeito de saber sobre o ataque planejado e n\u00e3o informar as autoridades, mas ele n\u00e3o era o agressor.<\/p>\n<p>Markus Caspers, promotor p\u00fablico s\u00eanior da se\u00e7\u00e3o de contraterrorismo do Minist\u00e9rio P\u00fablico, disse em uma entrevista coletiva no s\u00e1bado que as autoridades n\u00e3o encontraram o autor do crime.<\/p>\n<p>\u201cAt\u00e9 agora n\u00e3o conseguimos identificar um motivo, mas olhando para as circunst\u00e2ncias gerais, n\u00e3o podemos descartar\u201d a possibilidade de terrorismo, disse Caspers, embora n\u00e3o tenha oferecido mais detalhes.<\/p>\n<p>As tr\u00eas pessoas que morreram eram dois homens de 67 e 56 anos e uma mulher de 56 anos, disseram as autoridades. A pol\u00edcia disse que o agressor parecia ter mirado deliberadamente na garganta de suas v\u00edtimas.<\/p>\n<p>\u201cEstamos vendo os primeiros sinais de uma nova onda de ataques terroristas\u201d, disse Peter Neumann, professor de estudos de seguran\u00e7a no King&#8217;s College em Londres. O EI \u201cest\u00e1 tentando capitalizar a enorme mobiliza\u00e7\u00e3o resultante da ofensiva terrorista do Hamas em 7 de outubro de 2023, embora, estritamente falando, n\u00e3o tenha nada a ver com isso\u201d, disse ele.<\/p>\n<p>\u201cO tipo de ataque que vimos em Solingen \u00e9 exatamente o tipo de ataque que (o EI) est\u00e1 tentando inspirar. Ele est\u00e1 convocando as pessoas pela internet para atacar &#8216;infi\u00e9is&#8217; usando m\u00e9todos simples, como carros e facas. Dessa forma, ele est\u00e1 tentando criar uma impress\u00e3o de que (o grupo Estado Isl\u00e2mico) est\u00e1 em todo lugar e pode atacar a qualquer momento\u201d, disse Neumann \u00e0 Associated Press.<\/p>\n<p>Thorsten Fleiss, que era o chefe de opera\u00e7\u00f5es policiais na sexta-feira \u00e0 noite, disse que a pol\u00edcia estava conduzindo v\u00e1rias buscas e investiga\u00e7\u00f5es em todo o estado da Ren\u00e2nia do Norte-Vestf\u00e1lia, que continuar\u00e3o ao longo do dia.<\/p>\n<p>Ele disse que \u00e9 um \u201cgrande desafio\u201d reunir as evid\u00eancias dispon\u00edveis e os depoimentos de testemunhas para chegar a um quadro geral.<\/p>\n<p>Fleiss tamb\u00e9m disse que a pol\u00edcia encontrou v\u00e1rias facas, mas acrescentou que n\u00e3o conseguiu confirmar se alguma delas foi usada como arma pelo agressor durante o ataque.<\/p>\n<p>A pol\u00edcia alertou as pessoas para permanecerem vigilantes, mesmo quando simpatizantes come\u00e7aram a deixar flores no local. As autoridades criaram um portal online onde testemunhas podiam enviar filmagens e qualquer outra informa\u00e7\u00e3o relevante ao ataque.<\/p>\n<p>Igrejas em Solingen abriram suas portas para oferecer um espa\u00e7o de ora\u00e7\u00e3o e atendimento pastoral emergencial.<\/p>\n<p>A ministra do Interior alem\u00e3 Nancy Faeser fez uma visita a Solingen na noite de s\u00e1bado. Ela disse que o governo faria todo o poss\u00edvel para apoiar a cidade e o povo de Solingen.<\/p>\n<p>\u201cN\u00e3o permitiremos que um ataque t\u00e3o terr\u00edvel divida nossa sociedade\u201d, disse ela, aparecendo ao lado do Ministro-Presidente do Estado Alem\u00e3o da Ren\u00e2nia do Norte-Vestf\u00e1lia, Hendrik W\u00fcst, e do Ministro de Estado do Interior, Herbert Reul.<\/p>\n<p>W\u00fcst descreveu o ataque como \u201cum ato de terror contra a seguran\u00e7a e a liberdade deste pa\u00eds\u201d. Mas Faeser, a principal autoridade de seguran\u00e7a do pa\u00eds, n\u00e3o o classificou como um \u201cataque terrorista\u201d.<\/p>\n<p>Reul anunciou que a visita planejada do ministro do interior \u00e0 cena do crime n\u00e3o aconteceria por causa da opera\u00e7\u00e3o policial em andamento nas \u00e1reas afetadas da cidade. Ele implorou ao p\u00fablico para \u201cdar tempo \u00e0 pol\u00edcia\u201d para que eles possam fazer seu trabalho. Ele tamb\u00e9m disse que a presen\u00e7a policial seria aumentada em eventos maiores, especialmente porque o perpetrador ainda n\u00e3o foi pego.<\/p>\n<p>As pessoas alertaram a pol\u00edcia pouco depois das 21h30 de sexta-feira sobre um agressor desconhecido que feriu v\u00e1rias pessoas com uma faca na pra\u00e7a central, a Fronhof.<\/p>\n<p>\u201cOntem \u00e0 noite, nossos cora\u00e7\u00f5es estavam despeda\u00e7ados. N\u00f3s, em Solingen, estamos cheios de horror e tristeza. O que aconteceu ontem em nossa cidade mal nos deixou dormir\u201d, disse o prefeito de Solingen, Tim Kurzbach, falando com rep\u00f3rteres no s\u00e1bado, perto da cena do ataque.<\/p>\n<p>O \u201cFestival da Diversidade\u201d, que marca o 650\u00ba anivers\u00e1rio da cidade, come\u00e7ou na sexta-feira e deveria durar at\u00e9 domingo, com v\u00e1rios palcos nas ruas centrais oferecendo atra\u00e7\u00f5es como m\u00fasica ao vivo, cabar\u00e9 e acrobacias.<\/p>\n<p>O ataque ocorreu na multid\u00e3o em frente a um palco. Horas ap\u00f3s o ataque, as luzes do palco ainda estavam acesas enquanto a pol\u00edcia e os investigadores forenses procuravam pistas na pra\u00e7a isolada. O resto do festival foi cancelado.<\/p>\n<p>Solingen tem cerca de 160.000 habitantes e est\u00e1 localizada perto das cidades maiores de Col\u00f4nia e Duesseldorf.<\/p>\n<p>Caspers disse na coletiva de imprensa que o garoto de 15 anos foi preso depois que duas testemunhas contataram a pol\u00edcia. Elas disseram que ouviram uma conversa entre o garoto e uma pessoa desconhecida antes do ataque, falando sobre inten\u00e7\u00f5es que correspondiam aos eventos que se seguiram.<\/p>\n<p>O chanceler alem\u00e3o Olaf Scholz disse no s\u00e1bado que o autor do crime deve ser capturado rapidamente e punido com toda a for\u00e7a da lei.<\/p>\n<p>\u201cO ataque em Solingen \u00e9 um evento terr\u00edvel que me chocou muito. Um agressor matou brutalmente v\u00e1rias pessoas. Acabei de falar com o prefeito de Solingen, Tim Kurzbach. Lamentamos as v\u00edtimas e estamos ao lado de suas fam\u00edlias\u201d, disse Scholz no X.<\/p>\n<p>O presidente alem\u00e3o Frank-Walter Steinmeier tamb\u00e9m falou com Kurzbach na manh\u00e3 de s\u00e1bado.<\/p>\n<p>\u201cO ato hediondo em Solingen me choca e ao nosso pa\u00eds. Lamentamos os mortos e nos preocupamos com os feridos e desejo a eles for\u00e7a e uma r\u00e1pida recupera\u00e7\u00e3o de todo o meu cora\u00e7\u00e3o\u201d, disse Steinmeier em uma declara\u00e7\u00e3o no s\u00e1bado.<\/p>\n<p>\u201cO perpetrador precisa ser levado \u00e0 justi\u00e7a. Vamos ficar juntos \u2014 contra o \u00f3dio e a viol\u00eancia.\u201d<\/p>\n<p>Uma d\u00e9cada depois da <a href=\"https:\/\/apnews.com\/hub\/islamic-state-group\">Grupo militante do Estado Isl\u00e2mico<\/a> declarou seu califado em grandes partes do Iraque e da S\u00edria, os extremistas n\u00e3o controlam mais nenhuma terra, perderam muitos l\u00edderes importantes e est\u00e3o praticamente fora das manchetes do mundo.<\/p>\n<p>Ainda assim, o grupo continua a recrutar membros e reivindicar a responsabilidade por ataques mortais ao redor do mundo, incluindo opera\u00e7\u00f5es letais no Ir\u00e3 e na R\u00fassia no in\u00edcio deste ano que deixaram dezenas de mortos. Suas c\u00e9lulas adormecidas na S\u00edria e no Iraque ainda realizam ataques contra for\u00e7as governamentais em ambos os pa\u00edses, bem como combatentes s\u00edrios apoiados pelos EUA.<\/p>\n<p><em>Copyright 2024 The Associated Press. Todos os direitos reservados. Este material n\u00e3o pode ser publicado, transmitido, reescrito ou redistribu\u00eddo.<\/em><\/p>\n<div class=\"wp-block-newsletter\">\n\t<strong class=\"wp-block-newsletter__title\">Inscreva-se em nossa Newsletter para receber as \u00faltimas not\u00edcias diretamente na sua caixa de entrada<\/strong><\/p>\n<\/div><\/div>\n<p><br \/>\n<br \/><a href=\"https:\/\/wsvn.com\/news\/us-world\/german-police-detain-a-suspect-in-knife-attack-that-killed-3-state-internal-affairs-minister-says\/\">Source link <\/a><\/p>","protected":false},"excerpt":{"rendered":"<p>SOLINGEN, Alemanha (AP) \u2014 A pol\u00edcia alem\u00e3 deteve na manh\u00e3 de domingo um suspeito Ataque de faca em Solingen que matou tr\u00eas pessoas e feriu outras oito, disse o ministro&hellip;<\/p>","protected":false},"author":1,"featured_media":28127,"comment_status":"closed","ping_status":"open","sticky":false,"template":"","format":"standard","meta":{"content-type":"","footnotes":""},"categories":[1],"tags":[],"class_list":["post-28126","post","type-post","status-publish","format-standard","has-post-thumbnail","hentry","category-uncategorized"],"_links":{"self":[{"href":"https:\/\/tvbrazilusa.com\/pt\/wp-json\/wp\/v2\/posts\/28126","targetHints":{"allow":["GET"]}}],"collection":[{"href":"https:\/\/tvbrazilusa.com\/pt\/wp-json\/wp\/v2\/posts"}],"about":[{"href":"https:\/\/tvbrazilusa.com\/pt\/wp-json\/wp\/v2\/types\/post"}],"author":[{"embeddable":true,"href":"https:\/\/tvbrazilusa.com\/pt\/wp-json\/wp\/v2\/users\/1"}],"replies":[{"embeddable":true,"href":"https:\/\/tvbrazilusa.com\/pt\/wp-json\/wp\/v2\/comments?post=28126"}],"version-history":[{"count":1,"href":"https:\/\/tvbrazilusa.com\/pt\/wp-json\/wp\/v2\/posts\/28126\/revisions"}],"predecessor-version":[{"id":28128,"href":"https:\/\/tvbrazilusa.com\/pt\/wp-json\/wp\/v2\/posts\/28126\/revisions\/28128"}],"wp:featuredmedia":[{"embeddable":true,"href":"https:\/\/tvbrazilusa.com\/pt\/wp-json\/wp\/v2\/media\/28127"}],"wp:attachment":[{"href":"https:\/\/tvbrazilusa.com\/pt\/wp-json\/wp\/v2\/media?parent=28126"}],"wp:term":[{"taxonomy":"category","embeddable":true,"href":"https:\/\/tvbrazilusa.com\/pt\/wp-json\/wp\/v2\/categories?post=28126"},{"taxonomy":"post_tag","embeddable":true,"href":"https:\/\/tvbrazilusa.com\/pt\/wp-json\/wp\/v2\/tags?post=28126"}],"curies":[{"name":"wp","href":"https:\/\/api.w.org\/{rel}","templated":true}]}}