{"id":28155,"date":"2024-08-24T22:31:14","date_gmt":"2024-08-24T22:31:14","guid":{"rendered":"https:\/\/tvbrazilusa.com\/2024\/08\/24\/grupo-do-estado-islamico-assume-responsabilidade-por-ataque-com-faca-que-matou-3-em-solingen-alemanha-wsvn-7news-noticias-de-miami-clima-esportes-fort-lauderdale\/"},"modified":"2024-08-25T00:17:42","modified_gmt":"2024-08-25T00:17:42","slug":"grupo-do-estado-islamico-assume-responsabilidade-por-ataque-com-faca-que-matou-3-em-solingen-alemanha-wsvn-7news-noticias-de-miami-clima-esportes-fort-lauderdale","status":"publish","type":"post","link":"https:\/\/tvbrazilusa.com\/pt\/2024\/08\/24\/grupo-do-estado-islamico-assume-responsabilidade-por-ataque-com-faca-que-matou-3-em-solingen-alemanha-wsvn-7news-noticias-de-miami-clima-esportes-fort-lauderdale\/","title":{"rendered":"Grupo do Estado Isl\u00e2mico assume responsabilidade por ataque com faca que matou 3 em Solingen, Alemanha &#8211; WSVN 7News | Not\u00edcias de Miami, Clima, Esportes | Fort Lauderdale"},"content":{"rendered":"<p> <script async src=\"https:\/\/pagead2.googlesyndication.com\/pagead\/js\/adsbygoogle.js?client=ca-pub-8864793242727901\"\r\n     crossorigin=\"anonymous\"><\/script><br \/>\n<\/p>\n<div itemprop=\"articleBody\">\n<p>SOLINGEN, Alemanha (AP) \u2014 O grupo militante Estado Isl\u00e2mico assumiu neste s\u00e1bado a responsabilidade por um ataque com faca que matou tr\u00eas pessoas e feriu outras oito em um festival lotado que marcava o 650\u00ba anivers\u00e1rio da cidade.<\/p>\n<p>O grupo extremista disse em seu site de not\u00edcias que o agressor tinha como alvo os crist\u00e3os e que, como um &#8220;soldado do Estado Isl\u00e2mico&#8221;, ele realizou os ataques na sexta-feira \u00e0 noite &#8220;para vingar os mu\u00e7ulmanos na Palestina e em todos os lugares&#8221;.<\/p>\n<p>A alega\u00e7\u00e3o do IS n\u00e3o p\u00f4de ser verificada imediatamente. N\u00e3o forneceu nenhuma evid\u00eancia para suas afirma\u00e7\u00f5es.<\/p>\n<p>Mais tarde, a pol\u00edcia deteve um suspeito, disse o ministro de assuntos internos do estado de Ren\u00e2nia do Norte-Vestf\u00e1lia no in\u00edcio do domingo.<\/p>\n<p>\u201cEstamos seguindo uma pista quente o dia todo\u201d, disse Herbert Reul ao \u201cTagesschau\u201d, o programa de not\u00edcias da rede de televis\u00e3o p\u00fablica alem\u00e3 ARD. \u201cA pessoa que procuramos o dia todo foi detida h\u00e1 pouco tempo.\u201d<\/p>\n<p>Ele estava sendo interrogado, disse Reul.<\/p>\n<p>Reul disse que a pol\u00edcia n\u00e3o s\u00f3 tinha \u201cpistas\u201d, mas tamb\u00e9m coletou \u201cpeda\u00e7os de evid\u00eancia\u201d.<\/p>\n<p>Autoridades disseram anteriormente que um garoto de 15 anos foi preso no s\u00e1bado de manh\u00e3 sob suspeita de que ele sabia sobre o ataque planejado e n\u00e3o informou as autoridades, mas ele n\u00e3o era o agressor. Duas testemunhas femininas disseram \u00e0 pol\u00edcia que ouviram o garoto e uma pessoa desconhecida antes do ataque falando sobre inten\u00e7\u00f5es que correspondiam ao derramamento de sangue, disseram autoridades.<\/p>\n<p>Antes do an\u00fancio de Reul, Markus Caspers, promotor p\u00fablico s\u00eanior da se\u00e7\u00e3o de contraterrorismo do Minist\u00e9rio P\u00fablico, disse em uma entrevista coletiva no s\u00e1bado que as autoridades ainda n\u00e3o podiam falar sobre a motiva\u00e7\u00e3o do agressor.<\/p>\n<p>\u201cAt\u00e9 agora n\u00e3o conseguimos identificar um motivo, mas olhando para as circunst\u00e2ncias gerais, n\u00e3o podemos descartar\u201d a possibilidade de terrorismo, disse Caspers, embora n\u00e3o tenha oferecido mais detalhes.<\/p>\n<p>As tr\u00eas pessoas que morreram eram dois homens de 67 e 56 anos e uma mulher de 56 anos, disseram as autoridades. A pol\u00edcia disse que o agressor parecia ter mirado deliberadamente na garganta de suas v\u00edtimas.<\/p>\n<p>\u201cEstamos vendo os primeiros sinais de uma nova onda de ataques terroristas\u201d, disse Peter Neumann, professor de estudos de seguran\u00e7a no King&#8217;s College em Londres. O EI \u201cest\u00e1 tentando capitalizar a enorme mobiliza\u00e7\u00e3o resultante da ofensiva terrorista do Hamas em 7 de outubro de 2023, embora, estritamente falando, n\u00e3o tenha nada a ver com isso\u201d, disse ele.<\/p>\n<p>\u201cO tipo de ataque que vimos em Solingen \u00e9 exatamente o tipo de ataque que (o EI) est\u00e1 tentando inspirar. Ele est\u00e1 convocando as pessoas pela internet para atacar &#8216;infi\u00e9is&#8217; usando m\u00e9todos simples, como carros e facas. Dessa forma, ele est\u00e1 tentando criar uma impress\u00e3o de que (o grupo Estado Isl\u00e2mico) est\u00e1 em todo lugar e pode atacar a qualquer momento\u201d, disse Neumann \u00e0 The Associated Press.<\/p>\n<p>Thorsten Fleiss, que liderou as opera\u00e7\u00f5es policiais na sexta-feira \u00e0 noite, disse que os policiais estavam conduzindo buscas e investiga\u00e7\u00f5es em todo o estado da Ren\u00e2nia do Norte-Vestf\u00e1lia.<\/p>\n<p>Ele disse que a pol\u00edcia encontrou v\u00e1rias facas, mas acrescentou que n\u00e3o conseguiu confirmar se alguma delas foi usada durante o ataque.<\/p>\n<p>A pol\u00edcia alertou as pessoas para permanecerem vigilantes, mesmo quando simpatizantes come\u00e7aram a deixar flores no local. As autoridades criaram um portal online onde testemunhas podiam enviar filmagens e qualquer outra informa\u00e7\u00e3o relevante ao ataque.<\/p>\n<p>Igrejas em Solingen abriram suas portas para oferecer um espa\u00e7o de ora\u00e7\u00e3o e atendimento pastoral emergencial.<\/p>\n<p>A ministra do Interior alem\u00e3, Nancy Faeser, visitou a cidade no s\u00e1bado \u00e0 noite e disse que o governo faria todo o poss\u00edvel para apoiar a popula\u00e7\u00e3o de Solingen.<\/p>\n<p>\u201cN\u00e3o permitiremos que um ataque t\u00e3o terr\u00edvel divida nossa sociedade\u201d, disse ela, aparecendo ao lado do Ministro-Presidente de Estado Hendrik W\u00fcst e Reul.<\/p>\n<p>W\u00fcst descreveu o ataque como \u201cum ato de terror contra a seguran\u00e7a e a liberdade deste pa\u00eds\u201d. Mas Faeser, o principal oficial de seguran\u00e7a do pa\u00eds, n\u00e3o o classificou como um \u201cataque terrorista\u201d.<\/p>\n<p>As pessoas alertaram a pol\u00edcia pouco depois das 21h30 de sexta-feira que um homem havia agredido v\u00e1rias pessoas com uma faca na pra\u00e7a central da cidade, a Fronhof.<\/p>\n<p>Solingen, uma cidade de cerca de 160.000 moradores perto das cidades maiores de Col\u00f4nia e Duesseldorf, estava realizando um \u201cFestival da Diversidade\u201d para marcar seu 650\u00ba anivers\u00e1rio. Ele come\u00e7ou na sexta-feira e deveria durar at\u00e9 domingo, com v\u00e1rios palcos nas ruas centrais oferecendo atra\u00e7\u00f5es como m\u00fasica ao vivo, cabar\u00e9 e acrobacias.<\/p>\n<p>O ataque ocorreu na multid\u00e3o em frente a um palco. Horas depois, as luzes do palco ainda estavam acesas enquanto a pol\u00edcia e os investigadores forenses procuravam por pistas na pra\u00e7a isolada, mas o resto do festival foi cancelado.<\/p>\n<p>\u201cOntem \u00e0 noite, nossos cora\u00e7\u00f5es estavam despeda\u00e7ados. N\u00f3s, em Solingen, estamos cheios de horror e tristeza. O que aconteceu ontem em nossa cidade mal nos deixou dormir\u201d, disse o prefeito de Solingen, Tim Kurzbach, aos rep\u00f3rteres no s\u00e1bado.<\/p>\n<p>O chanceler alem\u00e3o Olaf Scholz disse que o autor deve ser punido com toda a for\u00e7a da lei.<\/p>\n<p>\u201cO ataque em Solingen \u00e9 um evento terr\u00edvel que me chocou muito. Um agressor matou brutalmente v\u00e1rias pessoas. Acabei de falar com o prefeito de Solingen, Tim Kurzbach. Lamentamos as v\u00edtimas e estamos ao lado de suas fam\u00edlias\u201d, disse Scholz no s\u00e1bado na plataforma de m\u00eddia social X.<\/p>\n<p>O presidente alem\u00e3o Frank-Walter Steinmeier tamb\u00e9m falou com o prefeito na manh\u00e3 de s\u00e1bado.<\/p>\n<p>\u201cO ato hediondo em Solingen me choca e ao nosso pa\u00eds. Lamentamos os mortos e nos preocupamos com os feridos e desejo a eles for\u00e7a e uma r\u00e1pida recupera\u00e7\u00e3o de todo o meu cora\u00e7\u00e3o\u201d, disse Steinmeier em uma declara\u00e7\u00e3o.<\/p>\n<p>Uma d\u00e9cada depois que o grupo militante Estado Isl\u00e2mico declarou seu califado em grandes partes do Iraque e da S\u00edria, os extremistas n\u00e3o controlam mais nenhuma terra, perderam muitos l\u00edderes importantes e est\u00e3o praticamente fora das manchetes do mundo.<\/p>\n<p>Ainda assim, o grupo continua a recrutar membros e reivindicar a responsabilidade por ataques mortais ao redor do mundo, incluindo opera\u00e7\u00f5es letais no Ir\u00e3 e na R\u00fassia no in\u00edcio deste ano que mataram dezenas de pessoas. Suas c\u00e9lulas adormecidas na S\u00edria e no Iraque ainda realizam ataques contra for\u00e7as governamentais em ambos os pa\u00edses, bem como combatentes s\u00edrios apoiados pelos EUA.<\/p>\n<p><em>Copyright 2024 The Associated Press. Todos os direitos reservados. Este material n\u00e3o pode ser publicado, transmitido, reescrito ou redistribu\u00eddo.<\/em><\/p>\n<div class=\"wp-block-newsletter\">\n\t<strong class=\"wp-block-newsletter__title\">Inscreva-se em nossa Newsletter para receber as \u00faltimas not\u00edcias diretamente na sua caixa de entrada<\/strong><\/p>\n<\/div><\/div>\n<p><br \/>\n<br \/><a href=\"https:\/\/wsvn.com\/news\/us-world\/islamic-state-group-claims-responsibility-for-knife-attack-that-killed-3-in-solingen-germany\/\">Source link <\/a><\/p>","protected":false},"excerpt":{"rendered":"<p>SOLINGEN, Alemanha (AP) \u2014 O grupo militante Estado Isl\u00e2mico assumiu neste s\u00e1bado a responsabilidade por um ataque com faca que matou tr\u00eas pessoas e feriu outras oito em um festival&hellip;<\/p>","protected":false},"author":1,"featured_media":28127,"comment_status":"closed","ping_status":"open","sticky":false,"template":"","format":"standard","meta":{"content-type":"","footnotes":""},"categories":[1],"tags":[],"class_list":["post-28155","post","type-post","status-publish","format-standard","has-post-thumbnail","hentry","category-uncategorized"],"_links":{"self":[{"href":"https:\/\/tvbrazilusa.com\/pt\/wp-json\/wp\/v2\/posts\/28155","targetHints":{"allow":["GET"]}}],"collection":[{"href":"https:\/\/tvbrazilusa.com\/pt\/wp-json\/wp\/v2\/posts"}],"about":[{"href":"https:\/\/tvbrazilusa.com\/pt\/wp-json\/wp\/v2\/types\/post"}],"author":[{"embeddable":true,"href":"https:\/\/tvbrazilusa.com\/pt\/wp-json\/wp\/v2\/users\/1"}],"replies":[{"embeddable":true,"href":"https:\/\/tvbrazilusa.com\/pt\/wp-json\/wp\/v2\/comments?post=28155"}],"version-history":[{"count":1,"href":"https:\/\/tvbrazilusa.com\/pt\/wp-json\/wp\/v2\/posts\/28155\/revisions"}],"predecessor-version":[{"id":28156,"href":"https:\/\/tvbrazilusa.com\/pt\/wp-json\/wp\/v2\/posts\/28155\/revisions\/28156"}],"wp:featuredmedia":[{"embeddable":true,"href":"https:\/\/tvbrazilusa.com\/pt\/wp-json\/wp\/v2\/media\/28127"}],"wp:attachment":[{"href":"https:\/\/tvbrazilusa.com\/pt\/wp-json\/wp\/v2\/media?parent=28155"}],"wp:term":[{"taxonomy":"category","embeddable":true,"href":"https:\/\/tvbrazilusa.com\/pt\/wp-json\/wp\/v2\/categories?post=28155"},{"taxonomy":"post_tag","embeddable":true,"href":"https:\/\/tvbrazilusa.com\/pt\/wp-json\/wp\/v2\/tags?post=28155"}],"curies":[{"name":"wp","href":"https:\/\/api.w.org\/{rel}","templated":true}]}}