{"id":28237,"date":"2024-08-25T10:14:39","date_gmt":"2024-08-25T10:14:39","guid":{"rendered":"https:\/\/tvbrazilusa.com\/2024\/08\/25\/condicoes-mais-secas-e-brilhantes-retornarao-wsvn-7news-noticias-de-miami-clima-esportes-fort-lauderdale\/"},"modified":"2024-08-25T10:26:46","modified_gmt":"2024-08-25T10:26:46","slug":"condicoes-mais-secas-e-brilhantes-retornarao-wsvn-7news-noticias-de-miami-clima-esportes-fort-lauderdale","status":"publish","type":"post","link":"https:\/\/tvbrazilusa.com\/pt\/2024\/08\/25\/condicoes-mais-secas-e-brilhantes-retornarao-wsvn-7news-noticias-de-miami-clima-esportes-fort-lauderdale\/","title":{"rendered":"Condi\u00e7\u00f5es mais secas e brilhantes retornar\u00e3o &#8211; WSVN 7News | Not\u00edcias de Miami, Clima, Esportes | Fort Lauderdale"},"content":{"rendered":"<p> <script async src=\"https:\/\/pagead2.googlesyndication.com\/pagead\/js\/adsbygoogle.js?client=ca-pub-8864793242727901\"\r\n     crossorigin=\"anonymous\"><\/script><br \/>\n<\/p>\n<div itemprop=\"articleBody\">\n<p>Ap\u00f3s o que foi um s\u00e1bado chuvoso e tempestuoso no sul da Fl\u00f3rida, que incluiu um recorde de 7,75 cm de chuva no Aeroporto Internacional de Miami, um padr\u00e3o clim\u00e1tico mais seco e brilhante \u2014 relativamente falando \u2014 se estabelecer\u00e1 no in\u00edcio da pr\u00f3xima semana.<\/p>\n<figure class=\"wp-block-image size-large\"><\/figure>\n<p>A onda tropical que temos seguido est\u00e1 agora a oeste sobre o Golfo do M\u00e9xico e a Pen\u00ednsula de Yucat\u00e1n, mas a umidade ainda persiste enquanto uma frente ainda est\u00e1 presa sobre o norte da Fl\u00f3rida. Dado isso, chuvas e tempestades dispersas adicionais ser\u00e3o poss\u00edveis neste domingo.<\/p>\n<p>Isso significa que alguns de n\u00f3s veremos mais chuva hoje, enquanto outros acabar\u00e3o secos. As chances de chuva atingir\u00e3o o pico com 50% de chance ao meio-dia. Espere mais tempo seco neste domingo com um aumento gradual na cobertura de nuvens ao longo do dia.<\/p>\n<figure class=\"wp-block-image size-large\"><img fetchpriority=\"high\" decoding=\"async\" width=\"1920\" height=\"1080\" src=\"https:\/\/wsvn.com\/wp-content\/uploads\/sites\/2\/2024\/08\/4_43f782.png?w=1024\" alt=\"\" class=\"wp-image-1477008\" srcset=\"https:\/\/wsvn.com\/wp-content\/uploads\/sites\/2\/2024\/08\/4_43f782.png 1920w, https:\/\/wsvn.com\/wp-content\/uploads\/sites\/2\/2024\/08\/4_43f782.png?resize=300,169 300w, https:\/\/wsvn.com\/wp-content\/uploads\/sites\/2\/2024\/08\/4_43f782.png?resize=768,432 768w, https:\/\/wsvn.com\/wp-content\/uploads\/sites\/2\/2024\/08\/4_43f782.png?resize=1024,576 1024w, https:\/\/wsvn.com\/wp-content\/uploads\/sites\/2\/2024\/08\/4_43f782.png?resize=1536,864 1536w\" sizes=\"(max-width: 1920px) 100vw, 1920px\"\/><\/figure>\n<p>Na segunda e ter\u00e7a-feira, o fluxo terrestre t\u00edpico estar\u00e1 em vigor, proporcionando algumas pancadas de chuva matinais dispersas seguidas por tempestades interiores \u00e0 tarde. As temperaturas m\u00e1ximas ficar\u00e3o um pouco acima do normal, na casa dos 32 graus Celsius.<\/p>\n<figure class=\"wp-block-image size-large\"><img loading=\"lazy\" decoding=\"async\" width=\"1920\" height=\"1080\" src=\"https:\/\/wsvn.com\/wp-content\/uploads\/sites\/2\/2024\/08\/3_6347bc.png?w=1024\" alt=\"\" class=\"wp-image-1477003\" srcset=\"https:\/\/wsvn.com\/wp-content\/uploads\/sites\/2\/2024\/08\/3_6347bc.png 1920w, https:\/\/wsvn.com\/wp-content\/uploads\/sites\/2\/2024\/08\/3_6347bc.png?resize=300,169 300w, https:\/\/wsvn.com\/wp-content\/uploads\/sites\/2\/2024\/08\/3_6347bc.png?resize=768,432 768w, https:\/\/wsvn.com\/wp-content\/uploads\/sites\/2\/2024\/08\/3_6347bc.png?resize=1024,576 1024w, https:\/\/wsvn.com\/wp-content\/uploads\/sites\/2\/2024\/08\/3_6347bc.png?resize=1536,864 1536w\" sizes=\"auto, (max-width: 1920px) 100vw, 1920px\"\/><\/figure>\n<p>Ent\u00e3o, durante a segunda metade da semana, seguiremos outra potencial onda tropical se aproximando do leste. Isso trar\u00e1 mais umidade tropical e, portanto, maiores chances de chuva.<\/p>\n<figure class=\"wp-block-image size-large\"><img loading=\"lazy\" decoding=\"async\" width=\"1920\" height=\"1080\" src=\"https:\/\/wsvn.com\/wp-content\/uploads\/sites\/2\/2024\/08\/7_04587e.png?w=1024\" alt=\"\" class=\"wp-image-1477009\" srcset=\"https:\/\/wsvn.com\/wp-content\/uploads\/sites\/2\/2024\/08\/7_04587e.png 1920w, https:\/\/wsvn.com\/wp-content\/uploads\/sites\/2\/2024\/08\/7_04587e.png?resize=300,169 300w, https:\/\/wsvn.com\/wp-content\/uploads\/sites\/2\/2024\/08\/7_04587e.png?resize=768,432 768w, https:\/\/wsvn.com\/wp-content\/uploads\/sites\/2\/2024\/08\/7_04587e.png?resize=1024,576 1024w, https:\/\/wsvn.com\/wp-content\/uploads\/sites\/2\/2024\/08\/7_04587e.png?resize=1536,864 1536w\" sizes=\"auto, (max-width: 1920px) 100vw, 1920px\"\/><\/figure>\n<p>A prop\u00f3sito, agora faltam apenas 51 dias para a temporada de chuvas no sul da Fl\u00f3rida, pois em breve terminaremos agosto e daremos as boas-vindas a setembro, que \u00e9 um dos nossos meses mais chuvosos do ano. Em outras palavras, mais dias inst\u00e1veis \u200b\u200best\u00e3o por vir \u2014 pelo menos com base na climatologia.<\/p>\n<figure class=\"wp-block-image size-large\"><img loading=\"lazy\" decoding=\"async\" width=\"1920\" height=\"1080\" src=\"https:\/\/wsvn.com\/wp-content\/uploads\/sites\/2\/2024\/08\/1_55a937.png?w=1024\" alt=\"\" class=\"wp-image-1477002\" srcset=\"https:\/\/wsvn.com\/wp-content\/uploads\/sites\/2\/2024\/08\/1_55a937.png 1920w, https:\/\/wsvn.com\/wp-content\/uploads\/sites\/2\/2024\/08\/1_55a937.png?resize=300,169 300w, https:\/\/wsvn.com\/wp-content\/uploads\/sites\/2\/2024\/08\/1_55a937.png?resize=768,432 768w, https:\/\/wsvn.com\/wp-content\/uploads\/sites\/2\/2024\/08\/1_55a937.png?resize=1024,576 1024w, https:\/\/wsvn.com\/wp-content\/uploads\/sites\/2\/2024\/08\/1_55a937.png?resize=1536,864 1536w\" sizes=\"auto, (max-width: 1920px) 100vw, 1920px\"\/><\/figure>\n<div class=\"wp-block-newsletter\">\n\t<strong class=\"wp-block-newsletter__title\">Inscreva-se em nossa Newsletter para receber as \u00faltimas not\u00edcias diretamente na sua caixa de entrada<\/strong><\/p>\n<\/div><\/div>\n<p><br \/>\n<br \/><a href=\"https:\/\/wsvn.com\/uncategorized\/drier-and-brighter-conditions-to-return\/\">Source link <\/a><\/p>","protected":false},"excerpt":{"rendered":"<p>Ap\u00f3s o que foi um s\u00e1bado chuvoso e tempestuoso no sul da Fl\u00f3rida, que incluiu um recorde de 7,75 cm de chuva no Aeroporto Internacional de Miami, um padr\u00e3o clim\u00e1tico&hellip;<\/p>","protected":false},"author":1,"featured_media":28238,"comment_status":"closed","ping_status":"open","sticky":false,"template":"","format":"standard","meta":{"content-type":"","footnotes":""},"categories":[1],"tags":[],"class_list":["post-28237","post","type-post","status-publish","format-standard","has-post-thumbnail","hentry","category-uncategorized"],"_links":{"self":[{"href":"https:\/\/tvbrazilusa.com\/pt\/wp-json\/wp\/v2\/posts\/28237","targetHints":{"allow":["GET"]}}],"collection":[{"href":"https:\/\/tvbrazilusa.com\/pt\/wp-json\/wp\/v2\/posts"}],"about":[{"href":"https:\/\/tvbrazilusa.com\/pt\/wp-json\/wp\/v2\/types\/post"}],"author":[{"embeddable":true,"href":"https:\/\/tvbrazilusa.com\/pt\/wp-json\/wp\/v2\/users\/1"}],"replies":[{"embeddable":true,"href":"https:\/\/tvbrazilusa.com\/pt\/wp-json\/wp\/v2\/comments?post=28237"}],"version-history":[{"count":1,"href":"https:\/\/tvbrazilusa.com\/pt\/wp-json\/wp\/v2\/posts\/28237\/revisions"}],"predecessor-version":[{"id":28239,"href":"https:\/\/tvbrazilusa.com\/pt\/wp-json\/wp\/v2\/posts\/28237\/revisions\/28239"}],"wp:featuredmedia":[{"embeddable":true,"href":"https:\/\/tvbrazilusa.com\/pt\/wp-json\/wp\/v2\/media\/28238"}],"wp:attachment":[{"href":"https:\/\/tvbrazilusa.com\/pt\/wp-json\/wp\/v2\/media?parent=28237"}],"wp:term":[{"taxonomy":"category","embeddable":true,"href":"https:\/\/tvbrazilusa.com\/pt\/wp-json\/wp\/v2\/categories?post=28237"},{"taxonomy":"post_tag","embeddable":true,"href":"https:\/\/tvbrazilusa.com\/pt\/wp-json\/wp\/v2\/tags?post=28237"}],"curies":[{"name":"wp","href":"https:\/\/api.w.org\/{rel}","templated":true}]}}