{"id":28260,"date":"2024-08-25T13:47:28","date_gmt":"2024-08-25T13:47:28","guid":{"rendered":"https:\/\/tvbrazilusa.com\/2024\/08\/25\/rastreador-de-cortes-no-elenco-dos-giants-25-08-atualizacoes-ao-vivo-e-analises-de-cada-movimento\/"},"modified":"2024-08-25T13:55:43","modified_gmt":"2024-08-25T13:55:43","slug":"rastreador-de-cortes-no-elenco-dos-giants-25-08-atualizacoes-ao-vivo-e-analises-de-cada-movimento","status":"publish","type":"post","link":"https:\/\/tvbrazilusa.com\/pt\/2024\/08\/25\/rastreador-de-cortes-no-elenco-dos-giants-25-08-atualizacoes-ao-vivo-e-analises-de-cada-movimento\/","title":{"rendered":"Rastreador de cortes no elenco dos Giants (25\/08): atualiza\u00e7\u00f5es ao vivo e an\u00e1lises de cada movimento"},"content":{"rendered":"<script async src=\"https:\/\/pagead2.googlesyndication.com\/pagead\/js\/adsbygoogle.js?client=ca-pub-8864793242727901\"\r\n     crossorigin=\"anonymous\"><\/script>\n<div>\n<p class=\"article__paragraph article__paragraph--left\" id=\"5OIXOBTOYFHJXK6R22P6CM4NZE\">O <a href=\"https:\/\/www.nj.com\/giants\/\" target=\"_blank\" rel=\"noopener\">Gigantes<\/a> encerrou a pr\u00e9-temporada no s\u00e1bado \u00e0 noite com uma derrota por 10 a 6 para o <a href=\"https:\/\/www.nj.com\/jets\/\" target=\"_blank\" rel=\"noopener\">Jatos<\/a> e agora gerente geral <a href=\"https:\/\/www.nj.com\/giants\/2024\/07\/as-bill-belichick-looms-joe-schoen-desperately-needs-giants-to-deliver-results-in-2024.html\" target=\"_blank\" rel=\"noopener\">Joe Schoen <\/a>e treinador principal <a href=\"https:\/\/www.nj.com\/giants\/2024\/08\/giants-protection-plan-looks-improved-so-why-is-brian-daboll-offering-words-of-caution.html\" target=\"_blank\" rel=\"noopener\">Brian Daboll<\/a> deve reduzir a lista de 90 para 53 antes do prazo final de ter\u00e7a-feira, \u00e0s 16h.<\/p>\n<p class=\"article__paragraph article__paragraph--left\" id=\"OMNJBSXZDNCRJJCJ424WDJSNUU\">\u00c9 bem prov\u00e1vel que os cortes comecem a aparecer nos pr\u00f3ximos dias, com os Giants provavelmente mantendo o time intacto antes de entrarem em campo para treinar na tarde de ter\u00e7a-feira em East Rutherford.<\/p>\n<p class=\"article__paragraph article__paragraph--left\" id=\"AYB4GBSPIFBMNEIM4JPUI5CPUU\"><b>COMPRE INGRESSOS PARA O GIANTS: <\/b><b>, <\/b><b>, <\/b><\/p>\n<p class=\"article__paragraph article__paragraph--left\" id=\"U6R2RV3IEBFTTFKST4UAGZACRA\">\u00c9 claro que a escala\u00e7\u00e3o inicial est\u00e1 sempre sujeita a reivindica\u00e7\u00f5es com base em pedidos de isen\u00e7\u00e3o, e os Giants est\u00e3o em sexto lugar nessa hierarquia, ent\u00e3o h\u00e1 uma excelente chance de que eles adicionem alguns jogadores que foram cortados por outros times.<\/p>\n<p class=\"article__paragraph article__paragraph--left\" id=\"LERNHFI72BB6ZNMAZVFMV6Q3ZQ\">Ap\u00f3s a escala\u00e7\u00e3o inicial ser definida, os Giants montar\u00e3o um elenco de 16 times<\/p>\n<p class=\"article__paragraph article__paragraph--left\" id=\"H7DB2642H5CJVCUFDJDDNCKLCA\">Os times da NFL podem levar at\u00e9 16 jogadores no practice squad e o n\u00famero pode saltar para 17 se um dos jogadores fizer parte do programa de caminho internacional da liga. Esse jogador provavelmente ser\u00e1 o kicker Jude McAtamney, que conectou field goals de 43 e 23 jardas para contabilizar os \u00fanicos pontos dos Giants contra os Jets.<\/p>\n<p class=\"article__paragraph article__paragraph--left\" id=\"X6BH7RFL3BAL5AW3UZPBJ6XC4U\">As decis\u00f5es de escala\u00e7\u00e3o mais dif\u00edceis para Schoen e Daboll provavelmente ser\u00e3o na posi\u00e7\u00e3o de wide receiver, onde o influxo de jovens talentos nas \u00faltimas temporadas deixou alguns bons jogadores na berlinda.<\/p>\n<p class=\"article__paragraph article__paragraph--left\" id=\"Q6XLMVLTWJDNXGGRW263ZXC6AY\">Allen Robinson, que est\u00e1 em sua 11\u00aa temporada na NFL, \u00e9 um deles.<\/p>\n<p class=\"article__paragraph article__paragraph--left\" id=\"RNXWKCWYRRCOTNZ6ZS4ZKGXDCA\">\u201cNesta fase do jogo, o que tiver que ser, ser\u00e1\u201d, disse Robinson na noite de s\u00e1bado.<\/p>\n<p class=\"article__paragraph article__paragraph--left\" id=\"CFOMEBIKBVCMNBIGYLHHX5PZ3Q\">A les\u00e3o na virilha do retornador Gunner Oslzewksi tamb\u00e9m deixou os Giants com uma decis\u00e3o dif\u00edcil sobre o recebedor. N\u00e3o se espera que ele esteja pronto para a abertura da temporada contra Minnesota, ent\u00e3o ele pode perder seu emprego para Isaiah McKenzie.<\/p>\n<p class=\"article__paragraph article__paragraph--left\" id=\"XWFMIQRJNVDSZAMWIMZRJU7GMA\">Mantenha aqui todas as transa\u00e7\u00f5es do elenco dos Giants nos pr\u00f3ximos tr\u00eas dias.<\/p>\n<p class=\"article__paragraph article__paragraph--left\" id=\"A6AFSJHUW5DS5PT73Y6MWK35CQ\"><i>Obrigado por confiar em n\u00f3s para fornecer o jornalismo em que voc\u00ea pode confiar. Por favor, considere nos apoiar com uma assinatura.<\/i><\/p>\n<p class=\"article__paragraph article__paragraph--left\" id=\"IG2OCYENH5AULLKHTG6TM47PFA\"><i>Bob Brookover pode ser contatado em <\/i><a href=\"https:\/\/www.nj.com\/giants\/2024\/08\/mailto:rbrookover@njadvancemedia.com\"><i>rbrookover@njadvancemedia.com<\/i><\/a><\/p>\n<\/div>\n<p><br \/>\n<br \/><a href=\"https:\/\/www.nj.com\/giants\/2024\/08\/giants-roster-cuts-tracker-825-live-updates-and-analysis-on-each-move.html\">Source link <\/a><\/p>","protected":false},"excerpt":{"rendered":"<p>O Gigantes encerrou a pr\u00e9-temporada no s\u00e1bado \u00e0 noite com uma derrota por 10 a 6 para o Jatos e agora gerente geral Joe Schoen e treinador principal Brian Daboll&hellip;<\/p>","protected":false},"author":1,"featured_media":28261,"comment_status":"closed","ping_status":"open","sticky":false,"template":"","format":"standard","meta":{"content-type":"","footnotes":""},"categories":[1],"tags":[],"class_list":["post-28260","post","type-post","status-publish","format-standard","has-post-thumbnail","hentry","category-uncategorized"],"_links":{"self":[{"href":"https:\/\/tvbrazilusa.com\/pt\/wp-json\/wp\/v2\/posts\/28260","targetHints":{"allow":["GET"]}}],"collection":[{"href":"https:\/\/tvbrazilusa.com\/pt\/wp-json\/wp\/v2\/posts"}],"about":[{"href":"https:\/\/tvbrazilusa.com\/pt\/wp-json\/wp\/v2\/types\/post"}],"author":[{"embeddable":true,"href":"https:\/\/tvbrazilusa.com\/pt\/wp-json\/wp\/v2\/users\/1"}],"replies":[{"embeddable":true,"href":"https:\/\/tvbrazilusa.com\/pt\/wp-json\/wp\/v2\/comments?post=28260"}],"version-history":[{"count":1,"href":"https:\/\/tvbrazilusa.com\/pt\/wp-json\/wp\/v2\/posts\/28260\/revisions"}],"predecessor-version":[{"id":28262,"href":"https:\/\/tvbrazilusa.com\/pt\/wp-json\/wp\/v2\/posts\/28260\/revisions\/28262"}],"wp:featuredmedia":[{"embeddable":true,"href":"https:\/\/tvbrazilusa.com\/pt\/wp-json\/wp\/v2\/media\/28261"}],"wp:attachment":[{"href":"https:\/\/tvbrazilusa.com\/pt\/wp-json\/wp\/v2\/media?parent=28260"}],"wp:term":[{"taxonomy":"category","embeddable":true,"href":"https:\/\/tvbrazilusa.com\/pt\/wp-json\/wp\/v2\/categories?post=28260"},{"taxonomy":"post_tag","embeddable":true,"href":"https:\/\/tvbrazilusa.com\/pt\/wp-json\/wp\/v2\/tags?post=28260"}],"curies":[{"name":"wp","href":"https:\/\/api.w.org\/{rel}","templated":true}]}}