{"id":28263,"date":"2024-08-25T14:19:03","date_gmt":"2024-08-25T14:19:03","guid":{"rendered":"https:\/\/tvbrazilusa.com\/2024\/08\/25\/astronauta-needham-a-bordo-da-capsula-starliner-permanece-no-espaco-estendida-ate-2025\/"},"modified":"2024-08-25T14:21:21","modified_gmt":"2024-08-25T14:21:21","slug":"astronauta-needham-a-bordo-da-capsula-starliner-permanece-no-espaco-estendida-ate-2025","status":"publish","type":"post","link":"https:\/\/tvbrazilusa.com\/pt\/2024\/08\/25\/astronauta-needham-a-bordo-da-capsula-starliner-permanece-no-espaco-estendida-ate-2025\/","title":{"rendered":"Astronauta Needham a bordo da c\u00e1psula Starliner permanece no espa\u00e7o estendida at\u00e9 2025"},"content":{"rendered":"<p> <script async src=\"https:\/\/pagead2.googlesyndication.com\/pagead\/js\/adsbygoogle.js?client=ca-pub-8864793242727901\"\r\n     crossorigin=\"anonymous\"><\/script><br \/>\n<\/p>\n<div id=\"\">\n<header class=\"m-article-header m-article-header--standard\">\n\t\t\t\t\t\t\t\t\t\t\t\t<span id=\"article-header-primary-term\"><br \/>\n\t\t\t\t\t\t\t\t<a class=\"a-term a-term--primary\" href=\"https:\/\/www.boston.com\/tag\/local-news\/\"><\/p>\n<p>\t\t\t\t\t\t\t\tNot\u00edcias locais\t\t\t\t\t\t\t\t<\/a><br \/>\n\t\t\t\t\t\t\t<\/span><\/p>\n<h2 class=\"m-article-header__sub-headline\">Suni Williams, 58, \u00e9 uma dos dois astronautas cuja estadia na Esta\u00e7\u00e3o Espacial Internacional foi inesperadamente estendida. <\/h2>\n<figure class=\"a-photo m-article-header__photo\"><figcaption class=\"a-photo__caption\">\n<p>\tA astronauta da NASA Suni Williams, vestindo trajes espaciais da Boeing, sai do Edif\u00edcio de Opera\u00e7\u00f5es e Verifica\u00e7\u00e3o Neil A. Armstrong no Centro Espacial Kennedy para o Complexo de Lan\u00e7amento 41 na Esta\u00e7\u00e3o da For\u00e7a Espacial de Cabo Canaveral, na Fl\u00f3rida, para embarcar na nave espacial Boeing CST-100 Starliner para o lan\u00e7amento do Teste de Voo da Tripula\u00e7\u00e3o, em 5 de junho de 2024.<em> <\/em>\t<\/figcaption><\/figure>\n<\/header>\n<p>Uma astronauta local passar\u00e1 o Halloween, o Dia de A\u00e7\u00e3o de Gra\u00e7as e o Ano Novo no espa\u00e7o, depois que sua viagem de volta \u00e0 Terra teve problemas t\u00e9cnicos. <\/p>\n<p>Nativo de Needham <a href=\"https:\/\/www.boston.com\/news\/local-news\/2024\/08\/21\/needham-native-suni-williams-runs-falmouth-road-race-remotely-from-international-space-station\/\">Suni Williams<\/a>58, \u00e9 um dos dois astronautas cuja estadia na Esta\u00e7\u00e3o Espacial Internacional foi inesperadamente estendida. <\/p>\n<p>Williams e o outro astronauta veterano da NASA, Butch Wilmore, 61, foram ao espa\u00e7o em junho de 2024 no primeiro voo tripulado da c\u00e1psula Starliner da Boeing. <\/p>\n<p>No entanto, devido a problemas t\u00e9cnicos com a c\u00e1psula, os dois estar\u00e3o se juntando ao trabalho encontrado ao redor da esta\u00e7\u00e3o espacial enquanto aguardam uma viagem para casa com a SpaceX. Essa viagem ocorrer\u00e1 em algum momento em fevereiro de 2025, de acordo com as autoridades. <\/p>\n<p>Esses problemas t\u00e9cnicos come\u00e7aram logo no in\u00edcio da sua estadia no espa\u00e7o, com cinco dos propulsores da c\u00e1psula a falharem no dia seguinte \u00e0 descolagem, de acordo com <a href=\"https:\/\/www.nbcboston.com\/news\/local\/needham-astronaut-aboard-starliner-capsule-wont-return-to-earth-until-february-2025\/3469298\/\">NBC10 Boston. <\/a><\/p>\n<p>Williams, que estudou em escolas p\u00fablicas de Needham e agora tem o <a href=\"https:\/\/sunitawilliams.needham.k12.ma.us\/\">Escola Elementar Sunita L. Williams<\/a> em Needham ao seu nome (literalmente), tinha uma torcida organizada que a viu decolar em junho. Ela tamb\u00e9m conseguiu manter contato com os alunos da escola, mesmo do espa\u00e7o, de acordo com uma publica\u00e7\u00e3o no X. <\/p>\n<figure class=\"wp-block-embed is-type-rich is-provider-twitter wp-block-embed-twitter\"\/>\n<p>Williams e Wilmore est\u00e3o esperando o pr\u00f3ximo t\u00e1xi da SpaceX, j\u00e1 que o que est\u00e1 estacionado na esta\u00e7\u00e3o espacial est\u00e1 reservado para quatro moradores atuais que est\u00e3o no espa\u00e7o desde mar\u00e7o, segundo relatos. <\/p>\n<p>Como n\u00e3o \u00e9 seguro adicionar mais duas pessoas a um voo j\u00e1 lotado de quatro pessoas, Williams e Wilmore estar\u00e3o no pr\u00f3ximo voo da SpaceX, que deve ser lan\u00e7ado no final de setembro. Dois dos quatro astronautas foram retirados da viagem para dar espa\u00e7o aos dois antigos passageiros da Boeing em seu retorno. <\/p>\n<div class=\"m-block m-generic-cta\t m-generic-cta--post-content\t m-generic-cta--dark\t m-generic-cta--homepage\t m-generic-cta--email-signup\t\t m-generic-cta-block-style--default \tt-amp__generic-cta\"><\/p>\n<div class=\"m-generic-cta__wrap\">\n<div class=\"m-generic-cta__content\">\n<h3 class=\"m-generic-cta__title\">Boston.com Hoje<\/h3>\n<p class=\"m-generic-cta__subtitle\">Inscreva-se para receber as \u00faltimas manchetes na sua caixa de entrada todas as manh\u00e3s.<\/p>\n<\/p><\/div>\n<\/p><\/div>\n<\/div><\/div>\n<p><script>\n\t\tvar consent=\"grant\";\n\t\t\/* The above code is parsing the JSON data from the local storage and storing it in a variable. *\/\n\t\t\t\t\tconst onetrustStorageConsent = JSON.parse(localStorage.getItem( 'consent_one_trust_bdc' ) );\n\t\t\tif ( ( onetrustStorageConsent !== null ) ) {\n\t\t\t\t\/* Checking to see if the user has consented to the use of cookies.\n\t\t\t\t* If they have not, it is deleting the cookie.\n\t\t\t\t* This will comment for now, until further notice.\n\t\t\t\t*\/\n\t\t\t\t\/\/if ( onetrustStorageConsent.C0002 === false ) {\n\t\t\t\t\/\/\tdocument.cookie=\"_fbp=;expires=Thu, 01 Jan 2010 00:00:00 UTC; path=\/; domain=.boston.com\";\n\t\t\t\t\/\/}\n\t\t\t\t\/* Checking if the user has given consent for the cookie C0002.\n\t\t\t\t* If the user has given consent, the variable consent will be set to 'grant'.\n\t\t\t\t* If the user has not given consent,the variable consent will be set to 'revoke'.\n\t\t\t\t* Documentation https:\/\/developers.facebook.com\/docs\/meta-pixel\/implementation\/gdpr\n\t\t\t\t*\/\n\t\t\t\tif ( onetrustStorageConsent.C0002 !== true ) {\n\t\t\t\t\tconsent=\"revoke\";\n\t\t\t\t}\n\t\t\t}\n\t\t\t\t!function(f,b,e,v,n,t,s)\n\t\t{if(f.fbq)return;n=f.fbq=function(){n.callMethod?\n\t\tn.callMethod.apply(n,arguments):n.queue.push(arguments)};\n\t\tif(!f._fbq)f._fbq=n;n.push=n;n.loaded=!0;n.version='2.0';\n\t\tn.queue=[];t=b.createElement(e);t.async=!0;\n\t\tt.src=v;s=b.getElementsByTagName(e)[0];\n\t\ts.parentNode.insertBefore(t,s)}(window, document,'script',\n\t\t'https:\/\/connect.facebook.net\/en_US\/fbevents.js');\n\t\tfbq('consent', consent);\n\t\tfbq('init', '989222871864976');\n\t\tfbq('track', 'PageView');\n\t<\/script><script type=\"module\">\n\t\tvar consent=\"grant\";\n\t\t\/* The above code is parsing the JSON data from the local storage and storing it in a variable. *\/\n\t\t\tconst onetrustStorageConsent = JSON.parse(localStorage.getItem( 'consent_one_trust_bdc' ) );\n\t\t\t\/* Checking to see if the user has consented to the use of cookies.\n\t\t\t* If they have not, it is deleting the cookie.\n\t\t\t* This will comment for now, until further notice.\n\t\t\t*\/\n\t\t\t\/\/if ( onetrustStorageConsent.C0002 === false ) {\n\t\t\t\/\/\tdocument.cookie=\"_fbp=;expires=Thu, 01 Jan 2010 00:00:00 UTC; path=\/; domain=.boston.com\";\n\t\t\t\/\/}\n\t\t\t\/* Checking if the user has given consent for the cookie C0002.\n\t\t\t* If the user has given consent, the variable consent will be set to 'grant'.\n\t\t\t* If the user has not given consent,the variable consent will be set to 'revoke'.\n\t\t\t* Documentation https:\/\/developers.facebook.com\/docs\/meta-pixel\/implementation\/gdpr\n\t\t\t*\/\n\t\t\tif ( ( onetrustStorageConsent !== null ) && (onetrustStorageConsent.C0002 !== true ) ) {\n\t\t\t\tconsent=\"revoke\";\n\t\t\t}\n\t\t\t\t!function(f,b,e,v,n,t,s){if(f.fbq)return;n=f.fbq=function()\n\t\t{n.callMethod? n.callMethod.apply(n,arguments):n.queue.push(arguments)}\n\t\t;if(!f._fbq)f._fbq=n;\n\t\tn.push=n;n.loaded=!0;n.version='2.0';n.queue=[];t=b.createElement(e);t.async=!0;\n\t\tt.src=v;s=b.getElementsByTagName(e)[0];s.parentNode.insertBefore(t,s)}(window,\n\t\tdocument,'script','https:\/\/connect.facebook.net\/en_US\/fbevents.js');\n\t\tfbq('consent', consent);\n\t\tfbq('init', '813236348753005');\n\t\tfbq('track', \"PageView\");\n\t<\/script><br \/>\n<br \/><br \/>\n<br \/><a href=\"https:\/\/www.boston.com\/news\/local-news\/2024\/08\/25\/needham-astronaut-aboard-starliner-capsule-stay-in-space-extended-to-2025\/\">Source link <\/a><\/p>","protected":false},"excerpt":{"rendered":"<p>Not\u00edcias locais Suni Williams, 58, \u00e9 uma dos dois astronautas cuja estadia na Esta\u00e7\u00e3o Espacial Internacional foi inesperadamente estendida. A astronauta da NASA Suni Williams, vestindo trajes espaciais da Boeing,&hellip;<\/p>","protected":false},"author":1,"featured_media":28264,"comment_status":"closed","ping_status":"open","sticky":false,"template":"","format":"standard","meta":{"content-type":"","footnotes":""},"categories":[1],"tags":[],"class_list":["post-28263","post","type-post","status-publish","format-standard","has-post-thumbnail","hentry","category-uncategorized"],"_links":{"self":[{"href":"https:\/\/tvbrazilusa.com\/pt\/wp-json\/wp\/v2\/posts\/28263","targetHints":{"allow":["GET"]}}],"collection":[{"href":"https:\/\/tvbrazilusa.com\/pt\/wp-json\/wp\/v2\/posts"}],"about":[{"href":"https:\/\/tvbrazilusa.com\/pt\/wp-json\/wp\/v2\/types\/post"}],"author":[{"embeddable":true,"href":"https:\/\/tvbrazilusa.com\/pt\/wp-json\/wp\/v2\/users\/1"}],"replies":[{"embeddable":true,"href":"https:\/\/tvbrazilusa.com\/pt\/wp-json\/wp\/v2\/comments?post=28263"}],"version-history":[{"count":1,"href":"https:\/\/tvbrazilusa.com\/pt\/wp-json\/wp\/v2\/posts\/28263\/revisions"}],"predecessor-version":[{"id":28265,"href":"https:\/\/tvbrazilusa.com\/pt\/wp-json\/wp\/v2\/posts\/28263\/revisions\/28265"}],"wp:featuredmedia":[{"embeddable":true,"href":"https:\/\/tvbrazilusa.com\/pt\/wp-json\/wp\/v2\/media\/28264"}],"wp:attachment":[{"href":"https:\/\/tvbrazilusa.com\/pt\/wp-json\/wp\/v2\/media?parent=28263"}],"wp:term":[{"taxonomy":"category","embeddable":true,"href":"https:\/\/tvbrazilusa.com\/pt\/wp-json\/wp\/v2\/categories?post=28263"},{"taxonomy":"post_tag","embeddable":true,"href":"https:\/\/tvbrazilusa.com\/pt\/wp-json\/wp\/v2\/tags?post=28263"}],"curies":[{"name":"wp","href":"https:\/\/api.w.org\/{rel}","templated":true}]}}