{"id":28321,"date":"2024-08-25T21:25:59","date_gmt":"2024-08-25T21:25:59","guid":{"rendered":"https:\/\/tvbrazilusa.com\/2024\/08\/25\/trump-vetaria-legislacao-que-estabelece-proibicao-federal-ao-aborto-diz-vance-wsvn-7news-noticias-de-miami-clima-esportes-fort-lauderdale\/"},"modified":"2024-08-25T21:27:07","modified_gmt":"2024-08-25T21:27:07","slug":"trump-vetaria-legislacao-que-estabelece-proibicao-federal-ao-aborto-diz-vance-wsvn-7news-noticias-de-miami-clima-esportes-fort-lauderdale","status":"publish","type":"post","link":"https:\/\/tvbrazilusa.com\/pt\/2024\/08\/25\/trump-vetaria-legislacao-que-estabelece-proibicao-federal-ao-aborto-diz-vance-wsvn-7news-noticias-de-miami-clima-esportes-fort-lauderdale\/","title":{"rendered":"Trump vetaria legisla\u00e7\u00e3o que estabelece proibi\u00e7\u00e3o federal ao aborto, diz Vance &#8211; WSVN 7News | Not\u00edcias de Miami, Clima, Esportes | Fort Lauderdale"},"content":{"rendered":"<p> <script async src=\"https:\/\/pagead2.googlesyndication.com\/pagead\/js\/adsbygoogle.js?client=ca-pub-8864793242727901\"\r\n     crossorigin=\"anonymous\"><\/script><br \/>\n<\/p>\n<div itemprop=\"articleBody\">\n<p>NOVA YORK (AP) \u2014 O candidato republicano \u00e0 vice-presid\u00eancia, JD Vance, diz que Donald Trump n\u00e3o apoiaria uma proibi\u00e7\u00e3o nacional ao aborto se fosse eleito presidente e vetaria tal legisla\u00e7\u00e3o se ela chegasse \u00e0 sua mesa.<\/p>\n<p>\u201cEu posso absolutamente me comprometer com isso\u201d, disse Vance quando perguntado no \u201cMeet the Press\u201d da NBC se ele poderia se comprometer com Trump n\u00e3o impondo tal proibi\u00e7\u00e3o. \u201cA vis\u00e3o de Donald Trump \u00e9 que queremos que os estados individuais e suas culturas individuais e suas sensibilidades pol\u00edticas \u00fanicas tomem essas decis\u00f5es porque n\u00e3o queremos ter um conflito federal ininterrupto sobre essa quest\u00e3o.\u201d<\/p>\n<p>O senador de Ohio tamb\u00e9m insistiu que Trump, o ex-presidente que \u00e9 o candidato republicano este ano, vetaria tal legisla\u00e7\u00e3o se ela fosse aprovada pelo Congresso.<\/p>\n<p>\u201cQuero dizer, se voc\u00ea n\u00e3o apoia isso como presidente dos Estados Unidos, voc\u00ea fundamentalmente tem que vetar\u201d, disse ele em uma entrevista que foi ao ar no domingo.<\/p>\n<p>Os coment\u00e1rios de Vance foram feitos depois que os democratas passaram noite ap\u00f3s noite em sua conven\u00e7\u00e3o nacional em Chicago na semana passada atacando Trump por seu papel na nomea\u00e7\u00e3o dos ju\u00edzes da Suprema Corte que anularam Roe v. Wade, encerrando o direito constitucional ao aborto nos Estados Unidos e abrindo caminho para proibi\u00e7\u00f5es e restri\u00e7\u00f5es em estados liderados pelos republicanos.<\/p>\n<p>Mas os esfor\u00e7os para tentar neutralizar uma quest\u00e3o que os democratas esperam que galvanize os eleitores neste outono tamb\u00e9m correm o risco de alienar partes da base de Trump que se op\u00f5em aos direitos ao aborto.<\/p>\n<p>\u201cDeus tenha miseric\u00f3rdia desta na\u00e7\u00e3o se esta \u00e9 agora a posi\u00e7\u00e3o do que era o Partido Pr\u00f3-Vida\u201d, escreveu o presidente do Conselho de Pesquisa Familiar, Tony Perkins, em <a href=\"https:\/\/x.com\/tperkins\">uma postagem de domingo com link para uma hist\u00f3ria sobre os coment\u00e1rios de Vance<\/a>.<\/p>\n<p>Embora Trump tenha se gabado repetidamente de seu papel na derrubada de Roe, ele, nos \u00faltimos dias, rejeitou os avisos dos democratas de que ele iria ainda mais longe para restringir o acesso se ganhar um segundo mandato.<\/p>\n<p>\u201cMinha administra\u00e7\u00e3o ser\u00e1 \u00f3tima para as mulheres e seus direitos reprodutivos\u201d, ele escreveu na sexta-feira em sua plataforma Truth Social, apropriando-se da linguagem usada por ativistas dos direitos ao aborto e pela esquerda.<\/p>\n<p>Os seus coment\u00e1rios provocaram uma onda de <a href=\"https:\/\/x.com\/KristanHawkins\/status\/1827117919219654970\">cr\u00edticas de defensores antiaborto<\/a>incluindo o editor da conservadora National Review, que publicou <a href=\"https:\/\/www.nationalreview.com\/corner\/trumps-abandonment-of-pro-lifers-is-complete\/\">um artigo intitulado<\/a> \u201cO abandono dos pr\u00f3-vida por Trump \u00e9 completo.\u201d<\/p>\n<p>Trump repetiu sua afirma\u00e7\u00e3o horas depois em um evento em Las Vegas.<\/p>\n<p>\u201cSou muito forte nos direitos reprodutivos das mulheres. A FIV (fertiliza\u00e7\u00e3o in vitro), muito forte. Quero dizer, somos l\u00edderes nisso. E acho que as pessoas est\u00e3o vendo isso\u201d, ele disse aos rep\u00f3rteres.<\/p>\n<p>Os democratas responderam a Trump com profundo ceticismo.<\/p>\n<p>\u201cAs mulheres americanas n\u00e3o s\u00e3o est\u00fapidas e n\u00e3o vamos confiar o futuro de nossas filhas e netas a dois homens que se gabaram abertamente de bloquear o acesso ao aborto para mulheres em todo o pa\u00eds\u201d, disse a senadora de Massachusetts Elizabeth Warren \u00e0 NBC.<\/p>\n<p>O senador Lindsey Graham, RS.C., aliado de Trump, ignorou uma pergunta que questionava como Trump seria &#8220;\u00f3timo&#8221; em direitos reprodutivos.<\/p>\n<p>\u201cVoc\u00ea precisa perguntar a ele sobre isso. O que eu diria \u00e9 que o presidente Trump foi um presidente pr\u00f3-vida muito bom\u201d, ele disse ao \u201cState of the Union\u201d da CNN.<\/p>\n<p>\u201cA comunidade pr\u00f3-vida\u201d, disse Graham, \u201c\u00e9 organizada em torno do bem-estar da crian\u00e7a, dando \u00e0 m\u00e3e outras op\u00e7\u00f5es al\u00e9m do aborto\u201d. Graham disse que \u201cesse movimento continuar\u00e1 depois que ele se for\u201d.<\/p>\n<p>Trump sempre teve dificuldade para falar sobre aborto. Antes de entrar na pol\u00edtica, ele se descreveu como &#8220;muito pr\u00f3-escolha&#8221;. No in\u00edcio deste ano, ele lutou com sua posi\u00e7\u00e3o sobre uma proibi\u00e7\u00e3o federal do aborto, sugerindo em um ponto que ele apoiaria uma em torno de 15 semanas de gravidez, com exce\u00e7\u00f5es em casos de estupro, incesto e quando a vida da m\u00e3e est\u00e1 em risco. Ele ent\u00e3o decidiu sobre sua posi\u00e7\u00e3o atual: que as restri\u00e7\u00f5es devem ser deixadas para estados individuais.<\/p>\n<p>Trump n\u00e3o disse como planeja votar em uma pr\u00f3xima medida eleitoral sobre a proibi\u00e7\u00e3o de seis semanas na Fl\u00f3rida.<\/p>\n<p>Em uma entrevista com a CBS News no in\u00edcio da semana, Trump disse que n\u00e3o tinha &#8220;nenhum arrependimento&#8221; sobre seu papel na anula\u00e7\u00e3o de Roe v. Wade. Mas depois de meses de declara\u00e7\u00f5es confusas, ele disse que n\u00e3o usaria uma lei federal conhecida como Comstock Act para tentar proibir a distribui\u00e7\u00e3o de medicamentos usados \u200b\u200bcomo alternativa a abortos cir\u00fargicos. Isso \u00e9 algo que alguns de seus aliados pediram e que Vance apoiou no passado.<\/p>\n<p>\u201cN\u00f3s discutiremos detalhes espec\u00edficos, mas falando de modo geral, n\u00e3o\u201d, ele disse. \u201cEu n\u00e3o faria isso.\u201d<\/p>\n<p>\u201cVai estar dispon\u00edvel e est\u00e1 agora. E, pelo que sei, a Suprema Corte disse: &#8216;Continue do jeito que est\u00e1&#8217;. Vou aplicar e concordar com a Suprema Corte, mas basicamente eles disseram, mantenha do jeito que est\u00e1 agora\u201d, ele disse.<\/p>\n<p>O aborto tem sido um motivador poderoso para os democratas desde a decis\u00e3o Roe no ver\u00e3o de 2022, e o partido espera que ele continue a desempenhar um papel fundamental neste ano.<\/p>\n<p>No palco da conven\u00e7\u00e3o democrata, mulheres contaram hist\u00f3rias pessoais angustiantes sobre terem que levar gesta\u00e7\u00f5es invi\u00e1veis \u200b\u200bat\u00e9 o fim e terem sido negadas assist\u00eancia em caso de aborto espont\u00e2neo, colocando sua fertilidade futura em risco.<\/p>\n<p>\u201c\u00c9 isso que est\u00e1 acontecendo em nosso pa\u00eds por causa de Donald Trump. E entenda, ele n\u00e3o terminou\u201d, disse a vice-presidente Kamala Harris em seu discurso aceitando a nomea\u00e7\u00e3o de seu partido.<\/p>\n<p>Trump, que estava respondendo ao discurso em tempo real, insistiu falsamente que &#8220;todos, democratas, republicanos, liberais e conservadores, queriam que Roe v. Wade fosse TERMINADO e trazido de volta aos Estados Unidos&#8221;.<\/p>\n<p>\u201cEu n\u00e3o limito o acesso ao controle de natalidade ou \u00e0 fertiliza\u00e7\u00e3o in vitro \u2013 ISSO \u00c9 MENTIRA, essas s\u00e3o todas hist\u00f3rias falsas que ela est\u00e1 inventando\u201d, ele escreveu. \u201cEU CONFIO NAS MULHERES TAMB\u00c9M, E VOU MANT\u00ca-LAS SEGURAS!\u201d<\/p>\n<p><em>Copyright 2024 The Associated Press. Todos os direitos reservados. Este material n\u00e3o pode ser publicado, transmitido, reescrito ou redistribu\u00eddo.<\/em><\/p>\n<div class=\"wp-block-newsletter\">\n\t<strong class=\"wp-block-newsletter__title\">Inscreva-se em nossa Newsletter para receber as \u00faltimas not\u00edcias diretamente na sua caixa de entrada<\/strong><\/p>\n<\/div><\/div>\n<p><br \/>\n<br \/><a href=\"https:\/\/wsvn.com\/news\/politics\/trump-would-veto-legislation-establishing-a-federal-abortion-ban-vance-says\/\">Source link <\/a><\/p>","protected":false},"excerpt":{"rendered":"<p>NOVA YORK (AP) \u2014 O candidato republicano \u00e0 vice-presid\u00eancia, JD Vance, diz que Donald Trump n\u00e3o apoiaria uma proibi\u00e7\u00e3o nacional ao aborto se fosse eleito presidente e vetaria tal legisla\u00e7\u00e3o&hellip;<\/p>","protected":false},"author":1,"featured_media":28322,"comment_status":"closed","ping_status":"open","sticky":false,"template":"","format":"standard","meta":{"content-type":"","footnotes":""},"categories":[1],"tags":[],"class_list":["post-28321","post","type-post","status-publish","format-standard","has-post-thumbnail","hentry","category-uncategorized"],"_links":{"self":[{"href":"https:\/\/tvbrazilusa.com\/pt\/wp-json\/wp\/v2\/posts\/28321","targetHints":{"allow":["GET"]}}],"collection":[{"href":"https:\/\/tvbrazilusa.com\/pt\/wp-json\/wp\/v2\/posts"}],"about":[{"href":"https:\/\/tvbrazilusa.com\/pt\/wp-json\/wp\/v2\/types\/post"}],"author":[{"embeddable":true,"href":"https:\/\/tvbrazilusa.com\/pt\/wp-json\/wp\/v2\/users\/1"}],"replies":[{"embeddable":true,"href":"https:\/\/tvbrazilusa.com\/pt\/wp-json\/wp\/v2\/comments?post=28321"}],"version-history":[{"count":1,"href":"https:\/\/tvbrazilusa.com\/pt\/wp-json\/wp\/v2\/posts\/28321\/revisions"}],"predecessor-version":[{"id":28323,"href":"https:\/\/tvbrazilusa.com\/pt\/wp-json\/wp\/v2\/posts\/28321\/revisions\/28323"}],"wp:featuredmedia":[{"embeddable":true,"href":"https:\/\/tvbrazilusa.com\/pt\/wp-json\/wp\/v2\/media\/28322"}],"wp:attachment":[{"href":"https:\/\/tvbrazilusa.com\/pt\/wp-json\/wp\/v2\/media?parent=28321"}],"wp:term":[{"taxonomy":"category","embeddable":true,"href":"https:\/\/tvbrazilusa.com\/pt\/wp-json\/wp\/v2\/categories?post=28321"},{"taxonomy":"post_tag","embeddable":true,"href":"https:\/\/tvbrazilusa.com\/pt\/wp-json\/wp\/v2\/tags?post=28321"}],"curies":[{"name":"wp","href":"https:\/\/api.w.org\/{rel}","templated":true}]}}